{"id":2806,"date":"2025-02-17T16:55:08","date_gmt":"2025-02-17T15:55:08","guid":{"rendered":"https:\/\/monde25.info\/index.php\/2025\/02\/17\/5-terribles-consequences-du-budget-bayrou\/"},"modified":"2025-02-17T16:55:08","modified_gmt":"2025-02-17T15:55:08","slug":"5-terribles-consequences-du-budget-bayrou","status":"publish","type":"post","link":"https:\/\/monde25.info\/index.php\/2025\/02\/17\/5-terribles-consequences-du-budget-bayrou\/","title":{"rendered":"5 terribles cons\u00e9quences du budget Bayrou"},"content":{"rendered":"<p> <br \/>\n<\/p>\n<div>\n<h4><strong>Le 3 f\u00e9vrier dernier, le gouvernement Bayrou enclenchait deux 49.3 pour faire passer l\u2019un des budgets les plus aust\u00e9ritaires connus par le pays. Le Rassemblement national, les R\u00e9publicains et le Parti socialiste ont permis \u00e0 un ex\u00e9cutif largement minoritaire d\u2019imposer la continuit\u00e9 de leur politique en ne votant pas la censure port\u00e9e par la France insoumise, les \u00c9cologistes et le Parti communiste. D\u00e9cryptage.<\/strong><\/h4>\n<p><a target=\"_blank\" href=\"https:\/\/mrmondialisation.org\/medias-independants-contre-prives-la-guerre-info\/\">Avec la complicit\u00e9 des m\u00e9dias de masse,<\/a> le clan d\u2019Emmanuel Macron a tent\u00e9 de persuader que la France allait s\u2019effondrer sans un budget radicalement aust\u00e8re ; omettant\u00a0que <strong>l\u2019\u00c9tat s\u2019est dot\u00e9, depuis le 1<sup>er<\/sup> janvier 2025, d\u2019une loi sp\u00e9ciale reprenant les comptes pr\u00e9visionnels de l\u2019ann\u00e9e pr\u00e9c\u00e9dente pouvant tout \u00e0 fait \u00eatre ajust\u00e9s.<\/strong><\/p>\n<p>Le gouvernement a cependant choisi de volontairement <strong>envenimer la situation pour cr\u00e9er un certain nombre de menaces sur le pays et ainsi imposer son nouveau projet d\u2019aust\u00e9rit\u00e9.<\/strong> Gr\u00e2ce \u00e0 l\u2019appui de LR, du PS et du RN, il a donc pu atteindre son but. Et ce renoncement ne sera pas sans r\u00e9percussions : <strong>Mr Mondialisation vous pr\u00e9sente les 5 pires cons\u00e9quences du budget 2025 pour les Fran\u00e7ais.<\/strong><\/p>\n<h2><strong>1. Cure d\u2019aust\u00e9rit\u00e9 massive<\/strong><\/h2>\n<p>Affirmer que le budget 2025 sera <strong>l\u2019un des plus aust\u00e9ritaires jamais connus par la France depuis des d\u00e9cennies<\/strong> a tout de l\u2019euph\u00e9misme. En effet, par rapport \u00e0 l\u2019an dernier,<strong> l\u2019\u00c9tat va d\u00e9penser 30 milliards de moins dans le secteur public.<\/strong><\/p>\n<p>Pratiquement tous les domaines seront ainsi concern\u00e9s, notamment <strong><a target=\"_blank\" href=\"https:\/\/reporterre.net\/Adopte-par-49-3-le-budget-2025-est-un-desastre-pour-l-ecologie\">l\u2019\u00e9cologie<\/a>, avec 2,1 milliards en moins<\/strong> (on note par exemple une coupe majeure pour l\u2019aide \u00e0 l\u2019achat de v\u00e9hicule \u00e9lectrique pour le soutien aux \u00e9nergies renouvelables), <a target=\"_blank\" href=\"https:\/\/www.tf1info.fr\/immobilier\/ma-prime-renov-2025-dpe-coup-de-rabot-a-venir-comment-va-evoluer-cette-aide-de-l-etat-en-2025-2345798.html\">1,6 milliard en moins<\/a> pour le logement (<strong>les aides aux <a target=\"_blank\" href=\"https:\/\/reporterre.net\/Adopte-par-49-3-le-budget-2025-est-un-desastre-pour-l-ecologie\">r\u00e9novations thermiques<\/a> des logements vont s\u2019effondrer<\/strong> de 4\u00a0milliards d\u2019euros en 2024 \u00e0 2,3\u00a0milliards), et<strong> <a target=\"_blank\" href=\"https:\/\/www.lemonde.fr\/les-decodeurs\/article\/2025\/02\/05\/impots-taxes-enveloppes-en-baisse-ce-que-contient-finalement-le-budget-2025_6533445_4355770.html\">225 millions en moins<\/a> sur l\u2019enseignement<\/strong> (de multiples projets culturels ont d\u2019ailleurs <a target=\"_blank\" href=\"https:\/\/www.revolutionpermanente.fr\/Guerre-contre-la-jeunesse-Borne-gele-brutalement-le-budget-du-Pass-Culture\">d\u00e9j\u00e0 \u00e9t\u00e9 annul\u00e9s<\/a>).<\/p>\n<p><iframe loading=\"lazy\" title=\"NON-CENSURE : UN BUDGET ULTRA AUST\u00c9RITAIRE D\u00c9CHIRE LE NFP\" width=\"1110\" height=\"624\" src=\"https:\/\/www.youtube.com\/embed\/acMwNAkiYWs?feature=oembed\" frameborder=\"0\" allow=\"accelerometer; autoplay; clipboard-write; encrypted-media; gyroscope; picture-in-picture; web-share\" referrerpolicy=\"strict-origin-when-cross-origin\" allowfullscreen><\/iframe><\/p>\n<p><strong>Les collectivit\u00e9s territoriales, l\u2019aide m\u00e9dicale d\u2019\u00c9tat, la recherche, l\u2019enseignement sup\u00e9rieur, la culture, l\u2019aide au d\u00e9veloppement, l\u2019audiovisuel public, et le sport<\/strong> (malgr\u00e9 <a target=\"_blank\" href=\"https:\/\/www.lefigaro.fr\/sports\/jeux-olympiques\/vous-avez-raison-macron-repond-a-la-colere-des-sportifs-s-insurgeant-contre-la-baisse-annoncee-du-budget-des-sports-20250122\">les annonces<\/a> d\u2019Emmanuel Macron) seront \u00e9galement <a target=\"_blank\" href=\"https:\/\/www.lemonde.fr\/les-decodeurs\/article\/2025\/02\/05\/impots-taxes-enveloppes-en-baisse-ce-que-contient-finalement-le-budget-2025_6533445_4355770.html\">tous durement touch\u00e9s<\/a> par les r\u00e9ductions de budget. <strong>Seules les enveloppes de la D\u00e9fense, de l\u2019Int\u00e9rieur et de la Justice conna\u00eetront une hausse,<\/strong> <a target=\"_blank\" href=\"https:\/\/www.humanite.fr\/politique\/extreme-droite\/immigration-francois-bayrou-accredite-les-theses-de-lextreme-droite\">confirmant la drague<\/a> insistante de la Macronie envers l\u2019\u00e9lectorat de droite et d\u2019extr\u00eame droite.<\/p>\n<h2><strong>2. Hausse des tarifs de l\u2019\u00e9lectricit\u00e9<\/strong><\/h2>\n<p><strong>Dix millions de personnes verront bient\u00f4t <a target=\"_blank\" href=\"https:\/\/www.tf1info.fr\/conso\/verif-le-prix-de-l-electricite-va-t-il-augmenter-pour-10-millions-de-personnes-comme-dit-lfi-manuel-bompard-2349995.html\">leur facture d\u2019\u00e9lectricit\u00e9 augmenter<\/a>.<\/strong> Les victimes de cette nouvelle hausse seront cette fois-ci principalement ceux qui ont opt\u00e9 pour des revendeurs alternatifs, c\u2019est-\u00e0-dire ceux n\u00e9s apr\u00e8s la lib\u00e9ralisation du march\u00e9 et l\u2019ouverture \u00e0 la concurrence. Une usine \u00e0 gaz qui n\u2019a pour l\u2019instant abouti \u00e0 <a target=\"_blank\" href=\"https:\/\/mrmondialisation.org\/la-folie-neoliberale-fait-grimper-le-prix-de-lelectricite\/\">rien de probant<\/a>, bien au contraire.<\/p>\n<p><iframe loading=\"lazy\" title=\"\u00c9lectricit\u00e9 : le pire est \u00e0 venir ! - Maxime Laisney\" width=\"1110\" height=\"624\" src=\"https:\/\/www.youtube.com\/embed\/zqCboFyWX7Y?feature=oembed\" frameborder=\"0\" allow=\"accelerometer; autoplay; clipboard-write; encrypted-media; gyroscope; picture-in-picture; web-share\" referrerpolicy=\"strict-origin-when-cross-origin\" allowfullscreen><\/iframe><\/p>\n<p>Mais ce n\u2019est pas tout, puisque <strong>ce processus frappera en r\u00e9alit\u00e9 tous ceux qui n\u2019ont pas choisi le tarif r\u00e9glement\u00e9 de l\u2019\u00e9lectricit\u00e9, ce qui est \u00e9galement possible chez EDF et ENGIE,<\/strong> les fournisseurs historiques. Au total, ce sont 10 millions de foyers, soit 1 sur 3, qui seront touch\u00e9s. Et finalement, en 2026, <a target=\"_blank\" href=\"https:\/\/www.leparisien.fr\/economie\/une-nouvelle-flambee-a-venir-sur-les-factures-delectricite-en-2026-23-09-2024-TNCPO5XQCNB3FFTFG2BVZPBLO4.php\">tous les Fran\u00e7ais<\/a> devront \u00eatre impact\u00e9s.<\/p>\n<h2><strong>3. Agriculture : <\/strong><strong>500 millions en moins<\/strong><\/h2>\n<p>Alors que la France est largement s<strong>ecou\u00e9e ces derniers mois par des crises agricoles \u00e0 r\u00e9p\u00e9titions,<\/strong> mettant en lumi\u00e8re des<strong> <a target=\"_blank\" href=\"https:\/\/mrmondialisation.org\/agriculture-capitalisme-ecologie-revolte\/\">probl\u00e8mes structurels<\/a> inh\u00e9rents au capitalisme et au n\u00e9olib\u00e9ralisme,<\/strong> le gouvernement a pourtant choisi d\u2019investir encore un peu moins dans ce domaine.<\/p>\n<p><iframe loading=\"lazy\" title=\"Agriculture : in\u00e9galit\u00e9s et urgence climatique, comment aller vers des mod\u00e8les plus durables ?\" width=\"1110\" height=\"624\" src=\"https:\/\/www.youtube.com\/embed\/P_LWXxrkbaQ?feature=oembed\" frameborder=\"0\" allow=\"accelerometer; autoplay; clipboard-write; encrypted-media; gyroscope; picture-in-picture; web-share\" referrerpolicy=\"strict-origin-when-cross-origin\" allowfullscreen><\/iframe><\/p>\n<p>Ainsi, le secteur sera amput\u00e9 de <a target=\"_blank\" href=\"https:\/\/www.lemonde.fr\/politique\/article\/2025\/02\/06\/budget-2025-travail-aide-au-developpement-competitivite-les-grands-perdants-de-la-diminution-des-depenses-de-l-etat_6534842_823448.html\">503 millions d\u2019euros<\/a> en moins par rapport \u00e0 l\u2019ann\u00e9e pass\u00e9e. Pas de quoi redresser la barre pour une profession plus que jamais en berne. Et <strong>la situation aurait m\u00eame pu \u00eatre bien pire puisque l\u2019agence bio a <a target=\"_blank\" href=\"https:\/\/www.humanite.fr\/environnement\/agriculture\/le-gouvernement-ne-supprime-pas-lagence-bio-comment-la-ministre-de-lagriculture-a-fait-marche-arriere\">failli \u00eatre supprim\u00e9e<\/a>.<\/strong><\/p>\n<div class=\"td-a-rec td-a-rec-id-content_inline  tdi_1 td_block_template_1\">\n<span class=\"td-adspot-title\">&#8211; Pour une information libre ! &#8211;<\/span><a target=\"_blank\" href=\"https:\/\/fr.tipeee.com\/mr-mondialisation\" class=\"tipeee-project-small\">Soutenir Mr Japanization sur Tipeee<\/a>\n<\/div>\n<h2><strong>4. Baisse de la prime d\u2019activit\u00e9 et des APL<\/strong><\/h2>\n<p><strong>Les aides personnelles au logement qui soutiennent en particulier les \u00e9tudiants et les Fran\u00e7ais les plus pr\u00e9caires vont \u00e9galement \u00eatre rabot\u00e9es<\/strong> par ce nouveau budget. Le coordinateur de la France Insoumise, Manuel Bompard, citant un extrait du texte parlementaire, \u00e9voque ainsi <a target=\"_blank\" href=\"https:\/\/x.com\/mbompard\/status\/1886832617108201882\">une diminution<\/a> de \u00ab\u00a0300 millions d\u2019euros\u00a0\u00bb.<\/p>\n<p><iframe loading=\"lazy\" title=\"&quot;C&#039;EST PIRE QUE CELUI DE BARNIER !&quot; PORCHER D\u00c9ZINGUE LE BUDGET DU GOUVERNEMENT BAYROU\" width=\"1110\" height=\"624\" src=\"https:\/\/www.youtube.com\/embed\/czGDTFamchA?feature=oembed\" frameborder=\"0\" allow=\"accelerometer; autoplay; clipboard-write; encrypted-media; gyroscope; picture-in-picture; web-share\" referrerpolicy=\"strict-origin-when-cross-origin\" allowfullscreen><\/iframe><\/p>\n<p>En outre, <strong>la prime d\u2019activit\u00e9, charg\u00e9e d\u2019\u00e9pauler les travailleurs avec des revenus faibles,<\/strong> va elle aussi voir son portefeuille r\u00e9duit. La commission des finances du S\u00e9nat pr\u00e9voit ainsi que 200 millions d\u2019euros de moins seront allou\u00e9s \u00e0 cette cause cette ann\u00e9e.<\/p>\n<h2><strong>5. Baisse indemnisation maladie des fonctionnaires et hausse des mutuelles<\/strong><\/h2>\n<p>En ce qui concerne la sant\u00e9, enfin, <strong>au lieu de drastiquement augmenter le budget d\u2019un domaine qui en a terriblement besoin, l\u2019ex\u00e9cutif a choisi l\u00e0 aussi de diminuer les d\u00e9penses.<\/strong> Les arr\u00eats maladie des fonctionnaires, que l\u2019<a target=\"_blank\" href=\"https:\/\/mrmondialisation.org\/haine-fonctionnaires\/\">on ne cesse d\u2019attaquer<\/a>, <a target=\"_blank\" href=\"https:\/\/acteurspublics.fr\/articles\/budget-deputes-et-senateurs-valident-la-baisse-de-lindemnisation-des-arrets-maladie-des-fonctionnaires\">seront ainsi r\u00e9duits<\/a>.<\/p>\n<p><iframe loading=\"lazy\" title=\"Le &quot;fonctionnaire-bashing&quot;, une vieille obsession fran\u00e7aise\" width=\"1110\" height=\"624\" src=\"https:\/\/www.youtube.com\/embed\/TafaxCXjkwU?feature=oembed\" frameborder=\"0\" allow=\"accelerometer; autoplay; clipboard-write; encrypted-media; gyroscope; picture-in-picture; web-share\" referrerpolicy=\"strict-origin-when-cross-origin\" allowfullscreen><\/iframe><\/p>\n<p>Dans sa politique constante d\u2019offensives sur <a target=\"_blank\" href=\"https:\/\/mrmondialisation.org\/fin-securite-sociale\/\">la s\u00e9curit\u00e9 sociale<\/a>, au profit du secteur priv\u00e9, le gouvernement va donc \u00e9galement entra\u00eener <strong>la hausse du prix des mutuelles de sant\u00e9,<\/strong> notamment par le biais <a target=\"_blank\" href=\"https:\/\/www.lemonde.fr\/sante\/article\/2025\/02\/05\/taxe-sur-les-mutuelles-les-complementaires-sante-denoncent-un-tour-de-passe-passe_6532220_1651302.html\">d\u2019une taxe<\/a>. Une fa\u00e7on d\u2019encore et toujours <strong>poursuivre sa route <a target=\"_blank\" href=\"https:\/\/mrmondialisation.org\/la-privatisation-est-en-train-de-ruiner-le-bien-commun\/\">vers la privatisation<\/a> de nos services de sant\u00e9.<\/strong><\/p>\n<p><strong>Et pendant ce temps, les grandes fortunes dorment tranquilles.<\/strong><\/p>\n<p style=\"text-align: right;\"><em><strong>\u2013 Simon Verdi\u00e8re<\/strong><\/em><\/p>\n<hr\/>\n<p>Photo de couverture : Fran\u00e7ois Bayrou lors d\u2019un meeting en 2012. Wikimedia.<\/p>\n<div class=\"td-a-rec td-a-rec-id-content_bottom  tdi_2 td_block_template_1\">\n<span class=\"td-adspot-title\">&#8211; Cet article gratuit et ind\u00e9pendant existe gr\u00e2ce \u00e0 vous &#8211;<\/span><\/p>\n<div class=\"td-all-devices\">\n    <a target=\"_blank\" href=\"https:\/\/mrmondialisation.org\/donation\/\" title=\"Faire_un_don\"><img decoding=\"async\" class=\"donationArticle\" src=\"https:\/\/mrmondialisation.org\/wp-content\/uploads\/2022\/12\/220405-flikalicious-final.jpg\" alt=\"Donation\"\/><\/a>\n<\/div>\n<\/div><\/div>\n<p><br \/>\n<br \/><a href=\"https:\/\/mrmondialisation.org\/5-consequences-budget-bayrou-ps-rn\/\" target=\"_blank\"\">Source link <\/a><\/p>\n","protected":false},"excerpt":{"rendered":"<p>Le 3 f\u00e9vrier dernier, le gouvernement Bayrou enclenchait deux 49.3 pour faire passer l\u2019un des budgets les plus aust\u00e9ritaires connus par le pays. Le Rassemblement national, les R\u00e9publicains et le&hellip; <\/p>\n","protected":false},"author":1,"featured_media":2807,"comment_status":"open","ping_status":"open","sticky":false,"template":"","format":"standard","meta":{"footnotes":""},"categories":[1],"tags":[],"class_list":["post-2806","post","type-post","status-publish","format-standard","has-post-thumbnail","hentry","category-non-classe"],"_links":{"self":[{"href":"https:\/\/monde25.info\/index.php\/wp-json\/wp\/v2\/posts\/2806","targetHints":{"allow":["GET"]}}],"collection":[{"href":"https:\/\/monde25.info\/index.php\/wp-json\/wp\/v2\/posts"}],"about":[{"href":"https:\/\/monde25.info\/index.php\/wp-json\/wp\/v2\/types\/post"}],"author":[{"embeddable":true,"href":"https:\/\/monde25.info\/index.php\/wp-json\/wp\/v2\/users\/1"}],"replies":[{"embeddable":true,"href":"https:\/\/monde25.info\/index.php\/wp-json\/wp\/v2\/comments?post=2806"}],"version-history":[{"count":0,"href":"https:\/\/monde25.info\/index.php\/wp-json\/wp\/v2\/posts\/2806\/revisions"}],"wp:featuredmedia":[{"embeddable":true,"href":"https:\/\/monde25.info\/index.php\/wp-json\/wp\/v2\/media\/2807"}],"wp:attachment":[{"href":"https:\/\/monde25.info\/index.php\/wp-json\/wp\/v2\/media?parent=2806"}],"wp:term":[{"taxonomy":"category","embeddable":true,"href":"https:\/\/monde25.info\/index.php\/wp-json\/wp\/v2\/categories?post=2806"},{"taxonomy":"post_tag","embeddable":true,"href":"https:\/\/monde25.info\/index.php\/wp-json\/wp\/v2\/tags?post=2806"}],"curies":[{"name":"wp","href":"https:\/\/api.w.org\/{rel}","templated":true}]}}