{"id":281,"date":"2024-11-16T22:46:05","date_gmt":"2024-11-16T21:46:05","guid":{"rendered":"https:\/\/monde25.info\/index.php\/2024\/11\/16\/des-milliers-de-prisonniers-politiques-aux-portes-de-leurope\/"},"modified":"2024-11-16T22:46:05","modified_gmt":"2024-11-16T21:46:05","slug":"des-milliers-de-prisonniers-politiques-aux-portes-de-leurope","status":"publish","type":"post","link":"https:\/\/monde25.info\/index.php\/2024\/11\/16\/des-milliers-de-prisonniers-politiques-aux-portes-de-leurope\/","title":{"rendered":"des milliers de prisonniers politiques aux portes de l\u2019Europe"},"content":{"rendered":"<p> <br \/>\n<\/p>\n<div>\n<h4 align=\"LEFT\"><b>Depuis l\u2019arriv\u00e9e de <\/b><b><a target=\"_blank\" href=\"https:\/\/mrmondialisation.org\/turquie-erdogan-reelu-malgre-la-colere-de-lopposition\/\">Erdogan au pouvoir en 2002<\/a>, le nombre de personnes incarc\u00e9r\u00e9es dans les prisons turques a \u00e9t\u00e9 multipli\u00e9 par 6.<\/b> <b>Dans les centres p\u00e9nitentiaires, les droits humains sont syst\u00e9matiquement bafou\u00e9s, une strat\u00e9gie \u00e9tatique pour faire taire la r\u00e9sistance politique. Depuis Istanbul, une opposition s\u2019organise pour d\u00e9noncer cette r\u00e9pression. Reportage.<\/b><span id=\"more-688507\"\/><\/h4>\n<p align=\"LEFT\">Des dizaines de visiteurs se pressent dans les anciens quartiers grecs et arm\u00e9niens d\u2019une Istanbul cosmopolite, <b>combien ont en t\u00eate que depuis plus de 20 ans, le pays est dirig\u00e9 par un parti musulman ultraconservateur qui soumet l\u2019opposition \u00e0 une r\u00e9pression f\u00e9roce ? <\/b>Une situation qui contraint de nombreux militants \u00e0 l\u2019exil, quand d\u2019autres d\u00e9cident de rester. <strong>\u00c0 partir de leurs t\u00e9moignages, voici la r\u00e9alit\u00e9 des prisons turques.\u00a0<\/strong><\/p>\n<figure id=\"attachment_688516\" aria-describedby=\"caption-attachment-688516\" style=\"width: 1024px\" class=\"wp-caption alignnone\"><img fetchpriority=\"high\" decoding=\"async\" class=\"size-full wp-image-688516\" src=\"https:\/\/mrmondialisation.org\/wp-content\/uploads\/2024\/11\/1024px-historical-peninsula-and-modern-skyline-of-istanbul.jpg\" alt=\"\" width=\"1024\" height=\"495\" srcset=\"https:\/\/mrmondialisation.org\/wp-content\/uploads\/2024\/11\/1024px-historical-peninsula-and-modern-skyline-of-istanbul.jpg 1024w, https:\/\/mrmondialisation.org\/wp-content\/uploads\/2024\/11\/1024px-historical-peninsula-and-modern-skyline-of-istanbul-768x371.jpg 768w, https:\/\/mrmondialisation.org\/wp-content\/uploads\/2024\/11\/1024px-historical-peninsula-and-modern-skyline-of-istanbul-696x336.jpg 696w, https:\/\/mrmondialisation.org\/wp-content\/uploads\/2024\/11\/1024px-historical-peninsula-and-modern-skyline-of-istanbul-869x420.jpg 869w\" sizes=\"(max-width: 1024px) 100vw, 1024px\"\/><figcaption id=\"caption-attachment-688516\" class=\"wp-caption-text\">Vue a\u00e9rienne de la p\u00e9ninsule historique et de la ligne d\u2019horizon moderne d\u2019Istanbul. Wikimedia<\/figcaption><\/figure>\n<h2 align=\"LEFT\"><strong><span style=\"font-family: Verdana, BlinkMacSystemFont, -apple-system, 'Segoe UI', Roboto, Oxygen, Ubuntu, Cantarell, 'Open Sans', 'Helvetica Neue', sans-serif;\">Un emprisonnement de masse<\/span><\/strong><\/h2>\n<p><strong>\u00c0 Istanbul, le 6 et 7 octobre 2024,<\/strong> le Dem Parti (Parti de l\u2019\u00c9galit\u00e9 et de la D\u00e9mocratie des Peuples) \u2013 parti d\u2019opposition au AKP (Parti de la justice et du d\u00e9veloppement) d\u2019Erdogan \u2013 a invit\u00e9 une poign\u00e9e d\u2019associations, de docteurs et de psychoth\u00e9rapeutes d\u2019Europe de l\u2019Ouest pour \u00e9voquer les conditions de d\u00e9tention en Turquie. En 2024, le pays compte plus de <a target=\"_blank\" href=\"https:\/\/prisonstudies.org\/country\/turkey\">362 000 d\u00e9tenus dans ses 403 prisons<\/a>, alors qu\u2019ils n\u2019\u00e9taient que 58 000 en 2001. <strong>Un taux d\u2019incarc\u00e9ration de 4,2 pour 1 000 habitants<\/strong>, contre 1,1 pour 1 000 en France.<\/p>\n<p align=\"LEFT\"><strong><em>\u00ab Il y a des gens en prison pour n\u2019importe quelle raison \u00bb<\/em>\u00a0<\/strong>explique un des repr\u00e9sentants de l\u2019association des droits humains.<\/p>\n<blockquote>\n<p style=\"text-align: center;\" align=\"LEFT\"><strong><em>\u201cLes prisons sont un miroir du gouvernement, leur but est de marginaliser une certaine cat\u00e9gorie de la population\u201d<\/em>.<\/strong><\/p>\n<\/blockquote>\n<p align=\"LEFT\"><b>Participer \u00e0 une manifestation, <a target=\"_blank\" href=\"https:\/\/mrmondialisation.org\/turquie-la-repression-contre-les-kurdes-touche-majoritairement-les-civils\/\">revendiquer son identit\u00e9 culturelle kurde<\/a> ou des id\u00e9es progressistes, <\/b>voil\u00e0 de quoi sont coupables une bonne partie des personnes incarc\u00e9r\u00e9es.<\/p>\n<p align=\"LEFT\"><strong>Certains proches de prisonniers sont eux-m\u00eames incarc\u00e9r\u00e9s pour \u00ab <em>soutien au terrorisme \u00bb<\/em>\u00a0<\/strong>et il est arriv\u00e9 que des familles soient arr\u00eat\u00e9es en portant en terre le cercueil de d\u00e9tenus d\u00e9c\u00e9d\u00e9s. <strong>\u00ab<\/strong> <em><b>C\u2019est une tentative d\u2019isoler les prisonniers \u00bb<\/b><\/em>\u00a0explique un membre d\u2019une association d\u2019avocats progressistes.<\/p>\n<h2 align=\"LEFT\"><strong>Des droits humains syst\u00e9matiquement bafou\u00e9s<\/strong><\/h2>\n<p align=\"LEFT\">En 2015, l\u2019ONU a \u00e9dict\u00e9 <a target=\"_blank\" href=\"https:\/\/www.unodc.org\/documents\/justice-and-prison-reform\/Nelson_Mandela_Rules-E-ebook.pdf\"><strong>un ensemble de r\u00e8gles minima pour le traitement des d\u00e9tenus<\/strong><\/a> (aussi connues sous le nom de <b>r\u00e8gles Nelson Mandela<\/b>). <a target=\"_blank\" href=\"https:\/\/stockholmcf.org\/torture-inhuman-treatment-and-conditions-in-turkish-prisons-2022-in-review\/\">Des normes bien loin d\u2019\u00eatre respect\u00e9es en Turquie<\/a>.<\/p>\n<p align=\"LEFT\"><b>Morts suspectes, tortures, insultes et menaces, probl\u00e8mes d\u2019acc\u00e8s \u00e0 l\u2019eau potable, nourriture insuffisante et de mauvaise qualit\u00e9, manque d\u2019a\u00e9ration, cellules surpeupl\u00e9es obligeant les d\u00e9tenus \u00e0 dormir par terre, restriction des courriers, de l\u2019acc\u00e8s aux journaux, aux livres, \u00e0 la t\u00e9l\u00e9vision, \u00e0 la radio, transferts dans des prisons loin de la famille pour limiter les possibilit\u00e9s de visite\u2026<\/b> les exemples sont nombreux, r\u00e9v\u00e9lant l\u2019aspect syst\u00e9mique des violations des droits des prisonniers.<\/p>\n<p align=\"LEFT\"><strong>Les sanctions sont arbitraires,<\/strong> notamment la possibilit\u00e9 de lib\u00e9ration pour bonne conduite est laiss\u00e9e \u00e0 la libre appr\u00e9ciation de l\u2019administration carc\u00e9rale, et refus\u00e9e aux prisonniers politiques. Lesquels peuvent m\u00eame voir <b>leur peine prolong\u00e9e de 6 mois \u00e0 <\/b><strong>un an sans passage devant un tribunal.<\/strong><\/p>\n<p><iframe loading=\"lazy\" title=\"Turquie : l\u2019enqu\u00eate interdite\" width=\"1110\" height=\"624\" src=\"https:\/\/www.youtube.com\/embed\/wNCjE63FL3Y?feature=oembed\" frameborder=\"0\" allow=\"accelerometer; autoplay; clipboard-write; encrypted-media; gyroscope; picture-in-picture; web-share\" referrerpolicy=\"strict-origin-when-cross-origin\" allowfullscreen><\/iframe><\/p>\n<h2 align=\"LEFT\"><strong>Interdiction d\u2019\u00eatre malade<\/strong><\/h2>\n<p align=\"LEFT\">La situation des prisonniers malades ou \u00e2g\u00e9s est tout particuli\u00e8rement source d\u2019inqui\u00e9tude pour les associations de familles. <strong>L\u2019acc\u00e8s aux rendez-vous m\u00e9dicaux, aux examens, aux m\u00e9dicaments, aux r\u00e9gimes alimentaires sp\u00e9ciaux etc. rel\u00e8ve du parcours du combattant.<\/strong> Soumis au bon vouloir de l\u2019administration p\u00e9nitentiaire, <b>les d\u00e9lais d\u2019attente peuvent se compter en mois<\/b>.<\/p>\n<div class=\"td-a-rec td-a-rec-id-content_inlineright  tdi_1 td_block_template_1\">\n<span class=\"td-adspot-title\">&#8211; Pour une information libre ! &#8211;<\/span><a target=\"_blank\" href=\"https:\/\/fr.tipeee.com\/mr-mondialisation\" class=\"tipeee-project-small\">Soutenir Mr Japanization sur Tipeee<\/a>\n<\/div>\n<p align=\"LEFT\">Les transferts vers les h\u00f4pitaux se font dans des <strong>v\u00e9hicules mal ventil\u00e9s<\/strong> et les prisonniers y <strong>attendent dans les sous-sols, souvent \u00e0 c\u00f4t\u00e9 de la morgue<\/strong>. Les gardiens restent pr\u00e9sents lors des examens m\u00e9dicaux, y compris gyn\u00e9cologiques. <b>Cela conduit de nombreux prisonniers \u00e0 renoncer aux soins.<\/b><\/p>\n<hr\/>\n<p align=\"LEFT\"><a target=\"_blank\" href=\"https:\/\/fr.tipeee.com\/mr-mondialisation\"><strong>Gratuit, sans subvention et ind\u00e9pendant depuis 10 ans, nous avons besoin de vous pour continuer ce travail en 2024. Sens-toi libre d\u2019activer un abonnement volontaire sur ce lien en offrant un th\u00e9 \u00e0 l\u2019\u00e9quipe. Merci infiniment.<\/strong><\/a><\/p>\n<hr\/>\n<p align=\"LEFT\">La plupart du temps, ce sont <b>les cod\u00e9tenus qui assistent le quotidien des prisonniers les plus fragilis\u00e9s<\/b>. Des demandes de lib\u00e9ration pour raison m\u00e9dicale peuvent \u00eatre faites mais restent soumises \u00e0 l\u2019approbation de l\u2019administration p\u00e9nitentiaires. En pratique, elles sont souvent refus\u00e9es au <strong>d\u00e9tenus politiques, qui meurent parfois sans que la famille ne soit autoris\u00e9e \u00e0 venir faire un dernier adieu.<\/strong><\/p>\n<h2 align=\"LEFT\"><strong>\u00catre une femme dans les prisons turques<\/strong><\/h2>\n<p align=\"LEFT\">D\u2019apr\u00e8s H., une militante kurde qui a \u00e9t\u00e9 emprisonn\u00e9e de ses 20 \u00e0 ses 34 ans, <b>certaines femmes sont viol\u00e9es ou menac\u00e9es de viol apr\u00e8s avoir \u00e9t\u00e9 arr\u00eat\u00e9es<\/b>. Le harc\u00e8lement sexuel est \u00e9galement monnaie courante.<\/p>\n<p align=\"LEFT\">V., qui a \u00e9t\u00e9 incarc\u00e9r\u00e9e pendant plusieurs ann\u00e9es, explique qu\u2019elle et ses cod\u00e9tenues essayaient \u00ab <em>de se rapprocher des gardiennes avec des valeurs humanistes. <b>Mais nous ne faisions face qu\u2019\u00e0 du nationalisme et du racisme \u00bb<\/b>.<\/em><\/p>\n<blockquote>\n<p style=\"text-align: center;\" align=\"LEFT\"><strong>\u201cBien que ces femmes soient des musulmanes conservatrices, elles nous for\u00e7aient \u00e0 nous d\u00e9nuder compl\u00e8tement pour les fouilles corporelles. C\u2019est interdit par l\u2019islam, car le corps de la femme est vu comme priv\u00e9. Mais elles nous voyaient comme des h\u00e9r\u00e9tiques, donc elles pouvaient faire n\u2019importe quoi avec nous. C\u2019\u00e9tait comme une comp\u00e9tition entre elles, un concours de celle qui appliquerait les traitements les plus humiliants.\u201d<\/strong><\/p>\n<\/blockquote>\n<h2 align=\"LEFT\"><strong>L\u2019\u00eele d\u2019Imrali et les prisons \u00ab type F \u00bb<\/strong><\/h2>\n<p align=\"LEFT\">Les prisons de type F, qui permettent une <strong>mise \u00e0 l\u2019isolement des d\u00e9tenus politiques<\/strong>, se sont multipli\u00e9es au cours des derni\u00e8res ann\u00e9es en Turquie. Leur mod\u00e8le est <b>l\u2019\u00eele d\u2019Imrali<\/b>, o\u00f9 <strong>Abdullah \u00d6calan, le leader du PKK (Parti des Travailleurs du Kurdistan), est emprisonn\u00e9 depuis 25 ans<\/strong>. Bien que <strong>certains pays europ\u00e9ens consid\u00e8rent toujours le PKK comme une organisation terroriste,<\/strong> du fait des pressions politiques du gouvernement turc, <a target=\"_blank\" href=\"https:\/\/www.prakkendoliveira.nl\/en\/news\/2018\/european-court-decisions-placing-the-pkk-on-the-list-of-terrorist-organizations-annulled\"><b>cette appellation a \u00e9t\u00e9 rejet\u00e9e en 2018 par la Cour Europ\u00e9enne<\/b><\/a>.<\/p>\n<figure id=\"attachment_688515\" aria-describedby=\"caption-attachment-688515\" style=\"width: 1024px\" class=\"wp-caption alignnone\"><img loading=\"lazy\" decoding=\"async\" class=\"wp-image-688515\" src=\"https:\/\/mrmondialisation.org\/wp-content\/uploads\/2024\/11\/46565574742-47bf036abd-c.jpg\" alt=\"\" width=\"1024\" height=\"683\" srcset=\"https:\/\/mrmondialisation.org\/wp-content\/uploads\/2024\/11\/46565574742-47bf036abd-c.jpg 799w, https:\/\/mrmondialisation.org\/wp-content\/uploads\/2024\/11\/46565574742-47bf036abd-c-768x512.jpg 768w, https:\/\/mrmondialisation.org\/wp-content\/uploads\/2024\/11\/46565574742-47bf036abd-c-696x464.jpg 696w, https:\/\/mrmondialisation.org\/wp-content\/uploads\/2024\/11\/46565574742-47bf036abd-c-630x420.jpg 630w\" sizes=\"auto, (max-width: 1024px) 100vw, 1024px\"\/><figcaption id=\"caption-attachment-688515\" class=\"wp-caption-text\">Manifestation kurde en d\u00e9cembre 2018 sur le vieux port \u00e0 Marseille. Flickr<\/figcaption><\/figure>\n<p align=\"LEFT\">Entre mars 2021 et octobre 2024, <strong>aucune communication entre les d\u00e9tenus de l\u2019\u00eele d\u2019Imrali et l\u2019ext\u00e9rieur n\u2019a \u00e9t\u00e9 possible, que ce soit avec les avocats ou la famille<\/strong>. Les prisonniers peuvent aussi \u00eatre emp\u00each\u00e9s d\u2019avoir des contacts entre eux. <b>Le Comit\u00e9 pour la Pr\u00e9vention de la <\/b><b>Torture (CPT) du Conseil de l\u2019Europe consid\u00e8re que l\u2019isolement est contraire aux droits <\/b><b>humains.<\/b><\/p>\n<p align=\"LEFT\">En effet, il peut \u00eatre \u00e0 l\u2019origine de <b>troubles mentaux graves<\/b> : manque de concentration, anxi\u00e9t\u00e9, troubles du sommeil, probl\u00e8me de communication et m\u00eame hallucinations, du fait du manque de stimuli externe que le cerveau remplace par des stimuli internes. <b>Les suicides<\/b> sont plus fr\u00e9quents parmi les prisonniers en isolement, mais \u00e9galement <b>les maladies physiques comme les troubles musculo-squelettiques, les infections et les cancers.<\/b><\/p>\n<h2 align=\"LEFT\"><strong>R\u00e9pression politique : la complicit\u00e9 europ\u00e9enne.<\/strong><\/h2>\n<p align=\"LEFT\"><a target=\"_blank\" href=\"https:\/\/information.tv5monde.com\/international\/turquie-ue-les-questions-que-pose-laccord-sur-les-migrants-24624\">Depuis 2016, l\u2019Union europ\u00e9enne renvoie des r\u00e9fugi\u00e9s depuis la Gr\u00e8ce vers la Turquie<\/a>. <b>L\u2019UE finance m\u00eame \u00e0 hauteur de plusieurs centaines de millions d\u2019euros des \u00ab <em>camps de r\u00e9fugi\u00e9s \u00bb<\/em><\/b>\u00a0vers lesquels <a target=\"_blank\" href=\"https:\/\/www.lighthousereports.com\/investigation\/turkeys-eu-funded-deportation-machine\/\">ont \u00e9t\u00e9 d\u00e9port\u00e9s des centaines de milliers d\u2019Afghans et de Syriens<\/a>, avant d\u2019\u00eatre parfois \u00e0 nouveau d\u00e9port\u00e9s vers leurs pays. Des camps dans lesquels mauvais traitements et tortures sont la norme.<\/p>\n<p align=\"LEFT\">Consid\u00e9rer la Turquie comme un \u00ab pays s\u00fbr \u00bb, cela implique aussi qu\u2019il est possible de renvoyer, selon la m\u00eame logique, les r\u00e9fugi\u00e9s politiques turcs. Ainsi, en avril 2024, pour la premi\u00e8re fois, <a target=\"_blank\" href=\"https:\/\/www.rfi.fr\/fr\/moyen-orient\/20241018-des-militants-kurdes-ont-ils-servi-de-monnaie-d-%C3%A9change-entre-la-france-et-la-turquie\"><b>la France a expuls\u00e9s 3 r\u00e9fugi\u00e9s politiques kurdes vers la Turquie,<\/b><\/a> dont l\u2019un de mani\u00e8re ill\u00e9gale. <strong>Ils ont \u00e9t\u00e9 imm\u00e9diatement incarc\u00e9r\u00e9s par Ankara.<\/strong><\/p>\n<figure id=\"attachment_688517\" aria-describedby=\"caption-attachment-688517\" style=\"width: 1024px\" class=\"wp-caption alignnone\"><img loading=\"lazy\" decoding=\"async\" class=\"size-medium wp-image-688517\" src=\"https:\/\/mrmondialisation.org\/wp-content\/uploads\/2024\/11\/nato-summit-vilniusp061598-880399-1024x683.jpg\" alt=\"\" width=\"1024\" height=\"683\" srcset=\"https:\/\/mrmondialisation.org\/wp-content\/uploads\/2024\/11\/nato-summit-vilniusp061598-880399-1024x683.jpg 1024w, https:\/\/mrmondialisation.org\/wp-content\/uploads\/2024\/11\/nato-summit-vilniusp061598-880399-1524x1016.jpg 1524w, https:\/\/mrmondialisation.org\/wp-content\/uploads\/2024\/11\/nato-summit-vilniusp061598-880399-768x512.jpg 768w, https:\/\/mrmondialisation.org\/wp-content\/uploads\/2024\/11\/nato-summit-vilniusp061598-880399-1536x1024.jpg 1536w, https:\/\/mrmondialisation.org\/wp-content\/uploads\/2024\/11\/nato-summit-vilniusp061598-880399-2048x1365.jpg 2048w, https:\/\/mrmondialisation.org\/wp-content\/uploads\/2024\/11\/nato-summit-vilniusp061598-880399-696x464.jpg 696w, https:\/\/mrmondialisation.org\/wp-content\/uploads\/2024\/11\/nato-summit-vilniusp061598-880399-1068x712.jpg 1068w, https:\/\/mrmondialisation.org\/wp-content\/uploads\/2024\/11\/nato-summit-vilniusp061598-880399-630x420.jpg 630w\" sizes=\"auto, (max-width: 1024px) 100vw, 1024px\"\/><figcaption id=\"caption-attachment-688517\" class=\"wp-caption-text\">Participation d\u2019Ursula von der Leyen, pr\u00e9sidente de la Commission europ\u00e9enne, avec le pr\u00e9sident turque, Recep Tayyip Erdogan, au sommet de l\u2019OTAN \u00e0 Vilnius. Juillet 2023. Wikimedia.<\/figcaption><\/figure>\n<h2 align=\"LEFT\"><strong>R\u00e9sister de l\u2019int\u00e9rieur<\/strong><\/h2>\n<p align=\"LEFT\">Les anciens prisonniers racontent comment, <a target=\"_blank\" href=\"https:\/\/mrmondialisation.org\/dans-les-yeux-de-gunsel-opposante-kurde-a-erdogan\/\">avec l\u2019incarc\u00e9ration massive de militants, notamment kurdes<\/a>, une <strong>culture de la r\u00e9sistance politique se forme derri\u00e8re les barreaux<\/strong>. Frapper contre les portes, crier des slogans, commencer une gr\u00e8ve de la faim, <strong>de nombreuses strat\u00e9gies ont \u00e9t\u00e9 \u00e9prouv\u00e9es.<\/strong><\/p>\n<p align=\"LEFT\"><b>Pour r\u00e9sister psychologiquement<\/b><strong>, les d\u00e9tenus se plongent dans la lecture, l\u2019\u00e9criture, le dessin, l\u2019apprentissage de l\u2019anglais\u2026 et la<\/strong> <b>solidarit\u00e9<\/b>. \u00ab <em>Nous mettions l\u2019argent en commun [pour acheter de la nourriture en plus, du mat\u00e9riel de m\u00e9nage ou d\u2019hygi\u00e8ne, etc. qui ne sont pas fournis gratuitement par l\u2019administration] \u00bb <\/em>explique un ancien prisonnier. <strong>Dans les prisons pour femmes, les d\u00e9tenues prenaient soin des enfants ensemble.<\/strong> \u00ab <em>Je me souviens que nous avions cr\u00e9\u00e9 une sorte de petite voiture avec des boites \u00bb<\/em>\u00a0raconte S., avocate et ancienne prisonni\u00e8re politique.<\/p>\n<figure id=\"attachment_688519\" aria-describedby=\"caption-attachment-688519\" style=\"width: 1024px\" class=\"wp-caption alignnone\"><img loading=\"lazy\" decoding=\"async\" class=\"size-full wp-image-688519\" src=\"https:\/\/mrmondialisation.org\/wp-content\/uploads\/2024\/11\/imrali-prison.jpg\" alt=\"\" width=\"1024\" height=\"695\" srcset=\"https:\/\/mrmondialisation.org\/wp-content\/uploads\/2024\/11\/imrali-prison.jpg 1024w, https:\/\/mrmondialisation.org\/wp-content\/uploads\/2024\/11\/imrali-prison-768x521.jpg 768w, https:\/\/mrmondialisation.org\/wp-content\/uploads\/2024\/11\/imrali-prison-696x472.jpg 696w, https:\/\/mrmondialisation.org\/wp-content\/uploads\/2024\/11\/imrali-prison-619x420.jpg 619w\" sizes=\"auto, (max-width: 1024px) 100vw, 1024px\"\/><figcaption id=\"caption-attachment-688519\" class=\"wp-caption-text\">Prison d\u2019Imrali. Wikimedia.<\/figcaption><\/figure>\n<h2 align=\"LEFT\"><strong>La vie apr\u00e8s la prison<\/strong><\/h2>\n<p align=\"LEFT\">Quand S. a \u00e9t\u00e9 lib\u00e9r\u00e9e, elle se souvient qu\u2019elle se sentait perdue et ne savait pas o\u00f9 aller. \u00ab <em><strong>Parfois ils lib\u00e8rent les gens \u00e0 minuit, sans m\u00eame appeler les familles ! \u00bb <\/strong><\/em>ajoute-t-elle. \u00ab <em>Je me suis rendue compte que j\u2019\u00e9tais devenue tr\u00e8s sensible aux odeurs, aux bruits\u2026 \u00bb<\/em><\/p>\n<p align=\"LEFT\"><em>\u00ab Quand vous avez \u00e9t\u00e9 tant de temps avec une ou deux personnes dans une cellule, se retrouver dans un endroit bond\u00e9 est un peu effrayant \u00bb<\/em>\u00a0souligne A., ancien prisonnier. <b>Au cours de ses 30 ans d\u2019incarc\u00e9ration, la soci\u00e9t\u00e9 a \u00e9volu\u00e9e et l\u2019adaptation <\/b><span style=\"text-decoration: line-through;\"><b>\u2013<\/b><\/span><b>notamment au t\u00e9l\u00e9phone portable \u2013 n\u2019a rien d\u2019une \u00e9vidence.<\/b><b> <\/b><\/p>\n<p align=\"LEFT\">Cependant, A. conclut avec une note optimiste :<\/p>\n<blockquote>\n<p style=\"text-align: center;\" align=\"LEFT\"><strong><em>\u201cMaintenant, il y a des associations, des partis politiques\u2026 Aujourd\u2019hui, il y a plus d\u2019opportunit\u00e9s que dans les ann\u00e9es 1990 de continuer la lutte, \u00e0 la fois en Turquie et au Rojava.\u201d<\/em><\/strong><\/p>\n<\/blockquote>\n<p style=\"text-align: right;\" align=\"LEFT\"><strong><em>\u2013 Camille Durant<\/em><\/strong><\/p>\n<hr\/>\n<p align=\"LEFT\">Photo de couverture : <a target=\"_blank\" href=\"https:\/\/commons.wikimedia.org\/wiki\/File:Diyarbak%C4%B1r_Cezaevi_VOA_01.jpg\">Wikimedia<\/a><\/p>\n<div class=\"td-a-rec td-a-rec-id-content_bottom  tdi_2 td_block_template_1\">\n<span class=\"td-adspot-title\">&#8211; Cet article gratuit et ind\u00e9pendant existe gr\u00e2ce \u00e0 vous &#8211;<\/span><\/p>\n<div class=\"td-all-devices\">\n    <a target=\"_blank\" href=\"https:\/\/mrmondialisation.org\/donation\/\" title=\"Faire_un_don\"><img decoding=\"async\" class=\"donationArticle\" src=\"https:\/\/mrmondialisation.org\/wp-content\/uploads\/2022\/12\/220405-flikalicious-final.jpg\" alt=\"Donation\"\/><\/a>\n<\/div>\n<\/div><\/div>\n<p><br \/>\n<br \/><a href=\"https:\/\/mrmondialisation.org\/turquie-des-milliers-de-prisonniers-politiques-aux-portes-de-leurope\/\" target=\"_blank\"\">Source link <\/a><\/p>\n","protected":false},"excerpt":{"rendered":"<p>Depuis l\u2019arriv\u00e9e de Erdogan au pouvoir en 2002, le nombre de personnes incarc\u00e9r\u00e9es dans les prisons turques a \u00e9t\u00e9 multipli\u00e9 par 6. Dans les centres p\u00e9nitentiaires, les droits humains sont&hellip; <\/p>\n","protected":false},"author":1,"featured_media":282,"comment_status":"open","ping_status":"open","sticky":false,"template":"","format":"standard","meta":{"footnotes":""},"categories":[1],"tags":[],"class_list":["post-281","post","type-post","status-publish","format-standard","has-post-thumbnail","hentry","category-non-classe"],"_links":{"self":[{"href":"https:\/\/monde25.info\/index.php\/wp-json\/wp\/v2\/posts\/281","targetHints":{"allow":["GET"]}}],"collection":[{"href":"https:\/\/monde25.info\/index.php\/wp-json\/wp\/v2\/posts"}],"about":[{"href":"https:\/\/monde25.info\/index.php\/wp-json\/wp\/v2\/types\/post"}],"author":[{"embeddable":true,"href":"https:\/\/monde25.info\/index.php\/wp-json\/wp\/v2\/users\/1"}],"replies":[{"embeddable":true,"href":"https:\/\/monde25.info\/index.php\/wp-json\/wp\/v2\/comments?post=281"}],"version-history":[{"count":0,"href":"https:\/\/monde25.info\/index.php\/wp-json\/wp\/v2\/posts\/281\/revisions"}],"wp:featuredmedia":[{"embeddable":true,"href":"https:\/\/monde25.info\/index.php\/wp-json\/wp\/v2\/media\/282"}],"wp:attachment":[{"href":"https:\/\/monde25.info\/index.php\/wp-json\/wp\/v2\/media?parent=281"}],"wp:term":[{"taxonomy":"category","embeddable":true,"href":"https:\/\/monde25.info\/index.php\/wp-json\/wp\/v2\/categories?post=281"},{"taxonomy":"post_tag","embeddable":true,"href":"https:\/\/monde25.info\/index.php\/wp-json\/wp\/v2\/tags?post=281"}],"curies":[{"name":"wp","href":"https:\/\/api.w.org\/{rel}","templated":true}]}}