{"id":2820,"date":"2025-02-17T20:50:17","date_gmt":"2025-02-17T19:50:17","guid":{"rendered":"https:\/\/monde25.info\/index.php\/2025\/02\/17\/les-verts-moteur-du-militarisme-allemand-par-fabian-scheidler-le-monde-diplomatique-fevrier-2025\/"},"modified":"2025-02-17T20:50:17","modified_gmt":"2025-02-17T19:50:17","slug":"les-verts-moteur-du-militarisme-allemand-par-fabian-scheidler-le-monde-diplomatique-fevrier-2025","status":"publish","type":"post","link":"https:\/\/monde25.info\/index.php\/2025\/02\/17\/les-verts-moteur-du-militarisme-allemand-par-fabian-scheidler-le-monde-diplomatique-fevrier-2025\/","title":{"rendered":"Les Verts, moteur du militarisme allemand, par Fabian Scheidler (Le Monde diplomatique, f\u00e9vrier 2025)"},"content":{"rendered":"<p> <br \/>\n<\/p>\n<div>\n<p>R\u00e9cession \u00e9conomique, mont\u00e9e de l\u2019extr\u00eame droite, politique \u00e9trang\u00e8re erratique\u00a0: l\u2019Allemagne aborde les \u00e9lections l\u00e9gislatives anticip\u00e9es du 23\u00a0f\u00e9vrier en situation de crise. Donn\u00e9s favoris, les conservateurs devront composer avec les sociaux-d\u00e9mocrates, et peut-\u00eatre aussi avec les Verts. Ce parti, nagu\u00e8re pacifiste, appara\u00eet d\u00e9sormais comme le fer de lance du nouveau bellicisme allemand.<\/p>\n<\/div>\n<p><br \/>\n<br \/><a href=\"https:\/\/www.monde-diplomatique.fr\/2025\/02\/SCHEIDLER\/68028\" target=\"_blank\"\">Source link <\/a><\/p>\n","protected":false},"excerpt":{"rendered":"<p>R\u00e9cession \u00e9conomique, mont\u00e9e de l\u2019extr\u00eame droite, politique \u00e9trang\u00e8re erratique\u00a0: l\u2019Allemagne aborde les \u00e9lections l\u00e9gislatives anticip\u00e9es du 23\u00a0f\u00e9vrier en situation de crise. Donn\u00e9s favoris, les conservateurs devront composer avec les sociaux-d\u00e9mocrates,&hellip; <\/p>\n","protected":false},"author":1,"featured_media":2821,"comment_status":"open","ping_status":"open","sticky":false,"template":"","format":"standard","meta":{"footnotes":""},"categories":[1],"tags":[],"class_list":["post-2820","post","type-post","status-publish","format-standard","has-post-thumbnail","hentry","category-non-classe"],"_links":{"self":[{"href":"https:\/\/monde25.info\/index.php\/wp-json\/wp\/v2\/posts\/2820","targetHints":{"allow":["GET"]}}],"collection":[{"href":"https:\/\/monde25.info\/index.php\/wp-json\/wp\/v2\/posts"}],"about":[{"href":"https:\/\/monde25.info\/index.php\/wp-json\/wp\/v2\/types\/post"}],"author":[{"embeddable":true,"href":"https:\/\/monde25.info\/index.php\/wp-json\/wp\/v2\/users\/1"}],"replies":[{"embeddable":true,"href":"https:\/\/monde25.info\/index.php\/wp-json\/wp\/v2\/comments?post=2820"}],"version-history":[{"count":0,"href":"https:\/\/monde25.info\/index.php\/wp-json\/wp\/v2\/posts\/2820\/revisions"}],"wp:featuredmedia":[{"embeddable":true,"href":"https:\/\/monde25.info\/index.php\/wp-json\/wp\/v2\/media\/2821"}],"wp:attachment":[{"href":"https:\/\/monde25.info\/index.php\/wp-json\/wp\/v2\/media?parent=2820"}],"wp:term":[{"taxonomy":"category","embeddable":true,"href":"https:\/\/monde25.info\/index.php\/wp-json\/wp\/v2\/categories?post=2820"},{"taxonomy":"post_tag","embeddable":true,"href":"https:\/\/monde25.info\/index.php\/wp-json\/wp\/v2\/tags?post=2820"}],"curies":[{"name":"wp","href":"https:\/\/api.w.org\/{rel}","templated":true}]}}