{"id":2822,"date":"2025-02-17T21:23:24","date_gmt":"2025-02-17T20:23:24","guid":{"rendered":"https:\/\/monde25.info\/index.php\/2025\/02\/17\/la-proposition-de-loi-disparait-de-lagenda-du-senat\/"},"modified":"2025-02-17T21:23:24","modified_gmt":"2025-02-17T20:23:24","slug":"la-proposition-de-loi-disparait-de-lagenda-du-senat","status":"publish","type":"post","link":"https:\/\/monde25.info\/index.php\/2025\/02\/17\/la-proposition-de-loi-disparait-de-lagenda-du-senat\/","title":{"rendered":"la proposition de loi dispara\u00eet de l\u2019agenda du S\u00e9nat"},"content":{"rendered":"<p> <br \/>\n<\/p>\n<div>\n        <span class=\"date\">17 f\u00e9vrier 2025  \u00e0 16h41<\/span><\/p>\n<p>    <span class=\"date_modif\">Mis \u00e0 jour le 17 f\u00e9vrier 2025 \u00e0 17h17<\/span>      <\/p>\n<p class=\"duree_lecture\">\n        Dur\u00e9e de lecture : 2 minutes\n      <\/p>\n<\/p><\/div>\n<div>\n<p>La <a target=\"_blank\" href=\"https:\/\/reporterre.net\/L-Assemblee-nationale-dit-oui-a-une-regulation-de-la-fast-fashion\">loi contre la fast-fashion<\/a> verra-t-elle le jour<small class=\"fine d-inline\">\u00a0<\/small>? Le 10\u00a0f\u00e9vrier, les s\u00e9nateurs apprenaient qu\u2019ils pourraient enfin discuter de la proposition de loi \u2014 d\u00e9j\u00e0 adopt\u00e9e \u00e0 l\u2019Assembl\u00e9e nationale en mars 2024 \u2014 lors de la s\u00e9ance du 26\u00a0mars. Mais quatre jours plus tard, lors de la publication de l\u2019agenda du S\u00e9nat, aucune trace de la proposition de loi, ni au 26\u00a0mars, ni avant, ni apr\u00e8s.<\/p>\n<p><i>\u00ab<small class=\"fine d-inline\">\u00a0<\/small>Un an apr\u00e8s l\u2019adoption de la loi \u00e0 l\u2019unanimit\u00e9 \u00e0 l\u2019Assembl\u00e9e nationale, nous voici au statu quo<small class=\"fine d-inline\">\u00a0<\/small>!<small class=\"fine d-inline\">\u00a0<\/small>\u00bb<\/i>, a d\u00e9plor\u00e9 <a target=\"_blank\" href=\"https:\/\/www.linkedin.com\/posts\/anne-c%C3%A9cile-violland-62a24840_senat-assembleenationale-industriefranaexaise-activity-7295861057229611008-LK1G\" class=\"spip_out\" rel=\"external\">sur LinkedIn<\/a> Anne-C\u00e9cile Violland, d\u00e9put\u00e9e (Horizons) et rapporteure du texte. Elle a rappel\u00e9 que l\u2019industrie textile mondialis\u00e9e \u00e9tait responsable de plus de 10<small class=\"fine d-inline\">\u00a0<\/small>% des \u00e9missions de gaz \u00e0 effets de serre, <i>\u00ab<small class=\"fine d-inline\">\u00a0<\/small>soit plus que le trafic a\u00e9rien et maritime r\u00e9uni<small class=\"fine d-inline\">\u00a0<\/small>\u00bb<\/i>. La proposition de loi pr\u00e9voit notamment de p\u00e9naliser les produits extr\u00eamement polluants, de r\u00e9compenser les entreprises vertueuses et d\u2019interdire la publicit\u00e9 pour \u00ab<small class=\"fine d-inline\">\u00a0<\/small>l\u2019ultra fast-fashion<small class=\"fine d-inline\">\u00a0<\/small>\u00bb sur tous les supports.<\/p>\n<h2 class=\"spip\">L\u2019influence de Christophe Castaner<small class=\"fine d-inline\">\u00a0<\/small>?<\/h2>\n<p>Les acteurs de la fili\u00e8re fran\u00e7aise de l\u2019habillement ont \u00e9galement fait part de leur d\u00e9ception, voire de leur col\u00e8re. <i>\u00ab<small class=\"fine d-inline\">\u00a0<\/small>La mode ultra-express a encore progress\u00e9 de 18<small class=\"fine d-inline\">\u00a0<\/small>% sur le march\u00e9 fran\u00e7ais en 2024, atteignant 6<small class=\"fine d-inline\">\u00a0<\/small>% des ventes totales d\u2019habillement (25<small class=\"fine d-inline\">\u00a0<\/small>% des ventes en ligne)<small class=\"fine d-inline\">\u00a0<\/small>! Il est urgent d\u2019agir<small class=\"fine d-inline\">\u00a0<\/small>!<small class=\"fine d-inline\">\u00a0<\/small>\u00bb<\/i>, s\u2019est alarm\u00e9 Fran\u00e7ois-Marie Grau, d\u00e9l\u00e9gu\u00e9 g\u00e9n\u00e9ral de la F\u00e9d\u00e9ration fran\u00e7aise du pr\u00eat-\u00e0-porter f\u00e9minin.<\/p>\n<p>Ce report <i>sine die<\/i> de l\u2019examen du texte interroge d\u2019autant plus les acteurs de la fili\u00e8re que Christophe Castaner, ancien ministre de l\u2019Int\u00e9rieur (2018-2020), a r\u00e9cemment \u00e9t\u00e9 embauch\u00e9 par <a target=\"_blank\" href=\"https:\/\/reporterre.net\/Christophe-Castaner-conseiller-chez-Shein-la-mode-francaise-outree\">la firme chinoise Shein<\/a> en tant que conseiller au sein de son comit\u00e9 de responsabilit\u00e9 soci\u00e9tale des entreprises. <i>\u00ab<small class=\"fine d-inline\">\u00a0<\/small>Fran\u00e7ois Bayrou, Eric Lombard, est-ce l\u2019influence de Christophe Castaner qui retarde l\u2019examen de cette loi cruciale<small class=\"fine d-inline\">\u00a0<\/small>?<small class=\"fine d-inline\">\u00a0<\/small>\u00bb<\/i>, demande Julia Faure, cofondatrice de la marque \u00e9coresponsable Loom et pr\u00e9sidente de l\u2019<span class=\"caps\">ONG<\/span> En Mode Climat, en citant le Premier ministre et le ministre de l\u2019\u00c9conomie.<\/p>\n<aside class=\"boite_encarts\">\n<div class=\"encart encart_gris noprint\">\n<p><strong>Puisque vous \u00eates l\u00e0&#8230;<\/strong><\/p>\n<p>&#8230; nous avons un petit service \u00e0 vous demander.<br class=\"autobr\"\/><br \/>\nEntre la pr\u00e9sence d\u2019un climatosceptique \u00e0 la t\u00eate de la premi\u00e8re puissance mondiale, un gouvernement fran\u00e7ais qui flirte avec l\u2019extr\u00eame-droite, et les catastrophes climatiques qui s\u2019enchainent&#8230; Faire vivre l\u2019\u00e9cologie dans le d\u00e9bat public est un enjeu crucial.<\/p>\n<p>Personne ne modifie ce que nous publions. Nous n\u2019avons ni actionnaire, ni propri\u00e9taire milliardaire \u2014 seulement une \u00e9quipe d\u2019irr\u00e9ductibles journalistes, pleine de d\u00e9termination.<\/p>\n<p>Nous avons la conviction que l\u2019urgence \u00e9cologique est l\u2019enjeu majeur de notre \u00e9poque. Et comme plus de 2 millions de lectrices et lecteurs chaque mois, vous partagez sans doute cette conviction&#8230;<\/p>\n<p><strong>Depuis 12 ans, nous publions des articles de qualit\u00e9 sur l\u2019\u00e9cologie, en acc\u00e8s libre et sans publicit\u00e9, pour tous.<\/strong><br class=\"autobr\"\/><br \/>\nMais ce travail demande beaucoup de temps et de ressources.<\/p>\n<p>Alors, si vous en avez les moyens, sachez qu\u2019un don, m\u00eame d\u20191\u20ac, est un acte de soutien fort pour l\u2019\u00e9cologie et le journalisme ind\u00e9pendant.<br class=\"autobr\"\/><br \/>\n(Et \u00e7a vous prendra moins de temps que la lecture de ce texte).<\/p>\n<p><strong>Si vous le pouvez, choisissez un soutien mensuel. Merci.<\/strong><\/p>\n<p><a target=\"_blank\" href=\"https:\/\/reporterre.net\/dons\" class=\"bt_soutenir\">Je soutiens <i>Reporterre<\/i><\/a><\/p>\n<\/p><\/div>\n<div class=\"encart encart_vert noprint montre_1023\">\n<div class=\"infolettre-form-container noprint\">\n<p>Abonnez-vous \u00e0 la lettre d\u2019info de Reporterre<\/p>\n<\/div><\/div>\n<\/aside>\n<aside class=\"boite_apresarticle encart_note\">\n<h4>Apr\u00e8s cet article<\/h4>\n<p>      <a target=\"_blank\" href=\"https:\/\/reporterre.net\/La-fast-fashion-menace-l-industrie-francaise-du-textile\" class=\"lien_article\">\n      <picture class=\"vignette_gauche\"><source type=\"image\/webp\" srcset=\"https:\/\/reporterre.net\/local\/cache-vignettes\/L450xH300\/modevite-8087b.jpg@.webp?1737368391\"><img decoding=\"async\" src=\"https:\/\/reporterre.net\/local\/cache-vignettes\/L450xH300\/modevite-8087b.jpg?1737368391\" width=\"450\" height=\"300\" alt=\"\" class=\"marge12\" loading=\"lazy\"\/><br \/>\n<\/source><\/picture>\n<p class=\"libelle\">\n<p>      Quotidien\n    <\/p>\n<p class=\"titre pol20\">La fast-fashion menace l\u2019industrie fran\u00e7aise du textile<\/p>\n<p>      <\/a><br \/>\n    <\/aside>\n<aside class=\"boite_complement texte\">\n<p>      <!-- zone_forum --><br \/>\n          <\/aside>\n<aside class=\"boite_lireaussi noprint\">\n<\/aside>\n<aside class=\"colonne\">\n<div class=\"article_info cache_1023 noprint\">\n        <span class=\"date\">17 f\u00e9vrier 2025  \u00e0 16h41<\/span><\/p>\n<p>    <span class=\"date_modif\">Mis \u00e0 jour le 17 f\u00e9vrier 2025 \u00e0 17h17<\/span>      <\/p>\n<p class=\"duree_lecture\">\n        Dur\u00e9e de lecture : 2 minutes\n      <\/p>\n<\/p><\/div>\n<div class=\"bloc_infolettre\">\n<div class=\"infolettre-form-container noprint\">\n<p>Abonnez-vous \u00e0 la lettre d\u2019info de Reporterre<\/p>\n<\/div><\/div>\n<\/aside>\n<div id=\"galerie\">\n  <img decoding=\"async\" src=\"\" class=\"principale\" id=\"principale\"\/><\/p>\n<p id=\"legende\">legende<\/p>\n<\/div>\n<footer class=\"noprint\">\n<\/footer>\n<\/div>\n<p><br \/>\n<br \/><a href=\"https:\/\/reporterre.net\/Le-Senat-oublie-la-loi-sur-la-fast-fashion\" target=\"_blank\"\">Source link <\/a><\/p>\n","protected":false},"excerpt":{"rendered":"<p>17 f\u00e9vrier 2025 \u00e0 16h41 Mis \u00e0 jour le 17 f\u00e9vrier 2025 \u00e0 17h17 Dur\u00e9e de lecture : 2 minutes La loi contre la fast-fashion verra-t-elle le jour\u00a0? Le 10\u00a0f\u00e9vrier,&hellip; <\/p>\n","protected":false},"author":1,"featured_media":2823,"comment_status":"open","ping_status":"open","sticky":false,"template":"","format":"standard","meta":{"footnotes":""},"categories":[1],"tags":[],"class_list":["post-2822","post","type-post","status-publish","format-standard","has-post-thumbnail","hentry","category-non-classe"],"_links":{"self":[{"href":"https:\/\/monde25.info\/index.php\/wp-json\/wp\/v2\/posts\/2822","targetHints":{"allow":["GET"]}}],"collection":[{"href":"https:\/\/monde25.info\/index.php\/wp-json\/wp\/v2\/posts"}],"about":[{"href":"https:\/\/monde25.info\/index.php\/wp-json\/wp\/v2\/types\/post"}],"author":[{"embeddable":true,"href":"https:\/\/monde25.info\/index.php\/wp-json\/wp\/v2\/users\/1"}],"replies":[{"embeddable":true,"href":"https:\/\/monde25.info\/index.php\/wp-json\/wp\/v2\/comments?post=2822"}],"version-history":[{"count":0,"href":"https:\/\/monde25.info\/index.php\/wp-json\/wp\/v2\/posts\/2822\/revisions"}],"wp:featuredmedia":[{"embeddable":true,"href":"https:\/\/monde25.info\/index.php\/wp-json\/wp\/v2\/media\/2823"}],"wp:attachment":[{"href":"https:\/\/monde25.info\/index.php\/wp-json\/wp\/v2\/media?parent=2822"}],"wp:term":[{"taxonomy":"category","embeddable":true,"href":"https:\/\/monde25.info\/index.php\/wp-json\/wp\/v2\/categories?post=2822"},{"taxonomy":"post_tag","embeddable":true,"href":"https:\/\/monde25.info\/index.php\/wp-json\/wp\/v2\/tags?post=2822"}],"curies":[{"name":"wp","href":"https:\/\/api.w.org\/{rel}","templated":true}]}}