{"id":2826,"date":"2025-02-17T22:31:29","date_gmt":"2025-02-17T21:31:29","guid":{"rendered":"https:\/\/monde25.info\/index.php\/2025\/02\/17\/stop-au-pillage-des-richesses-de-la-france-au-colloque-lere-des-fractures\/"},"modified":"2025-02-17T22:31:29","modified_gmt":"2025-02-17T21:31:29","slug":"stop-au-pillage-des-richesses-de-la-france-au-colloque-lere-des-fractures","status":"publish","type":"post","link":"https:\/\/monde25.info\/index.php\/2025\/02\/17\/stop-au-pillage-des-richesses-de-la-france-au-colloque-lere-des-fractures\/","title":{"rendered":"\u201cStop au pillage des richesses de la France\u201d au colloque l&rsquo;Ere des fractures"},"content":{"rendered":"<p> <br \/>\n<\/p>\n<div>\n<p>Au colloque \u201cL\u2019Ere des Fractures\u201d, au c\u0153ur des crises \u00e0 r\u00e9p\u00e9titions : \u201cStop au pillage des richesses de la France\u201d<\/p>\n<p>Initiatives pour la D\u00e9fense de la Nation Fran\u00e7aise de Patrice Magneron a encore frapp\u00e9 fort ce mois-ci en organisant en collaboration \u00e0 Paris avec le Mouvement politique citoyen de l\u2019\u00e9conomiste et essayiste Philippe Murer un colloque disruptif au titre prometteur : \u201cL\u2019\u00e8re des fractures au c\u0153ur des crises \u00e0 r\u00e9p\u00e9tition\u201d. Compte-rendu.<\/p>\n<p>Pour explorer cette th\u00e9matique disruptive devant pr\u00e8s de 200 participants, les organisateurs avaient convoqu\u00e9 une mosa\u00efque d\u2019experts, d\u00e9cideurs et observateurs de la r\u00e9alit\u00e9 fran\u00e7aise. Parmi eux, citons le d\u00e9put\u00e9 europ\u00e9en RN Thierry Mariani et l\u2019historien Laurent Henninger, le blogeur et militant politique Etienne Chouard ap\u00f4tre du RIC, Catherine Rouvier, docteur d\u2019Etat en droit public et science politique, l\u2019ancien conseiller de Sarkozy Henri Guaino, l\u2019ancien d\u00e9put\u00e9 Jean-Fr\u00e9d\u00e9ric Poisson, le commissaire divisionnaire honoraire Maurice Signolet et le professeur de droit Gregory Houillon, l\u2019ancien directeur de la DST et pr\u00e9fet de Mayotte Yves Bonnet accompagn\u00e9 de la nouvelle d\u00e9put\u00e9e RN de la 1\u00e8re circonscription de Mayotte Anchya Bamana, le professeur Christian Perronne, l\u2019\u00e9diteur de Nexus Marc Daoud, le pr\u00e9sident du Mouvement politique citoyen Philippe Murer et, l&rsquo;infatigable d\u00e9fenseur de la v\u00e9rit\u00e9, le directeur de publication de France-Soir Xavier Azalbert. \u00a0<\/p>\n<p>Sans nier les atouts du mod\u00e8le fran\u00e7ais pour les investisseurs \u00e9trangers, avec une population \u00e9duqu\u00e9e, instruite et moins ch\u00e8re que nos voisins, le contr\u00f4leur de gestion Patrice Magneron dresse un constat implacable de la descente aux enfers de la France avec le pillage en r\u00e8gle de nos richesses. Les fractures sources de crises \u00e0 r\u00e9p\u00e9titions sont nombreuses. Il choisit d\u2019installer le d\u00e9bat sur le terrain de la d\u00e9pendance macro-\u00e9conomique avec une dette publique qui a explos\u00e9 sous l\u2019effet des politiques publiques men\u00e9es depuis la crise des subprimes et le covid : la masse mon\u00e9taire a \u00e9t\u00e9 multipli\u00e9e par 2,6 entre 2008 et 2024 quand le PIB dans la m\u00eame p\u00e9riode a p\u00e9niblement augment\u00e9 de 4 %. Quand le sage pointe la faillite fran\u00e7aise, l\u2019imb\u00e9cile est celui qui regarde la dette. \u201c Le souci vient plut\u00f4t de nos cr\u00e9anciers dont les deux tiers sont \u00e9trangers. M\u00eame constat \u00e0 l\u2019\u00e9chelle des entreprises fran\u00e7aises du CAC40 dont la moiti\u00e9 du capital est d\u00e9tenu par des non-nationaux. Nous subissons le diktat des fonds de pension r\u00e9clamant rentabilit\u00e9 et versement de dividendes<\/p>\n<p>Il pointe surtout les m\u00e9canismes de r\u00e9duction sur bas salaires qui permettent de r\u00e9duire le taux de charges patronales de 42 % \u00e0 \u00a00 % (le taux r\u00e9el avoisinant 27 %), les aides \u00e0 l\u2019implantation sous forme d\u2019exon\u00e9rations fiscales. Ces dispositifs concourent \u00e0 la paup\u00e9risation de la population active et au d\u00e9clin de la nation.<\/p>\n<p>Signe de l\u2019affaiblissement structurel du pays, cette fracture sous forme d\u2019entrisme des int\u00e9r\u00eats \u00e9trangers s\u2019exprime sous la forme de d\u00e9pendance (s). Celle-ci n\u2019est pas qu\u2019\u00e9conomique, elle est aussi diplomatique quand la France est l\u2019otage d\u2019instances internationales o\u00f9 notre parole est dilu\u00e9e et donc affaiblie au sein de l\u2019OTAN, l\u2019UE\u2026 \u201cJuridique, ajoute-t-il, quand nos lois sont tr\u00e8s largement inspir\u00e9es du mod\u00e8le anglo-saxon.\u201d Institutionnelle, on le sait, quand nos institutions ne deviennent que l\u2019antichambre d\u2019une Europe imposant la transposition de directives ou l\u2019application de trait\u00e9s se substituant \u00e0 notre propre constitution. \u201cCette fracture est aussi normative, si l\u2019on songe que dans un domaine que je connais bien, la comptabilit\u00e9, o\u00f9 les normes anglo-saxonnes \u00e9taient \u00e0 l\u2019origine de la crise des subprimes en permettant cette ineptie de la <em>fair value<\/em>, la juste valeur.\u201d<\/p>\n<p>La crise est aussi sociale avec la mise \u00e0 mal du mod\u00e8le de r\u00e9partition interg\u00e9n\u00e9rationnel et l\u2019entr\u00e9e d\u2019int\u00e9r\u00eats priv\u00e9s aux d\u00e9pens du bien commun. R\u00e9partition contre capitalisation. Elle est d\u00e9sormais s\u00e9curitaire. Le fait nouveau est l\u2019absence de r\u00e9ponse adapt\u00e9e : d\u00e9faillance de la justice, incompr\u00e9hension de l\u2019\u00e9chelle des sanctions, nouvelles d\u00e9linquances\u2026 On est entr\u00e9 dans le monde des faits divers o\u00f9 le peuple se contente de marches blanches et de \u201cplus jamais \u00e7a\u201d.<\/p>\n<p>Plus personne, m\u00eame \u00e0 gauche, ne le nie : la probl\u00e9matique s\u00e9curitaire est li\u00e9e \u00e0 l\u2019\u00e9migration incontr\u00f4l\u00e9e \u201cpourvoyeuse de pauvret\u00e9 et de mis\u00e8re, insiste le gestionnaire, qui nourrissent violence, trafics en tous genres et drames.\u201d Et accessoirement, la flexibilit\u00e9 du march\u00e9 du travail des donneurs d\u2019ordres ultra-lib\u00e9raux que soutient Ursula von der Leyen\u2026<\/p>\n<p>Pour r\u00e9duire cette fracture syst\u00e9mique, face \u00e0 la mondialisation en marche, doit-on se couper du monde et \u00e9riger en dogme un protectionnisme brutal ? Les pouvoirs se sont d\u00e9plac\u00e9s. Faut-il suivre Trump ? Faut-il suivre Poutine et les Brics ? Serons-nous la 51e \u00e9toile de la banni\u00e8re am\u00e9ricaine ou saurons nous dire non pour rester qui nous sommes ?<\/p>\n<p>Parmi les fractures qui d\u00e9chirent la France contemporaine, la faillite de la sant\u00e9 publique fera date. Il aura fallu le covid pour qu\u2019une prise de conscience s\u2019op\u00e8re sur l\u2019ensemble de la population au sujet de notre syst\u00e8me de sant\u00e9, r\u00e9put\u00e9 \u00eatre l\u2019un des meilleurs au monde. Pass\u00e9e la s\u00e9quence des masques, le comique a c\u00e9d\u00e9 la place au tragique. On a laiss\u00e9 mourir nos vieux dans les Ehpad, on terrorisait nos enfants\u2026 \u00a0<\/p>\n<p>Dans cet univers dystopique, la communication, la diffusion de l\u2019information et des contenus occupent une place pr\u00e9pond\u00e9rante dans la d\u00e9gradation des rapports soci\u00e9taux. En cause : les m\u00e9dias. A l\u2019\u00e8re du livre et de la gazette, succ\u00e8de le temps acc\u00e9l\u00e9r\u00e9 du bruit multim\u00e9dias. On cause en pure perte sur des r\u00e9seaux sociaux qui n\u2019ont de sociaux que le nom. \u201c Cause toujours\u2026\u201d Mais cette profusion de messages faisait trop de place aux canaux alternatifs d\u00e9sormais d\u00e9nonc\u00e9s comme complotistes quand ils s\u2019attaquent au politiquement correct. \u00a0<\/p>\n<p>\u201c En quelques ann\u00e9es, nous sommes pass\u00e9s du \u201ccause toujours\u201d \u00e0 \u201ctais-toi\u201d d\u00e9plore Patrice Magneron, qui \u00e9voque la redoutable perspective de comit\u00e9s de censure\u2026 L\u2019\u00e9thique a bon dos.<\/p>\n<p>Dans une prochaine \u00e9dition, nous vous offrirons la transcription d\u2019une interview in\u00e9dite de Xavier Azalbert, invit\u00e9 du Colloque, sur le devoir de v\u00e9rit\u00e9 du journaliste.<\/p>\n<\/div>\n<p><script>(function(d, s, id) {  var js, fjs = d.getElementsByTagName(s)[0];  if (d.getElementById(id)) return;  js = d.createElement(s); js.id = id;  js.src = \"\/\/connect.facebook.net\/fr_FR\/sdk.js#xfbml=1&version=v2.3\";  fjs.parentNode.insertBefore(js, fjs);}(document, \"script\", \"facebook-jssdk\"));<\/script><br \/>\n<br \/><br \/>\n<br \/><a href=\"https:\/\/www.francesoir.fr\/societe-justice\/stop-au-pillage-des-richesses-de-la-france\" target=\"_blank\"\">Source link <\/a><\/p>\n","protected":false},"excerpt":{"rendered":"<p>Au colloque \u201cL\u2019Ere des Fractures\u201d, au c\u0153ur des crises \u00e0 r\u00e9p\u00e9titions : \u201cStop au pillage des richesses de la France\u201d Initiatives pour la D\u00e9fense de la Nation Fran\u00e7aise de Patrice&hellip; <\/p>\n","protected":false},"author":1,"featured_media":2827,"comment_status":"open","ping_status":"open","sticky":false,"template":"","format":"standard","meta":{"footnotes":""},"categories":[1],"tags":[],"class_list":["post-2826","post","type-post","status-publish","format-standard","has-post-thumbnail","hentry","category-non-classe"],"_links":{"self":[{"href":"https:\/\/monde25.info\/index.php\/wp-json\/wp\/v2\/posts\/2826","targetHints":{"allow":["GET"]}}],"collection":[{"href":"https:\/\/monde25.info\/index.php\/wp-json\/wp\/v2\/posts"}],"about":[{"href":"https:\/\/monde25.info\/index.php\/wp-json\/wp\/v2\/types\/post"}],"author":[{"embeddable":true,"href":"https:\/\/monde25.info\/index.php\/wp-json\/wp\/v2\/users\/1"}],"replies":[{"embeddable":true,"href":"https:\/\/monde25.info\/index.php\/wp-json\/wp\/v2\/comments?post=2826"}],"version-history":[{"count":0,"href":"https:\/\/monde25.info\/index.php\/wp-json\/wp\/v2\/posts\/2826\/revisions"}],"wp:featuredmedia":[{"embeddable":true,"href":"https:\/\/monde25.info\/index.php\/wp-json\/wp\/v2\/media\/2827"}],"wp:attachment":[{"href":"https:\/\/monde25.info\/index.php\/wp-json\/wp\/v2\/media?parent=2826"}],"wp:term":[{"taxonomy":"category","embeddable":true,"href":"https:\/\/monde25.info\/index.php\/wp-json\/wp\/v2\/categories?post=2826"},{"taxonomy":"post_tag","embeddable":true,"href":"https:\/\/monde25.info\/index.php\/wp-json\/wp\/v2\/tags?post=2826"}],"curies":[{"name":"wp","href":"https:\/\/api.w.org\/{rel}","templated":true}]}}