{"id":2832,"date":"2025-02-18T00:15:08","date_gmt":"2025-02-17T23:15:08","guid":{"rendered":"https:\/\/monde25.info\/index.php\/2025\/02\/18\/affaire-des-viols-de-1998-francois-bayrou-cerne-par-deux-temoignages-convergents\/"},"modified":"2025-02-18T00:15:08","modified_gmt":"2025-02-17T23:15:08","slug":"affaire-des-viols-de-1998-francois-bayrou-cerne-par-deux-temoignages-convergents","status":"publish","type":"post","link":"https:\/\/monde25.info\/index.php\/2025\/02\/18\/affaire-des-viols-de-1998-francois-bayrou-cerne-par-deux-temoignages-convergents\/","title":{"rendered":"Affaire des viols de 1998: Fran\u00e7ois Bayrou cern\u00e9 par deux t\u00e9moignages convergents"},"content":{"rendered":"<p> <br \/>\n<br \/>Le gendarme charg\u00e9 de l\u2019enqu\u00eate contre l\u2019ancien directeur de Notre-Dame-de-B\u00e9tharram a r\u00e9v\u00e9l\u00e9 l\u2019intervention de Fran\u00e7ois Bayrou dans la proc\u00e9dure judiciaire. Si l\u2019actuel premier ministre d\u00e9nonce des \u00abfantasmes\u00bb, le juge de l\u2019\u00e9poque estime la version de ce militaire \u00abparfaitement cr\u00e9dible\u00bb aupr\u00e8s de Mediapart. L\u2019avocat d\u2019une des victimes a saisi la justice sur une possible \u00abentrave\u00bb.<br \/>\n<br \/><br \/>\n<br \/><a href=\"https:\/\/www.mediapart.fr\/journal\/france\/170225\/affaire-des-viols-de-1998-francois-bayrou-cerne-par-deux-temoignages-convergents\" target=\"_blank\"\">Source link <\/a><\/p>\n","protected":false},"excerpt":{"rendered":"<p>Le gendarme charg\u00e9 de l\u2019enqu\u00eate contre l\u2019ancien directeur de Notre-Dame-de-B\u00e9tharram a r\u00e9v\u00e9l\u00e9 l\u2019intervention de Fran\u00e7ois Bayrou dans la proc\u00e9dure judiciaire. Si l\u2019actuel premier ministre d\u00e9nonce des \u00abfantasmes\u00bb, le juge de&hellip; <\/p>\n","protected":false},"author":1,"featured_media":2833,"comment_status":"open","ping_status":"open","sticky":false,"template":"","format":"standard","meta":{"footnotes":""},"categories":[1],"tags":[],"class_list":["post-2832","post","type-post","status-publish","format-standard","has-post-thumbnail","hentry","category-non-classe"],"_links":{"self":[{"href":"https:\/\/monde25.info\/index.php\/wp-json\/wp\/v2\/posts\/2832","targetHints":{"allow":["GET"]}}],"collection":[{"href":"https:\/\/monde25.info\/index.php\/wp-json\/wp\/v2\/posts"}],"about":[{"href":"https:\/\/monde25.info\/index.php\/wp-json\/wp\/v2\/types\/post"}],"author":[{"embeddable":true,"href":"https:\/\/monde25.info\/index.php\/wp-json\/wp\/v2\/users\/1"}],"replies":[{"embeddable":true,"href":"https:\/\/monde25.info\/index.php\/wp-json\/wp\/v2\/comments?post=2832"}],"version-history":[{"count":0,"href":"https:\/\/monde25.info\/index.php\/wp-json\/wp\/v2\/posts\/2832\/revisions"}],"wp:featuredmedia":[{"embeddable":true,"href":"https:\/\/monde25.info\/index.php\/wp-json\/wp\/v2\/media\/2833"}],"wp:attachment":[{"href":"https:\/\/monde25.info\/index.php\/wp-json\/wp\/v2\/media?parent=2832"}],"wp:term":[{"taxonomy":"category","embeddable":true,"href":"https:\/\/monde25.info\/index.php\/wp-json\/wp\/v2\/categories?post=2832"},{"taxonomy":"post_tag","embeddable":true,"href":"https:\/\/monde25.info\/index.php\/wp-json\/wp\/v2\/tags?post=2832"}],"curies":[{"name":"wp","href":"https:\/\/api.w.org\/{rel}","templated":true}]}}