{"id":2836,"date":"2025-02-18T01:54:00","date_gmt":"2025-02-18T00:54:00","guid":{"rendered":"https:\/\/monde25.info\/index.php\/2025\/02\/18\/le-discours-de-j-d-vance-a-munich-etait-plein-de-contradictions-enfant-de-la-societe-sott-net\/"},"modified":"2025-02-18T01:54:00","modified_gmt":"2025-02-18T00:54:00","slug":"le-discours-de-j-d-vance-a-munich-etait-plein-de-contradictions-enfant-de-la-societe-sott-net","status":"publish","type":"post","link":"https:\/\/monde25.info\/index.php\/2025\/02\/18\/le-discours-de-j-d-vance-a-munich-etait-plein-de-contradictions-enfant-de-la-societe-sott-net\/","title":{"rendered":"Le discours de J. D. Vance \u00e0 Munich \u00e9tait plein de contradictions \u2014 Enfant de la Soci\u00e9t\u00e9 \u2014 Sott.net"},"content":{"rendered":"<p> <br \/>\n<\/p>\n<div>\n<div class=\"article-image-super to-center\"><a target=\"_blank\" href=\"https:\/\/fr.sott.net\/image\/s36\/723314\/full\/5680ba20_4356_11ef_b362_7fae70.jpg\" target=\"_blank\"><img decoding=\"async\" src=\"https:\/\/fr.sott.net\/image\/s36\/723314\/super\/5680ba20_4356_11ef_b362_7fae70.jpg\" alt=\"hjkl\" title=\"Cliquer pour agrandir\"\/><\/a><\/div>\n<p>Il est facile de comprendre pourquoi tout le monde politique parle du discours de J. D. Vance lors de la conf\u00e9rence de Munich sur la s\u00e9curit\u00e9 qui s&rsquo;est tenue cette semaine. C&rsquo;\u00e9tait un discours \u00e9tonnant, pour plusieurs raisons, et qui restera probablement dans les m\u00e9moires comme un tournant dans les relations transatlantiques de l&rsquo;apr\u00e8s-Seconde Guerre mondiale, \u00e9crit Thomas Fazi.<\/p>\n<p>Contrairement aux platitudes diplomatiques souvent entendues lors de ces \u00e9v\u00e9nements publics, le vice-pr\u00e9sident am\u00e9ricain a lanc\u00e9 une attaque cinglante et \u00e9tonnamment directe contre la d\u00e9rive autoritaire et antid\u00e9mocratique de l&rsquo;Europe, accusant les dirigeants du continent de pratiquer une censure rampante et m\u00eame d&rsquo;annuler des \u00e9lections, comme cela s&rsquo;est produit r\u00e9cemment en Roumanie. Selon lui, les gouvernements europ\u00e9ens agissent ainsi dans une tentative d\u00e9sesp\u00e9r\u00e9e de rester au pouvoir et d&rsquo;\u00e9touffer les r\u00e9actions d\u00e9mocratiques qui se dressent contre leurs politiques aberrantes \u2014 principalement l&rsquo;immigration de masse.<\/p>\n<p>Vance a directement critiqu\u00e9 la Commission europ\u00e9enne pour avoir menac\u00e9 de fermer les m\u00e9dias sociaux en cas d&rsquo;agitation populaire. Il s&rsquo;est dit choqu\u00e9 d&rsquo;entendre un ancien commissaire europ\u00e9en (il faisait r\u00e9f\u00e9rence \u00e0 Thierry Breton) applaudir la d\u00e9cision sans pr\u00e9c\u00e9dent de la Roumanie d&rsquo;invalider les \u00e9lections \u00e0 la suite des pressions exerc\u00e9es par l&rsquo;UE \u00e9voquant une hypoth\u00e9tique ing\u00e9rence de la Russie. Ce m\u00eame commissaire a \u00e9galement menac\u00e9 de faire de m\u00eame en Allemagne en cas de victoire de l&rsquo;AfD.<\/p>\n<p>Dans son attaque en r\u00e8gle, M. Vance n&rsquo;a pas \u00e9cart\u00e9 le Royaume-Uni, condamnant la criminalisation de la pri\u00e8re silencieuse comme le signe d&rsquo;une tendance plus large des gouvernements europ\u00e9ens \u00e0 empi\u00e9ter sur les libert\u00e9s fondamentales sous le couvert du progressisme social. Il a conclu en appelant les dirigeants europ\u00e9ens \u00e0 \u00ab croire en la d\u00e9mocratie \u00bb \u2014 en d&rsquo;autres termes, \u00e0 s&rsquo;effacer et \u00e0 laisser une nouvelle g\u00e9n\u00e9ration de populistes prendre les choses en main.<\/p>\n<p>Comme pr\u00e9vu, les remarques de M. Vance ont provoqu\u00e9 une onde de choc en Europe, suscitant de vives critiques de la part des dirigeants et des experts du courant dominant et des louanges enthousiastes de la part des conservateurs et des sympathisants des mouvements populistes. Ceux d&rsquo;entre nous qui ont depuis longtemps mis en garde contre l&rsquo;aversion de l&rsquo;Europe pour la d\u00e9mocratie auront ressenti une vague de <em>Schadenfreude<\/em> en voyant ces dirigeants imprudents se faire r\u00e9primander par leur ma\u00eetre transatlantique.<\/p>\n<p>Toutefois, les remarques de M. Vance \u00e9taient \u00e9galement pleines de contradictions, notamment parce que les \u00c9tats-Unis ont particip\u00e9 activement \u2014 et souvent jou\u00e9 un r\u00f4le de premier plan &#8211; \u00e0 la mise en \u0153uvre de bon nombre des politiques qu&rsquo;il a condamn\u00e9es \u00e0 Munich. Si l&rsquo;attaque de Vance contre l&rsquo;autoritarisme europ\u00e9en est convaincante, son omission du r\u00f4le des \u00c9tats-Unis dans cette \u00e9volution est tout aussi remarquable. Le cas de la Roumanie l&rsquo;illustre parfaitement. Comme l&rsquo;a fait remarquer l&rsquo;entrepreneur et commentateur politique Arnaud Bertrand sur X, c&rsquo;est le d\u00e9partement d&rsquo;\u00c9tat am\u00e9ricain qui a \u00e9t\u00e9 le premier \u00e0 publier une d\u00e9claration exprimant son inqui\u00e9tude quant \u00e0 l&rsquo;implication de la Russie dans les \u00e9lections roumaines, deux jours avant que la cour constitutionnelle roumaine n&rsquo;annule celles-ci. L&rsquo;implication am\u00e9ricaine s&rsquo;\u00e9tend \u00e9galement au r\u00f4le crucial jou\u00e9 par les ONG financ\u00e9es par les \u00c9tats-Unis dans l&rsquo;orchestration de cette intervention judiciaire sans pr\u00e9c\u00e9dent.<\/p>\n<div class=\"article-image-super to-center\"><a target=\"_blank\" href=\"https:\/\/fr.sott.net\/image\/s36\/723313\/full\/hqdefault_5_.jpg\" target=\"_blank\"><img decoding=\"async\" loading=\"lazy\" src=\"https:\/\/fr.sott.net\/image\/s36\/723313\/super\/hqdefault_5_.jpg\" alt=\"ghjk\" title=\"Cliquer pour agrandir\"\/><\/a><\/div>\n<p>En r\u00e9sum\u00e9, l&rsquo;UE n&rsquo;a pas agi de mani\u00e8re ind\u00e9pendante : elle a suivi l&rsquo;exemple des \u00c9tats-Unis. Il est donc un peu exag\u00e9r\u00e9 de la part de Vance de parler aux Europ\u00e9ens de r\u00e9gression d\u00e9mocratique sans reconna\u00eetre le r\u00f4le instrumental de l&rsquo;Am\u00e9rique dans la cr\u00e9ation de ce pr\u00e9c\u00e9dent. Il en va de m\u00eame pour les politiques de censure. Une grande partie de l&rsquo;approche de l&rsquo;UE en mati\u00e8re de censure en ligne a \u00e9t\u00e9 \u00e9labor\u00e9e en \u00e9troite collaboration avec des agences et des entreprises technologiques am\u00e9ricaines. Le cadre actuel mis en place par Bruxelles pour imposer la mod\u00e9ration des contenus n&rsquo;est pas une conception exclusivement europ\u00e9enne \u2014 il a \u00e9t\u00e9 fortement influenc\u00e9 par les pratiques et les pressions am\u00e9ricaines, en particulier dans le sillage des pr\u00e9occupations am\u00e9ricaines en mati\u00e8re de \u00ab d\u00e9sinformation \u00bb.<\/p>\n<p>Comme l&rsquo;a soulign\u00e9 Mike Benz, ancien fonctionnaire du d\u00e9partement d&rsquo;\u00c9tat am\u00e9ricain, l&rsquo;OTAN \u2014 une organisation largement dirig\u00e9e par Washington \u2014 a jou\u00e9 un r\u00f4le d\u00e9terminant dans l&rsquo;\u00e9laboration d&rsquo;un cadre \u00ab anti-d\u00e9sinformation \u00bb qui a eu un impact significatif sur la politique de censure de l&rsquo;internet au niveau mondial. M. Vance ignore compl\u00e8tement cette r\u00e9alit\u00e9, pr\u00e9sentant l&rsquo;Europe comme le seul architecte de politiques qui ont en fait \u00e9t\u00e9 coordonn\u00e9es et transatlantiques, voire dirig\u00e9es par les \u00c9tats-Unis.<\/p>\n<p>Plus g\u00e9n\u00e9ralement, il est important de reconna\u00eetre que la faiblesse du leadership europ\u00e9en actuel n&rsquo;est pas accidentelle. Elle est en partie le r\u00e9sultat de d\u00e9cennies d&rsquo;efforts am\u00e9ricains pour maintenir l&rsquo;Europe dans un \u00e9tat de vassalit\u00e9 et de subordination strat\u00e9gique. Washington n&rsquo;a cess\u00e9 d&rsquo;engendrer des politiciens europ\u00e9ens d\u00e9sireux de donner la priorit\u00e9 aux int\u00e9r\u00eats am\u00e9ricains plut\u00f4t qu&rsquo;\u00e0 ceux de leurs propres nations et citoyens. Ce contexte plus large est \u00e9galement compl\u00e8tement absent du discours de Vance.<\/p>\n<p>En outre, malgr\u00e9 tous les discours sur le \u00ab d\u00e9couplage \u00bb des \u00c9tats-Unis par rapport \u00e0 l&rsquo;Europe, la r\u00e9alit\u00e9 est que l&rsquo;administration Trump perp\u00e9tue la longue tradition d&rsquo;ing\u00e9rence am\u00e9ricaine dans la politique europ\u00e9enne &#8211; comme en t\u00e9moigne son soutien explicite aux partis populistes tels que l&rsquo;AfD. Que l&rsquo;on soutienne ou non ce programme, il n&rsquo;en demeure pas moins qu&rsquo;il repr\u00e9sente une autre forme d&rsquo;influence ext\u00e9rieure.<\/p>\n<p>Les commentaires de M. Vance ne repr\u00e9sentent pas n\u00e9cessairement une rupture dans les relations am\u00e9ricano-europ\u00e9ennes, mais plut\u00f4t le d\u00e9but d&rsquo;une nouvelle phase de domination id\u00e9ologique des \u00c9tats-Unis. Plut\u00f4t que de promouvoir l&rsquo;autonomie europ\u00e9enne, ce changement marquerait simplement la transition de la phase h\u00e9g\u00e9monique lib\u00e9rale-progressiste \u00e0 une phase post-lib\u00e9rale, dont les \u00c9tats-Unis continueraient \u00e0 dicter les termes.\n\t\t<\/p>\n<\/div>\n<p><br \/>\n<br \/><a href=\"https:\/\/fr.sott.net\/article\/44235-Le-discours-de-J-D-Vance-a-Munich-etait-plein-de-contradictions\" target=\"_blank\"\">Source link <\/a><\/p>\n","protected":false},"excerpt":{"rendered":"<p>Il est facile de comprendre pourquoi tout le monde politique parle du discours de J. D. Vance lors de la conf\u00e9rence de Munich sur la s\u00e9curit\u00e9 qui s&rsquo;est tenue cette&hellip; <\/p>\n","protected":false},"author":1,"featured_media":2837,"comment_status":"open","ping_status":"open","sticky":false,"template":"","format":"standard","meta":{"footnotes":""},"categories":[1],"tags":[],"class_list":["post-2836","post","type-post","status-publish","format-standard","has-post-thumbnail","hentry","category-non-classe"],"_links":{"self":[{"href":"https:\/\/monde25.info\/index.php\/wp-json\/wp\/v2\/posts\/2836","targetHints":{"allow":["GET"]}}],"collection":[{"href":"https:\/\/monde25.info\/index.php\/wp-json\/wp\/v2\/posts"}],"about":[{"href":"https:\/\/monde25.info\/index.php\/wp-json\/wp\/v2\/types\/post"}],"author":[{"embeddable":true,"href":"https:\/\/monde25.info\/index.php\/wp-json\/wp\/v2\/users\/1"}],"replies":[{"embeddable":true,"href":"https:\/\/monde25.info\/index.php\/wp-json\/wp\/v2\/comments?post=2836"}],"version-history":[{"count":0,"href":"https:\/\/monde25.info\/index.php\/wp-json\/wp\/v2\/posts\/2836\/revisions"}],"wp:featuredmedia":[{"embeddable":true,"href":"https:\/\/monde25.info\/index.php\/wp-json\/wp\/v2\/media\/2837"}],"wp:attachment":[{"href":"https:\/\/monde25.info\/index.php\/wp-json\/wp\/v2\/media?parent=2836"}],"wp:term":[{"taxonomy":"category","embeddable":true,"href":"https:\/\/monde25.info\/index.php\/wp-json\/wp\/v2\/categories?post=2836"},{"taxonomy":"post_tag","embeddable":true,"href":"https:\/\/monde25.info\/index.php\/wp-json\/wp\/v2\/tags?post=2836"}],"curies":[{"name":"wp","href":"https:\/\/api.w.org\/{rel}","templated":true}]}}