{"id":2857,"date":"2025-02-18T10:51:07","date_gmt":"2025-02-18T09:51:07","guid":{"rendered":"https:\/\/monde25.info\/index.php\/2025\/02\/18\/un-fort-classe-transforme-en-village-olympique\/"},"modified":"2025-02-18T10:51:07","modified_gmt":"2025-02-18T09:51:07","slug":"un-fort-classe-transforme-en-village-olympique","status":"publish","type":"post","link":"https:\/\/monde25.info\/index.php\/2025\/02\/18\/un-fort-classe-transforme-en-village-olympique\/","title":{"rendered":"un fort class\u00e9 transform\u00e9 en village olympique\u00a0?"},"content":{"rendered":"<p> <br \/>\n<\/p>\n<div>\n<p>Combien va co\u00fbter la transformation du fort des T\u00eates de Brian\u00e7on en village olympique<small class=\"fine d-inline\">\u00a0<\/small>? C\u2019est la question que se posent beaucoup d\u2019habitantes et d\u2019habitants de la sous-pr\u00e9fecture des Hautes-Alpes, qui doit accueillir <a target=\"_blank\" href=\"https:\/\/reporterre.net\/JO-d-hiver-2030-un-gouffre-financier-en-pleine-austerite\">les Jeux d\u2019hiver en 2030<\/a>. Ceci, alors que le comit\u00e9 d\u2019organisation des jeux vient seulement de trouver son pr\u00e9sident, en la personne <a target=\"_blank\" href=\"https:\/\/www.ouest-france.fr\/jeux-olympiques\/jo-2030-il-etait-temps-le-comite-dorganisation-enfin-lance-mardi-avec-grospiron-a-sa-tete-a1df1f32-ed2b-11ef-92ea-2fca82364a08\" class=\"spip_out\" rel=\"external\">Edgar Grospiron<\/a>, ex-champion de ski acrobatique, apr\u00e8s des semaines de tergiversations.<\/p>\n<p>La ville voudrait construire un village olympique afin d\u2019y loger 1\u00a0200\u00a0athl\u00e8tes. <i>\u00ab<small class=\"fine d-inline\">\u00a0<\/small>C\u2019est une opportunit\u00e9, une des plus belles que notre ville ait connues ces dix derni\u00e8res ann\u00e9es<small class=\"fine d-inline\">\u00a0<\/small>\u00bb<\/i>, <a target=\"_blank\" href=\"https:\/\/www.ledauphine.com\/politique\/2024\/04\/11\/jo-2030-la-municipalite-donne-des-garanties-au-cio-malgre-les-inquietudes-de-l-opposition\" class=\"spip_out\" rel=\"external\">d\u00e9clarait le maire, Arnaud Murgia<\/a> (divers droite), en avril 2024. Pour ce faire, elle a choisi un site embl\u00e9matique\u00a0: le fort des T\u00eates, un ouvrage militaire de 15\u00a0000\u00a0m<sup class=\"typo_exposants\">2<\/sup> inscrit sur la liste du patrimoine mondial de l\u2019Unesco, perch\u00e9 \u00e0 1\u00a0440\u00a0m\u00e8tres, sur les hauteurs de la cit\u00e9.<\/p>\n<p>La mairie a command\u00e9 des \u00e9tudes de faisabilit\u00e9 \u00e0 l\u2019architecte en chef des Monuments historiques Gabor Mester de Parajd. Celui-ci avait d\u00e9j\u00e0 \u00e9t\u00e9 mandat\u00e9 en 2017 pour transformer le fort des T\u00eates en h\u00f4tel de luxe et restaurant gastronomique. Un projet abandonn\u00e9 apr\u00e8s la mise en examen du promoteur immobilier <a target=\"_blank\" href=\"https:\/\/c.ledauphine.com\/economie\/2022\/01\/21\/fort-des-tetes-le-jour-ou-j-ai-compris-que-c-etait-du-flan-hautes-alpes-briancon-ludovic-arnaud\" class=\"spip_out\" rel=\"external\">pour escroquerie et abus de confiance<\/a>.<\/p>\n<h2 class=\"spip\">Un rapport toujours pas rendu public<\/h2>\n<p>Gabor Mester de Parajd s\u2019est-il servi de ce travail pour l\u2019\u00e9tude olympique<small class=\"fine d-inline\">\u00a0<\/small>? Contact\u00e9 par <i>Reporterre<\/i>, l\u2019architecte n\u2019a pas donn\u00e9 suite. Quoi qu\u2019il en soit, la municipalit\u00e9 a d\u00e9j\u00e0 d\u00e9bours\u00e9 <a target=\"_blank\" href=\"https:\/\/c.ledauphine.com\/societe\/2024\/09\/19\/village-olympique-le-batiment-de-la-schappe-aussi\" class=\"spip_out\" rel=\"external\">155\u00a0000\u00a0euros pour cette nouvelle \u00e9tude<\/a>. Avec quel r\u00e9sultat<small class=\"fine d-inline\">\u00a0<\/small>? Myst\u00e8re. Le rapport remis en novembre n\u2019a pas encore \u00e9t\u00e9 rendu public, emp\u00eachant de conna\u00eetre les d\u00e9tails du projet.<\/p>\n<p>Une omerta qui irrite les opposants aux <span class=\"caps\">JO<\/span>. Durant la s\u00e9ance du conseil municipal du 12\u00a0f\u00e9vrier, Francine Daerden, conseill\u00e8re d\u2019opposition (Brian\u00e7on citoyenne), a confront\u00e9 le maire\u00a0: <i>\u00ab<small class=\"fine d-inline\">\u00a0<\/small>Je me fais la porte-parole de certains Brian\u00e7onnais qui s\u2019\u00e9tonnent que les \u00e9tudes rendues par l\u2019architecte sur le fort des T\u00eates ne soient pas encore divulgu\u00e9es.<small class=\"fine d-inline\">\u00a0<\/small>\u00bb<\/i><\/p>\n<blockquote class=\"spip\">\n<p>\u00ab<small class=\"fine d-inline\">\u00a0<\/small>On ne donne aucun \u00e9l\u00e9ment \u00e0 la population pour qu\u2019elle ne puisse pas donner son avis<small class=\"fine d-inline\">\u00a0<\/small>\u00bb<\/p>\n<\/blockquote>\n<p>Cette d\u00e9claration a agac\u00e9 le maire, qui a coup\u00e9 la parole de la conseill\u00e8re afin d\u2019assurer qu\u2019il n\u2019y avait rien de <i>\u00ab<small class=\"fine d-inline\">\u00a0<\/small>secret<small class=\"fine d-inline\">\u00a0<\/small>\u00bb<\/i> dans l\u2019affaire. <i>\u00ab<small class=\"fine d-inline\">\u00a0<\/small>Nous avons men\u00e9 ces \u00e9tudes de programmation, qui ont montr\u00e9 que c\u2019\u00e9tait tout \u00e0 fait possible de faire un village olympique dans le fort des T\u00eates. Cette \u00e9tude a \u00e9t\u00e9 remise entre les mains de la Solideo<span class=\"spip_note_ref\">\u00a0[<a target=\"_blank\" href=\"#nb1\" class=\"spip_note\" rel=\"appendix\" title=\"Soci\u00e9t\u00e9 de livraison des ouvrages olympiques, qui s\u2019occupe de la\u00a0(\u2026)\" id=\"nh1\">1<\/a>]<\/span> et n\u00e9cessite des arbitrages. (&#8230;) \u00c0 partir du moment o\u00f9 ces arbitrages seront faits, j\u2019expliquerai dans le d\u00e9tail la totalit\u00e9 du projet. (&#8230;) Mais cela ne sert \u00e0 rien de donner publiquement des chiffres qui ne sont pas fiabilis\u00e9s, ou qui entretiendraient des pol\u00e9miques st\u00e9riles<small class=\"fine d-inline\">\u00a0<\/small>\u00bb<\/i>, <a target=\"_blank\" href=\"https:\/\/www.facebook.com\/watch\/live\/?ref=watch_permalink&amp;v=1454520272187372&amp;rdid=mBVW3SnUVuVjBZgN\" class=\"spip_out\" rel=\"external\">a expliqu\u00e9 le maire lors du conseil municipal<\/a> (\u00e0 partir de 21 minutes sur la vid\u00e9o).<\/p>\n<div class=\"spip_document_88772 spip_document spip_documents spip_document_image spip_documents_center spip_document_center spip_document_avec_legende\" data-legende-len=\"210\" data-legende-lenx=\"xxx\">\n<figure class=\"spip_doc_inner\">\n      <picture><source type=\"image\/webp\" srcset=\"https:\/\/reporterre.net\/local\/cache-vignettes\/L1050xH700\/fort_des_tetes_-_panoramio__1_1_1_-86f4c.jpg@.webp?1739547185\"><img decoding=\"async\" src=\"https:\/\/reporterre.net\/IMG\/jpg\/fort_des_tetes_-_panoramio__1_1_1_.jpg\" width=\"1200\" height=\"800\" loading=\"lazy\" alt=\"\"\/><br \/>\n    <\/source><\/picture><figcaption class=\"spip_doc_legende\">\n<p>Les opposants au projet du fort des T\u00eates proposent des alternatives, avec un co\u00fbt moindre, comme la location d\u2019un Club Med situ\u00e9 au pied des pistes des Jeux olympiques.<br \/>\n<i>Wikimedia Commons \/ <span class=\"caps\">CC<\/span> <span class=\"caps\">BY<\/span> 3.0 \/ Silver<br \/>\n<\/i><\/p>\n<\/figcaption><\/figure>\n<\/p><\/div>\n<p><i>\u00ab<small class=\"fine d-inline\">\u00a0<\/small>On ne donne aucun \u00e9l\u00e9ment \u00e0 la population pour qu\u2019elle ne puisse pas donner son avis<small class=\"fine d-inline\">\u00a0<\/small>\u00bb<\/i>, d\u00e9nonce St\u00e9phane Faure-Brac, membre du collectif Les Escartons autrement. De fait, le d\u00e9bat autour des <span class=\"caps\">JO<\/span> 2030 est tr\u00e8s sensible dans la vall\u00e9e. En janvier, une association n\u2019avait pas obtenu de salle pour organiser <a target=\"_blank\" href=\"https:\/\/c.ledauphine.com\/societe\/2025\/02\/01\/jo-une-association-de-l-argentiere-depose-un-recours-contre-le-maire-pour-un-refus-de-salle\" class=\"spip_out\" rel=\"external\">une r\u00e9union publique sur le sujet<\/a>.<\/p>\n<p>Contact\u00e9 par <i>Reporterre<\/i>, un guide-conf\u00e9rencier qui organise des visites au fort durant l\u2019\u00e9t\u00e9 refuse de t\u00e9moigner sans l\u2019aval de la mairie. Cette derni\u00e8re n\u2019a pas r\u00e9pondu \u00e0 nos questions, nous renvoyant vers le comit\u00e9 d\u2019organisation des <span class=\"caps\">JO<\/span>, dont l\u2019assembl\u00e9e constitutive n\u2019\u00e9tait pr\u00e9vue que le mardi 18\u00a0f\u00e9vrier.<\/p>\n<h2 class=\"spip\">La facture pourrait atteindre 100\u00a0millions d\u2019euros<\/h2>\n<p>Face au manque d\u2019information, les militants tentent de faire leurs propres calculs. <i>\u00ab<small class=\"fine d-inline\">\u00a0<\/small>\u00c0 l\u2019\u00e9poque du projet d\u2019h\u00f4tel, <a target=\"_blank\" href=\"https:\/\/alpesdusud.alpes1.com\/news\/hautes-alpes\/66349\/hautes-alpes-la-transformation-du-fort-des-tetes-de-briancon\" class=\"spip_out\" rel=\"external\">on parlait de 65 millions d\u2019euros<\/a> pour r\u00e9nover le fort. Sachant qu\u2019aujourd\u2019hui il y a deux projets\u00a0: celui du village olympique et ensuite celui pour le transformer en logements et commerces<small class=\"fine d-inline\">\u00a0<\/small>\u00bb<\/i>, poursuit St\u00e9phane Faure-Brac.<\/p>\n<p>Le chantier s\u2019annonce colossal. Il faudra d\u2019abord refaire la petite route d\u2019acc\u00e8s qui, aujourd\u2019hui, laisse \u00e0 peine deux v\u00e9hicules se croiser. Le projet pr\u00e9voit \u00e9galement de construire un ascenseur vall\u00e9en au d\u00e9part du parc de la Schappe, en bas de la ville, et de refaire les r\u00e9seaux d\u2019\u00e9lectricit\u00e9 et d\u2019eau. Au total, selon les opposants, la facture pourrait atteindre 100\u00a0millions d\u2019euros.<\/p>\n<p>Ces derniers avaient propos\u00e9 d\u2019autres alternatives au fort des T\u00eates, comme la location du <a target=\"_blank\" href=\"https:\/\/c.ledauphine.com\/economie\/2024\/12\/20\/la-troisieme-version-du-club-med-se-veut-plus-luxueuse-et-plus-vertueuse\" class=\"spip_out\" rel=\"external\">Club Med de Villeneuve-la-Salle<\/a> situ\u00e9 \u00e0 500\u00a0m\u00e8tres des pistes o\u00f9 vont se d\u00e9rouler les \u00e9preuves olympiques. Un \u00e9tablissement qui vient d\u2019\u00eatre r\u00e9nov\u00e9, avec une capacit\u00e9 d\u2019accueil de 7\u00a0300\u00a0lits.<\/p>\n<div class=\"spip_document_88771 spip_document spip_documents spip_document_image spip_documents_center spip_document_center spip_document_avec_legende\" data-legende-len=\"154\" data-legende-lenx=\"xxx\">\n<figure class=\"spip_doc_inner\">\n      <picture><source type=\"image\/webp\" srcset=\"https:\/\/reporterre.net\/local\/cache-vignettes\/L1050xH700\/fort_des_tetes_1_1_-3d22a.jpg@.webp?1739547185\"><img decoding=\"async\" src=\"https:\/\/reporterre.net\/IMG\/jpg\/fort_des_tetes_1_1_.jpg\" width=\"1200\" height=\"800\" loading=\"lazy\" alt=\"\"\/><br \/>\n    <\/source><\/picture><figcaption class=\"spip_doc_legende\">\n<p>La transformation du fort des T\u00eates en village olympique n\u00e9cessiterait d\u2019\u00e9normes travaux sur la route d\u2019acc\u00e8s.<br \/>\n<i>Wikimedia Commons \/ <span class=\"caps\">CC<\/span> <span class=\"caps\">BY<\/span>&#8211;<span class=\"caps\">SA<\/span> 3.0 \/ Benj05<br \/>\n<\/i><\/p>\n<\/figcaption><\/figure>\n<\/p><\/div>\n<p>Cette option co\u00fbterait environ 20\u00a0millions d\u2019euros, mais n\u2019a pas convaincu Arnaud Murgia. <i>\u00ab<small class=\"fine d-inline\">\u00a0<\/small>Je crois que ces 20\u00a0millions d\u2019euros seront mieux investis dans la r\u00e9habilitation d\u2019un fort<small class=\"fine d-inline\">\u00a0<\/small>\u00bb<\/i>, a d\u00e9clar\u00e9 le maire au site d\u2019actualit\u00e9 <a target=\"_blank\" href=\"https:\/\/mesinfos.fr\/05100-briancon\/a-briancon-la-gauche-s-oppose-au-village-olympique-au-fort-des-tetes-210246.html\" class=\"spip_out\" rel=\"external\"><i>Mes Infos<\/i><\/a>.<\/p>\n<p><i>\u00ab<small class=\"fine d-inline\">\u00a0<\/small>Vingt millions d\u2019euros, c\u2019est au moins cinq fois moins que l\u2019am\u00e9nagement du fort des T\u00eates et de ses acc\u00e8s. Sans compter une foule de nuisances en moins pour les habitants du Brian\u00e7onnais \u00e0 cause des travaux, qui s\u2019\u00e9taleraient \u00e0 minima jusqu\u2019\u00e0 2029<small class=\"fine d-inline\">\u00a0<\/small>\u00bb<\/i>, r\u00e9torque St\u00e9phane Faure-Brac.<\/p>\n<h2 class=\"spip\">Cinq villages olympiques pr\u00e9vus dans les Alpes<\/h2>\n<p>Brian\u00e7on n\u2019est pas le seul site qui va accueillir un nouveau village olympique. <a target=\"_blank\" href=\"https:\/\/stillmed.olympics.com\/media\/Documents\/International-Olympic-Committee\/Commissions\/Future-host-commission\/Olympic-Winter-Games\/Commission-Report-2030-FR.pdf\" class=\"spip_out\" rel=\"external\">Selon les documents du Comit\u00e9 international olympique<\/a>, cinq autres infrastructures sont pr\u00e9vues pour loger les sportifs.<\/p>\n<p>En Haute-Savoie, c\u2019est le complexe h\u00f4telier du Chinaillon qui a \u00e9t\u00e9 d\u00e9sign\u00e9. En Savoie, un nouveau village olympique et un ascenseur vall\u00e9en seront construits <a target=\"_blank\" href=\"https:\/\/dahut.info\/article\/local\/bozel-village-olympique-zoom-sur-un-enieme-projet-absurde-4283\" class=\"spip_out\" rel=\"external\">\u00e0 Bozel, pr\u00e8s de Courchevel<\/a>. Un autre complexe h\u00f4telier qui a d\u00e9j\u00e0 fait office de village olympique en 1992 va \u00eatre r\u00e9utilis\u00e9 en Savoie. Enfin, \u00e0 Nice, <a target=\"_blank\" href=\"https:\/\/www.nicecotedazur.org\/actualites\/les-jeux-olympiques-dhiver-2030-dans-la-metropole-nice-cote-dazur\/\" class=\"spip_out\" rel=\"external\">un cinqui\u00e8me village olympique de 1\u00a0500\u00a0lits est pr\u00e9vu<\/a>.<\/p>\n<p>Reste \u00e0 savoir ce que deviendront toutes ces infrastructures apr\u00e8s les Jeux. \u00c0 Brian\u00e7on, le maire a assur\u00e9 que le village serait reconverti en logements pour les saisonniers et les primo-acc\u00e9dants. Une promesse qui laisse St\u00e9phane Faure-Brac dubitatif\u00a0: <i>\u00ab<small class=\"fine d-inline\">\u00a0<\/small>Vu le montant des travaux, les promoteurs vont devoir vendre \u00e0 des gens qui ont de l\u2019argent et qui pourront d\u00e9fiscaliser leur achat car il s\u2019agit <a target=\"_blank\" href=\"https:\/\/www.defiscalisation-monuments-historiques.info\/\" class=\"spip_out\" rel=\"external\">d\u2019un monument historique<\/a><small class=\"fine d-inline\">\u00a0<\/small>\u00bb<\/i>.<\/p>\n<aside class=\"boite_encarts\">\n<div class=\"encart encart_gris noprint\">\n<p><strong>Puisque vous \u00eates l\u00e0&#8230;<\/strong><\/p>\n<p>&#8230; nous avons un petit service \u00e0 vous demander.<br class=\"autobr\"\/><br \/>\nEntre la pr\u00e9sence d\u2019un climatosceptique \u00e0 la t\u00eate de la premi\u00e8re puissance mondiale, un gouvernement fran\u00e7ais qui flirte avec l\u2019extr\u00eame-droite, et les catastrophes climatiques qui s\u2019enchainent&#8230; Faire vivre l\u2019\u00e9cologie dans le d\u00e9bat public est un enjeu crucial.<\/p>\n<p>Personne ne modifie ce que nous publions. Nous n\u2019avons ni actionnaire, ni propri\u00e9taire milliardaire \u2014 seulement une \u00e9quipe d\u2019irr\u00e9ductibles journalistes, pleine de d\u00e9termination.<\/p>\n<p>Nous avons la conviction que l\u2019urgence \u00e9cologique est l\u2019enjeu majeur de notre \u00e9poque. Et comme plus de 2 millions de lectrices et lecteurs chaque mois, vous partagez sans doute cette conviction&#8230;<\/p>\n<p><strong>Depuis 12 ans, nous publions des articles de qualit\u00e9 sur l\u2019\u00e9cologie, en acc\u00e8s libre et sans publicit\u00e9, pour tous.<\/strong><br class=\"autobr\"\/><br \/>\nMais ce travail demande beaucoup de temps et de ressources.<\/p>\n<p>Alors, si vous en avez les moyens, sachez qu\u2019un don, m\u00eame d\u20191\u20ac, est un acte de soutien fort pour l\u2019\u00e9cologie et le journalisme ind\u00e9pendant.<br class=\"autobr\"\/><br \/>\n(Et \u00e7a vous prendra moins de temps que la lecture de ce texte).<\/p>\n<p><strong>Si vous le pouvez, choisissez un soutien mensuel. Merci.<\/strong><\/p>\n<p><a target=\"_blank\" href=\"https:\/\/reporterre.net\/dons\" class=\"bt_soutenir\">Je soutiens <i>Reporterre<\/i><\/a><\/p>\n<\/p><\/div>\n<div class=\"encart encart_vert noprint montre_1023\">\n<div class=\"infolettre-form-container noprint\">\n<p>Abonnez-vous \u00e0 la lettre d\u2019info de Reporterre<\/p>\n<\/div><\/div>\n<\/aside>\n<aside class=\"boite_apresarticle encart_note\">\n<h4>Apr\u00e8s cet article<\/h4>\n<p>      <a target=\"_blank\" href=\"https:\/\/reporterre.net\/100-ans-de-JO-dans-les-Alpes-et-un-heritage-controverse\" class=\"lien_article\">\n      <picture class=\"vignette_gauche\"><source type=\"image\/webp\" srcset=\"https:\/\/reporterre.net\/https:\/\/reporterre.net\/local\/cache-vignettes\/L400xH300\/fds-b779e.jpg@.webp?1737368028\"><img decoding=\"async\" src=\"https:\/\/reporterre.net\/local\/cache-vignettes\/L400xH300\/fds-b779e.jpg?1737368028\" width=\"400\" height=\"300\" alt=\"\" class=\"marge12\" loading=\"lazy\"\/><br \/>\n<\/source><\/picture>\n<p class=\"libelle\">\n<p>          Reportage \u2014<\/p>\n<p>      \u00c9conomie\n    <\/p>\n<p class=\"titre pol20\">100 ans de <span class=\"caps\">JO<\/span> dans les Alpes, et un h\u00e9ritage controvers\u00e9<\/p>\n<p>      <\/a><br \/>\n    <\/aside>\n<aside class=\"boite_complement texte\">\n<div class=\"encart_note\">\n<h4>Notes<\/h4>\n<div id=\"nb1\">\n<p><span class=\"spip_note_ref\">[<a target=\"_blank\" href=\"#nh1\" class=\"spip_note\" title=\"Notes 1\" rev=\"appendix\">1<\/a>]\u00a0<\/span>Soci\u00e9t\u00e9 de livraison des ouvrages olympiques, qui s\u2019occupe de la construction des infrastructures pour les comp\u00e9titions<\/p>\n<\/div><\/div>\n<p>      <!-- zone_forum --><br \/>\n          <\/aside>\n<aside class=\"boite_lireaussi noprint\">\n<\/aside>\n<aside class=\"colonne\">\n<div class=\"article_info cache_1023 noprint\">\n<p>    <span class=\"date\">18 f\u00e9vrier 2025  \u00e0 09h20<\/span><\/p>\n<p class=\"duree_lecture\">\n        Dur\u00e9e de lecture : 6 minutes\n      <\/p>\n<\/p><\/div>\n<div class=\"bloc_infolettre\">\n<div class=\"infolettre-form-container noprint\">\n<p>Abonnez-vous \u00e0 la lettre d\u2019info de Reporterre<\/p>\n<\/div><\/div>\n<\/aside>\n<div id=\"galerie\">\n  <img decoding=\"async\" src=\"\" class=\"principale\" id=\"principale\"\/><\/p>\n<p id=\"legende\">legende<\/p>\n<\/div>\n<footer class=\"noprint\">\n<\/footer>\n<\/div>\n<p><br \/>\n<br \/><a href=\"https:\/\/reporterre.net\/JO-2030-un-fort-classe-transforme-en-village-olympique\" target=\"_blank\"\">Source link <\/a><\/p>\n","protected":false},"excerpt":{"rendered":"<p>Combien va co\u00fbter la transformation du fort des T\u00eates de Brian\u00e7on en village olympique\u00a0? C\u2019est la question que se posent beaucoup d\u2019habitantes et d\u2019habitants de la sous-pr\u00e9fecture des Hautes-Alpes, qui&hellip; <\/p>\n","protected":false},"author":1,"featured_media":2858,"comment_status":"open","ping_status":"open","sticky":false,"template":"","format":"standard","meta":{"footnotes":""},"categories":[1],"tags":[],"class_list":["post-2857","post","type-post","status-publish","format-standard","has-post-thumbnail","hentry","category-non-classe"],"_links":{"self":[{"href":"https:\/\/monde25.info\/index.php\/wp-json\/wp\/v2\/posts\/2857","targetHints":{"allow":["GET"]}}],"collection":[{"href":"https:\/\/monde25.info\/index.php\/wp-json\/wp\/v2\/posts"}],"about":[{"href":"https:\/\/monde25.info\/index.php\/wp-json\/wp\/v2\/types\/post"}],"author":[{"embeddable":true,"href":"https:\/\/monde25.info\/index.php\/wp-json\/wp\/v2\/users\/1"}],"replies":[{"embeddable":true,"href":"https:\/\/monde25.info\/index.php\/wp-json\/wp\/v2\/comments?post=2857"}],"version-history":[{"count":0,"href":"https:\/\/monde25.info\/index.php\/wp-json\/wp\/v2\/posts\/2857\/revisions"}],"wp:featuredmedia":[{"embeddable":true,"href":"https:\/\/monde25.info\/index.php\/wp-json\/wp\/v2\/media\/2858"}],"wp:attachment":[{"href":"https:\/\/monde25.info\/index.php\/wp-json\/wp\/v2\/media?parent=2857"}],"wp:term":[{"taxonomy":"category","embeddable":true,"href":"https:\/\/monde25.info\/index.php\/wp-json\/wp\/v2\/categories?post=2857"},{"taxonomy":"post_tag","embeddable":true,"href":"https:\/\/monde25.info\/index.php\/wp-json\/wp\/v2\/tags?post=2857"}],"curies":[{"name":"wp","href":"https:\/\/api.w.org\/{rel}","templated":true}]}}