{"id":2861,"date":"2025-02-18T11:57:01","date_gmt":"2025-02-18T10:57:01","guid":{"rendered":"https:\/\/monde25.info\/index.php\/2025\/02\/18\/des-opposants-installes-dans-les-arbres-face-au-tribunal\/"},"modified":"2025-02-18T11:57:01","modified_gmt":"2025-02-18T10:57:01","slug":"des-opposants-installes-dans-les-arbres-face-au-tribunal","status":"publish","type":"post","link":"https:\/\/monde25.info\/index.php\/2025\/02\/18\/des-opposants-installes-dans-les-arbres-face-au-tribunal\/","title":{"rendered":"des opposants install\u00e9s dans les arbres face au tribunal"},"content":{"rendered":"<p> <br \/>\n<\/p>\n<div>\n<p class=\"indication_lieu\">Toulouse, reportage<\/p>\n<p><i>\u00ab<small class=\"fine d-inline\">\u00a0<\/small>Ma fille m\u2019a dit de vous ramener tout cela<small class=\"fine d-inline\">\u00a0<\/small>!<small class=\"fine d-inline\">\u00a0<\/small>\u00bb<\/i> En fin de matin\u00e9e, lundi 17\u00a0f\u00e9vrier, un homme d\u2019environ 70\u00a0ans s\u2019approche de deux grands platanes situ\u00e9s devant le tribunal administratif de Toulouse. Le sac qu\u2019il tient, contenant des viennoiseries et du caf\u00e9, est rapidement accroch\u00e9 \u00e0 une corde et hiss\u00e9 dans les arbres. <i>\u00ab<small class=\"fine d-inline\">\u00a0<\/small>Merci pour le soutien<small class=\"fine d-inline\">\u00a0<\/small>!<small class=\"fine d-inline\">\u00a0<\/small>\u00bb<\/i> lance une voix depuis les branches du platane.<\/p>\n<p>L\u00e0-haut, <a target=\"_blank\" href=\"https:\/\/reporterre.net\/Occuper-des-arbres-est-ce-legitime-Un-ecureuil-anti-A69-en-proces\">six <i>\u00ab<small class=\"fine d-inline\">\u00a0<\/small>\u00e9cureuils<small class=\"fine d-inline\">\u00a0<\/small>\u00bb<\/i>, le surnom donn\u00e9 aux militants qui luttent depuis les arbres<\/a>, se sont install\u00e9s dans la nuit de dimanche \u00e0 lundi, juste en face de l\u2019entr\u00e9e du tribunal. <i>\u00ab<small class=\"fine d-inline\">\u00a0<\/small>On est mobilis\u00e9s pour accentuer la pression. Cela fait deux ans qu\u2019on attend que la justice prenne ses responsabilit\u00e9s dans <a target=\"_blank\" href=\"https:\/\/reporterre.net\/A69\">le dossier de l\u2019A69<\/a><small class=\"fine d-inline\">\u00a0<\/small>\u00bb<\/i>, dit \u00e0 <i>Reporterre<\/i> Tanus, qui est descendu de quelques m\u00e8tres pour pouvoir communiquer.<\/p>\n<h2 class=\"spip\">La rapporteure publique favorable \u00e0 l\u2019annulation<\/h2>\n<p>Le tribunal administratif de Toulouse <a target=\"_blank\" href=\"https:\/\/reporterre.net\/Audience-decisive-pour-l-A69-le-retard-du-chantier-pourrait-peser\">doit examiner mardi 18\u00a0f\u00e9vrier la requ\u00eate d\u00e9pos\u00e9e par plusieurs associations<\/a> en juin 2023 pour demander l\u2019annulation de l\u2019autorisation environnementale de l\u2019A69. Si le juge d\u00e9cide d\u2019acc\u00e9der aux demandes des requ\u00e9rants, le projet de l\u2019autoroute entre Toulouse et Castres serait stopp\u00e9.<\/p>\n<p>L\u2019enjeu est de taille, puisque malgr\u00e9 deux ans de chantier, le concessionnaire Atosca doit toujours effectuer des travaux tr\u00e8s impactants, notamment <a target=\"_blank\" href=\"https:\/\/reporterre.net\/Autoroute-A69-l-ultime-chance-de-stopper-l-installation-des-usines-a-bitume\">le bitumage des quelque 53\u00a0kilom\u00e8tres de trac\u00e9<\/a>.<\/p>\n<div class=\"spip_document_88811 spip_document spip_documents spip_document_image spip_documents_center spip_document_center spip_document_avec_legende\" data-legende-len=\"149\" data-legende-lenx=\"xxx\">\n<figure class=\"spip_doc_inner\">\n      <picture><source type=\"image\/webp\" srcset=\"https:\/\/reporterre.net\/local\/cache-vignettes\/L1050xH700\/hl-aberlioz-2025-02-17-0006-caca8.jpg@.webp?1739811114\"><img decoding=\"async\" src=\"https:\/\/reporterre.net\/IMG\/jpg\/hl-aberlioz-2025-02-17-0006.jpg\" width=\"1200\" height=\"800\" loading=\"lazy\" alt=\"\"\/><br \/>\n    <\/source><\/picture><figcaption class=\"spip_doc_legende\">\n<p>Les militants attendent beaucoup de la d\u00e9cision du tribunal administratif, qui doit \u00eatre rendue d\u2019ici deux semaines.<br \/>\n<i>\u00a9 Antoine Berlioz \/ Reporterre<\/i><\/p>\n<\/figcaption><\/figure>\n<\/p><\/div>\n<p>La d\u00e9cision de stopper l\u2019avanc\u00e9e de l\u2019A69 semblait peu probable au vu des enjeux politiques et \u00e9conomiques pesant de tout leur poids dans ce dossier. Mais elle est envisageable pour les opposants depuis <a target=\"_blank\" href=\"https:\/\/reporterre.net\/A69-la-rapporteure-publique-reclame-l-abandon-du-chantier\">la publication des conclusions de la rapporteure publique, Mona Rousseau<\/a>. Par deux fois, en novembre et il y a quelques jours, l\u2019enqu\u00eate de la magistrate ind\u00e9pendante a conclu \u00e0 l\u2019absence de raison imp\u00e9rative d\u2019int\u00e9r\u00eat public majeur et a conseill\u00e9 au tribunal administratif d\u2019annuler l\u2019autorisation environnementale.<\/p>\n<blockquote class=\"spip\">\n<p>\u00ab<small class=\"fine d-inline\">\u00a0<\/small>Pour nous, ces conclusions sont une \u00e9vidence depuis le d\u00e9but<small class=\"fine d-inline\">\u00a0<\/small>\u00bb<\/p>\n<\/blockquote>\n<p><a target=\"_blank\" href=\"https:\/\/reporterre.net\/A69-le-tribunal-se-donne-15-jours-pour-decider-de-l-annulation\">Lors d\u2019une pr\u00e9c\u00e9dente audience<\/a>, en novembre 2024, Mona Rousseau avait d\u00e9clar\u00e9 que les arguments du concessionnaire <i>\u00ab<small class=\"fine d-inline\">\u00a0<\/small>peinent \u00e0 convaincre<small class=\"fine d-inline\">\u00a0<\/small>\u00bb<\/i>. Malgr\u00e9 cette conclusions, <a target=\"_blank\" href=\"https:\/\/toulouse.tribunal-administratif.fr\/decisions-de-justice\/dernieres-decisions\/reouverture-de-l-instruction-dans-l-affaire-de-l-a69\" class=\"spip_out\" rel=\"external\">le tribunal avait choisi en d\u00e9cembre de rouvrir l\u2019instruction<\/a>, laissant Atosca poursuivre le chantier en attendant une nouvelle audience.<\/p>\n<p><i>\u00ab<small class=\"fine d-inline\">\u00a0<\/small>Il va falloir du courage au juge pour suivre les conclusions de la rapporteure publique, mais c\u2019est ce que de nombreux citoyens du Tarn et de Haute-Garonne lui demandent. Pour nous, ces conclusions sont une \u00e9vidence depuis le d\u00e9but<small class=\"fine d-inline\">\u00a0<\/small>\u00bb<\/i>, dit Tanus.<\/p>\n<div class=\"spip_document_88813 spip_document spip_documents spip_document_image spip_documents_center spip_document_center spip_document_avec_legende\" data-legende-len=\"151\" data-legende-lenx=\"xxx\">\n<figure class=\"spip_doc_inner\">\n      <picture><source type=\"image\/webp\" srcset=\"https:\/\/reporterre.net\/local\/cache-vignettes\/L1050xH700\/hl-aberlioz-2025-02-17-0008-57052.jpg@.webp?1739811114\"><img decoding=\"async\" src=\"https:\/\/reporterre.net\/IMG\/jpg\/hl-aberlioz-2025-02-17-0008.jpg\" width=\"1200\" height=\"800\" loading=\"lazy\" alt=\"\"\/><br \/>\n    <\/source><\/picture><figcaption class=\"spip_doc_legende\">\n<p>Les opposants \u00e0 l\u2019A69 appellent le tribunal \u00e0 faire preuve de \u00ab<small class=\"fine d-inline\">\u00a0<\/small><small class=\"fine d-inline\">\u00a0<\/small>courage<small class=\"fine d-inline\">\u00a0<\/small><small class=\"fine d-inline\">\u00a0<\/small>\u00bb en annulant l\u2019autorisation environnementale.<br \/>\n<i>\u00a9 Antoine Berlioz \/ Reporterre<\/i><\/p>\n<\/figcaption><\/figure>\n<\/p><\/div>\n<p>Au-dessus de lui, <a target=\"_blank\" href=\"https:\/\/reporterre.net\/Thomas-Brail-hospitalise-pendant-sa-greve-de-la-soif-contre-l-A69\">Thomas Brail<\/a>, le fondateur du Groupe national de surveillance des arbres (<span class=\"caps\">GNSA<\/span>), est allong\u00e9 dans son hamac. <i>\u00ab<small class=\"fine d-inline\">\u00a0<\/small>On a aussi voulu attirer l\u2019attention des m\u00e9dias sur ce qui se joue au tribunal, sur l\u2019importance de cette audience<\/i>, d\u00e9taille Tanus, qui fait lui aussi partie du <span class=\"caps\">GNSA<\/span>. <i>On n\u2019a pas la m\u00eame force de pression \u00e9conomique et m\u00e9diatique que le groupe Pierre Fabre, par exemple, qui <a target=\"_blank\" href=\"https:\/\/reporterre.net\/Pour-sauver-l-A69-le-chantage-a-l-emploi-du-groupe-Pierre-Fabre\">avait fait du chantage \u00e0 l\u2019emploi<\/a> lors de la pr\u00e9c\u00e9dente audience, mais on a toute la mobilisation citoyenne et populaire avec nous.<small class=\"fine d-inline\">\u00a0<\/small>\u00bb<\/i><\/p>\n<p>Dans des vid\u00e9os post\u00e9es sur les r\u00e9seaux sociaux du <a target=\"_blank\" href=\"https:\/\/www.lvel.fr\/\" class=\"spip_out\" rel=\"external\">collectif La Voie est libre<\/a>, de nombreuses personnalit\u00e9s comme les acteurs Bruno Solo et M\u00e9lanie Laurent, l\u2019activiste <a target=\"_blank\" href=\"https:\/\/reporterre.net\/De-retour-a-Paris-Paul-Watson-deja-pret-a-repartir-au-combat\">Paul Watson<\/a> et la chanteuse Emily Loizeau ont appel\u00e9 les pouvoirs publics et la justice \u00e0 abandonner ce projet d\u2019autoroute et \u00e0 se mobiliser mardi d\u00e8s 8\u00a0heures sur le parvis de la gare Matabiau, \u00e0 quelques pas du tribunal administratif de Toulouse.<\/p>\n<p>Sur le boulevard Bonrepos, certaines voitures klaxonnent en guise de soutien aux \u00ab<small class=\"fine d-inline\">\u00a0<\/small>\u00e9cureuils<small class=\"fine d-inline\">\u00a0<\/small>\u00bb. <i>\u00ab<small class=\"fine d-inline\">\u00a0<\/small>On ne sait pas encore combien de temps on va rester dans les arbres<small class=\"fine d-inline\">\u00a0<\/small>\u00bb<\/i>, dit Tanus. L\u2019audience est pr\u00e9vue \u00e0 9\u00a0heures mardi, mais la d\u00e9cision du juge devrait \u00eatre rendue publique d\u2019ici une quinzaine de jours.<\/p>\n<aside class=\"boite_encarts\">\n<div class=\"encart encart_gris noprint\">\n<p><strong>Puisque vous \u00eates l\u00e0&#8230;<\/strong><\/p>\n<p>&#8230; nous avons un petit service \u00e0 vous demander.<br class=\"autobr\"\/><br \/>\nEntre la pr\u00e9sence d\u2019un climatosceptique \u00e0 la t\u00eate de la premi\u00e8re puissance mondiale, un gouvernement fran\u00e7ais qui flirte avec l\u2019extr\u00eame-droite, et les catastrophes climatiques qui s\u2019enchainent&#8230; Faire vivre l\u2019\u00e9cologie dans le d\u00e9bat public est un enjeu crucial.<\/p>\n<p>Personne ne modifie ce que nous publions. Nous n\u2019avons ni actionnaire, ni propri\u00e9taire milliardaire \u2014 seulement une \u00e9quipe d\u2019irr\u00e9ductibles journalistes, pleine de d\u00e9termination.<\/p>\n<p>Nous avons la conviction que l\u2019urgence \u00e9cologique est l\u2019enjeu majeur de notre \u00e9poque. Et comme plus de 2 millions de lectrices et lecteurs chaque mois, vous partagez sans doute cette conviction&#8230;<\/p>\n<p><strong>Depuis 12 ans, nous publions des articles de qualit\u00e9 sur l\u2019\u00e9cologie, en acc\u00e8s libre et sans publicit\u00e9, pour tous.<\/strong><br class=\"autobr\"\/><br \/>\nMais ce travail demande beaucoup de temps et de ressources.<\/p>\n<p>Alors, si vous en avez les moyens, sachez qu\u2019un don, m\u00eame d\u20191\u20ac, est un acte de soutien fort pour l\u2019\u00e9cologie et le journalisme ind\u00e9pendant.<br class=\"autobr\"\/><br \/>\n(Et \u00e7a vous prendra moins de temps que la lecture de ce texte).<\/p>\n<p><strong>Si vous le pouvez, choisissez un soutien mensuel. Merci.<\/strong><\/p>\n<p><a target=\"_blank\" href=\"https:\/\/reporterre.net\/dons\" class=\"bt_soutenir\">Je soutiens <i>Reporterre<\/i><\/a><\/p>\n<\/p><\/div>\n<div class=\"encart encart_vert noprint montre_1023\">\n<div class=\"infolettre-form-container noprint\">\n<p>Abonnez-vous \u00e0 la lettre d\u2019info de Reporterre<\/p>\n<\/div><\/div>\n<\/aside>\n<aside class=\"boite_apresarticle encart_note\">\n<h4>Apr\u00e8s cet article<\/h4>\n<p>      <a target=\"_blank\" href=\"https:\/\/reporterre.net\/Autoroute-A69-l-ultime-chance-de-stopper-l-installation-des-usines-a-bitume\" class=\"lien_article\">\n      <picture class=\"vignette_gauche\"><source type=\"image\/webp\" srcset=\"https:\/\/reporterre.net\/https:\/\/reporterre.net\/local\/cache-vignettes\/L450xH300\/aberlioz-2024-11-07-1-2-965a5.jpg@.webp?1739441921\"><img decoding=\"async\" src=\"https:\/\/reporterre.net\/local\/cache-vignettes\/L450xH300\/aberlioz-2024-11-07-1-2-965a5.jpg?1739441921\" width=\"450\" height=\"300\" alt=\"\" class=\"marge12\" loading=\"lazy\"\/><br \/>\n<\/source><\/picture>\n<p class=\"libelle\">\n<p>          Reportage \u2014<\/p>\n<p>      Luttes\n    <\/p>\n<p class=\"titre pol20\">Autoroute A69\u00a0: l\u2019ultime chance de stopper l\u2019installation des usines \u00e0 bitume<\/p>\n<p>      <\/a><br \/>\n    <\/aside>\n<aside class=\"boite_complement texte\">\n<p>      <!-- zone_forum --><br \/>\n          <\/aside>\n<aside class=\"boite_lireaussi noprint\">\n<\/aside>\n<aside class=\"colonne\">\n<div class=\"article_info cache_1023 noprint\">\n<p>    <span class=\"date\">18 f\u00e9vrier 2025  \u00e0 09h13<\/span><\/p>\n<p>    <span class=\"date_modif\">Mis \u00e0 jour le 18 f\u00e9vrier 2025 \u00e0 11h05<\/span>      <\/p>\n<p class=\"duree_lecture\">\n        Dur\u00e9e de lecture : 4 minutes\n      <\/p>\n<\/p><\/div>\n<div class=\"bloc_infolettre\">\n<div class=\"infolettre-form-container noprint\">\n<p>Abonnez-vous \u00e0 la lettre d\u2019info de Reporterre<\/p>\n<\/div><\/div>\n<\/aside><\/div>\n<p><br \/>\n<br \/><a href=\"https:\/\/reporterre.net\/A69-des-ecureuils-remontent-dans-les-arbres-avant-une-audience-decisive\" target=\"_blank\"\">Source link <\/a><\/p>\n","protected":false},"excerpt":{"rendered":"<p>Toulouse, reportage \u00ab\u00a0Ma fille m\u2019a dit de vous ramener tout cela\u00a0!\u00a0\u00bb En fin de matin\u00e9e, lundi 17\u00a0f\u00e9vrier, un homme d\u2019environ 70\u00a0ans s\u2019approche de deux grands platanes situ\u00e9s devant le tribunal&hellip; <\/p>\n","protected":false},"author":1,"featured_media":2862,"comment_status":"open","ping_status":"open","sticky":false,"template":"","format":"standard","meta":{"footnotes":""},"categories":[1],"tags":[],"class_list":["post-2861","post","type-post","status-publish","format-standard","has-post-thumbnail","hentry","category-non-classe"],"_links":{"self":[{"href":"https:\/\/monde25.info\/index.php\/wp-json\/wp\/v2\/posts\/2861","targetHints":{"allow":["GET"]}}],"collection":[{"href":"https:\/\/monde25.info\/index.php\/wp-json\/wp\/v2\/posts"}],"about":[{"href":"https:\/\/monde25.info\/index.php\/wp-json\/wp\/v2\/types\/post"}],"author":[{"embeddable":true,"href":"https:\/\/monde25.info\/index.php\/wp-json\/wp\/v2\/users\/1"}],"replies":[{"embeddable":true,"href":"https:\/\/monde25.info\/index.php\/wp-json\/wp\/v2\/comments?post=2861"}],"version-history":[{"count":0,"href":"https:\/\/monde25.info\/index.php\/wp-json\/wp\/v2\/posts\/2861\/revisions"}],"wp:featuredmedia":[{"embeddable":true,"href":"https:\/\/monde25.info\/index.php\/wp-json\/wp\/v2\/media\/2862"}],"wp:attachment":[{"href":"https:\/\/monde25.info\/index.php\/wp-json\/wp\/v2\/media?parent=2861"}],"wp:term":[{"taxonomy":"category","embeddable":true,"href":"https:\/\/monde25.info\/index.php\/wp-json\/wp\/v2\/categories?post=2861"},{"taxonomy":"post_tag","embeddable":true,"href":"https:\/\/monde25.info\/index.php\/wp-json\/wp\/v2\/tags?post=2861"}],"curies":[{"name":"wp","href":"https:\/\/api.w.org\/{rel}","templated":true}]}}