{"id":2877,"date":"2025-02-18T16:23:16","date_gmt":"2025-02-18T15:23:16","guid":{"rendered":"https:\/\/monde25.info\/index.php\/2025\/02\/18\/pourquoi-le-parlement-doit-rejeter-la-nomination-de-richard-ferrand-au-conseil-constitutionnel\/"},"modified":"2025-02-18T16:23:16","modified_gmt":"2025-02-18T15:23:16","slug":"pourquoi-le-parlement-doit-rejeter-la-nomination-de-richard-ferrand-au-conseil-constitutionnel","status":"publish","type":"post","link":"https:\/\/monde25.info\/index.php\/2025\/02\/18\/pourquoi-le-parlement-doit-rejeter-la-nomination-de-richard-ferrand-au-conseil-constitutionnel\/","title":{"rendered":"Pourquoi le Parlement doit rejeter la nomination de Richard Ferrand au Conseil constitutionnel"},"content":{"rendered":"<p> <br \/>\n<br \/>L\u2019accession \u00e0 la pr\u00e9sidence du Conseil constitutionnel de ce fid\u00e8le d\u2019Emmanuel Macron, \u00e0 la probit\u00e9 douteuse et \u00e0 la faible expertise en droit, plomberait une institution d\u00e9j\u00e0 en manque de l\u00e9gitimit\u00e9. Au moment m\u00eame o\u00f9 l\u2019extr\u00eame droite menace les fondements r\u00e9publicains du r\u00e9gime.<br \/>\n<br \/><br \/>\n<br \/><a href=\"https:\/\/www.mediapart.fr\/journal\/politique\/180225\/pourquoi-le-parlement-doit-rejeter-la-nomination-de-richard-ferrand-au-conseil-constitutionnel\" target=\"_blank\"\">Source link <\/a><\/p>\n","protected":false},"excerpt":{"rendered":"<p>L\u2019accession \u00e0 la pr\u00e9sidence du Conseil constitutionnel de ce fid\u00e8le d\u2019Emmanuel Macron, \u00e0 la probit\u00e9 douteuse et \u00e0 la faible expertise en droit, plomberait une institution d\u00e9j\u00e0 en manque de&hellip; <\/p>\n","protected":false},"author":1,"featured_media":2878,"comment_status":"open","ping_status":"open","sticky":false,"template":"","format":"standard","meta":{"footnotes":""},"categories":[1],"tags":[],"class_list":["post-2877","post","type-post","status-publish","format-standard","has-post-thumbnail","hentry","category-non-classe"],"_links":{"self":[{"href":"https:\/\/monde25.info\/index.php\/wp-json\/wp\/v2\/posts\/2877","targetHints":{"allow":["GET"]}}],"collection":[{"href":"https:\/\/monde25.info\/index.php\/wp-json\/wp\/v2\/posts"}],"about":[{"href":"https:\/\/monde25.info\/index.php\/wp-json\/wp\/v2\/types\/post"}],"author":[{"embeddable":true,"href":"https:\/\/monde25.info\/index.php\/wp-json\/wp\/v2\/users\/1"}],"replies":[{"embeddable":true,"href":"https:\/\/monde25.info\/index.php\/wp-json\/wp\/v2\/comments?post=2877"}],"version-history":[{"count":0,"href":"https:\/\/monde25.info\/index.php\/wp-json\/wp\/v2\/posts\/2877\/revisions"}],"wp:featuredmedia":[{"embeddable":true,"href":"https:\/\/monde25.info\/index.php\/wp-json\/wp\/v2\/media\/2878"}],"wp:attachment":[{"href":"https:\/\/monde25.info\/index.php\/wp-json\/wp\/v2\/media?parent=2877"}],"wp:term":[{"taxonomy":"category","embeddable":true,"href":"https:\/\/monde25.info\/index.php\/wp-json\/wp\/v2\/categories?post=2877"},{"taxonomy":"post_tag","embeddable":true,"href":"https:\/\/monde25.info\/index.php\/wp-json\/wp\/v2\/tags?post=2877"}],"curies":[{"name":"wp","href":"https:\/\/api.w.org\/{rel}","templated":true}]}}