{"id":2879,"date":"2025-02-18T17:28:52","date_gmt":"2025-02-18T16:28:52","guid":{"rendered":"https:\/\/monde25.info\/index.php\/2025\/02\/18\/exporter-au-lieu-de-nourrir-le-scandale-de-lagriculture-francaise-les-moutons-enrages\/"},"modified":"2025-02-18T17:28:52","modified_gmt":"2025-02-18T16:28:52","slug":"exporter-au-lieu-de-nourrir-le-scandale-de-lagriculture-francaise-les-moutons-enrages","status":"publish","type":"post","link":"https:\/\/monde25.info\/index.php\/2025\/02\/18\/exporter-au-lieu-de-nourrir-le-scandale-de-lagriculture-francaise-les-moutons-enrages\/","title":{"rendered":"Exporter au lieu de nourrir, le \u00abscandale\u00bb de l\u2019agriculture fran\u00e7aise \u2013 Les moutons enrag\u00e9s"},"content":{"rendered":"<p> <br \/>\n<\/p>\n<div>\n<p>Source <a target=\"_blank\" href=\"https:\/\/reporterre.net\/Exporter-au-lieu-de-nourrir-le-scandale-de-l-agriculture-francaise\" data-type=\"link\" data-id=\"https:\/\/reporterre.net\/Exporter-au-lieu-de-nourrir-le-scandale-de-l-agriculture-francaise\">REPORTERRE<\/a><\/p>\n<div class=\"wp-block-image\">\n<figure class=\"aligncenter size-large\"><img fetchpriority=\"high\" decoding=\"async\" width=\"482\" height=\"330\" src=\"https:\/\/lesmoutonsenrages.fr\/wp-content\/uploads\/2024\/10\/vegetables-752153_640-482x330.jpg\" alt=\"\" class=\"wp-image-162764\" srcset=\"https:\/\/lesmoutonsenrages.fr\/wp-content\/uploads\/2024\/10\/vegetables-752153_640-482x330.jpg 482w, https:\/\/lesmoutonsenrages.fr\/wp-content\/uploads\/2024\/10\/vegetables-752153_640-250x171.jpg 250w, https:\/\/lesmoutonsenrages.fr\/wp-content\/uploads\/2024\/10\/vegetables-752153_640-150x103.jpg 150w, https:\/\/lesmoutonsenrages.fr\/wp-content\/uploads\/2024\/10\/vegetables-752153_640.jpg 640w\" sizes=\"(max-width: 482px) 100vw, 482px\"\/><\/figure>\n<\/div>\n<p>Premi\u00e8re surface agricole de l\u2019UE, la France peine \u00e0 nourrir sa population\u00a0: elle pr\u00e9f\u00e8re exporter, d\u00e9nonce un rapport de Terre de liens. Un \u00ab<small>\u00a0<\/small>scandale<small>\u00a0<\/small>\u00bb orchestr\u00e9 par l\u2019agro-industrie.<\/p>\n<p><em>\u00ab<small>\u00a0<\/small>Un scandale made in France.<small>\u00a0<\/small>\u00bb<\/em> Voil\u00e0 comment l\u2019association Terre de liens r\u00e9sume l\u2019usage des terres agricoles en France. Dans <a target=\"_blank\" href=\"https:\/\/reporterre.net\/IMG\/pdf\/2025-tdl-rapport_annuel-sous_embargo_17.02_25.pdf\">un rapport<\/a> sur la souverainet\u00e9 alimentaire, publi\u00e9 le 17\u00a0f\u00e9vrier, elle d\u00e9cortique les paradoxes de l\u2019agriculture fran\u00e7aise en se penchant sur les usages des terres agricoles. Verdict\u00a0: la France a beau \u00eatre la premi\u00e8re surface agricole de l\u2019Union europ\u00e9enne, elle compte 11 millions de personnes en pr\u00e9carit\u00e9 alimentaire (17<small>\u00a0<\/small>% de sa population). Pire, elle doit importer un tiers de ses fruits et l\u00e9gumes pour r\u00e9pondre \u00e0 sa consommation.<\/p>\n<p><span id=\"more-165523\"\/><\/p>\n<p>Selon l\u2019association, qui reprend les donn\u00e9es du bureau d\u2019\u00e9tudes Solagro, 43<small>\u00a0<\/small>% des terres agricoles sont actuellement d\u00e9di\u00e9es \u00e0 l\u2019exportation. Avec ses 28\u00a0millions d\u2019hectares de surfaces agricoles utiles (SAU), le pays dispose pourtant de suffisamment de terres pour subvenir \u00e0 ses besoins. Or, <em>\u00ab<small>\u00a0<\/small>plus de la moiti\u00e9 des surfaces c\u00e9r\u00e9ali\u00e8res, fruiti\u00e8res et mara\u00eech\u00e8res, et un quart des surfaces d\u2019\u00e9levage produisent finalement pour l\u2019exportation<small>\u00a0<\/small>\u00bb<\/em>, d\u00e9taille Terre de liens. En contrepartie, la part des terres consacr\u00e9e \u00e0 nourrir la population fran\u00e7aise est r\u00e9duite \u00e0 2\u00a0100 m<sup>2<\/sup> par habitant, l\u00e0 o\u00f9 4\u00a0000 m<sup>2<\/sup> seraient n\u00e9cessaires.<\/p>\n<h2 class=\"wp-block-heading\">Une alimentation \u00ab<small>\u00a0<\/small>accro aux importations<small>\u00a0<\/small>\u00bb<\/h2>\n<p>En parall\u00e8le, la France doit importer toujours plus de denr\u00e9es alimentaires destin\u00e9es \u00e0 la grande distribution ou \u00e0 l\u2019industrie de la transformation. <em>\u00ab<small>\u00a0<\/small>Depuis vingt ans, nos importations ont doubl\u00e9. On importe un tiers des fruits et l\u00e9gumes qui sont consomm\u00e9s en France, un tiers de la volaille, un quart de la viande de porc, tous ces produits que nous savons produire en France<small>\u00a0<\/small>\u00bb<\/em>, d\u00e9nonce Coline Sovran, coautrice du rapport de Terre de liens.<\/p>\n<p>L\u2019association appelle le gouvernement <em>\u00ab<small>\u00a0<\/small>\u00e0 mettre en coh\u00e9rence la production agricole avec les besoins alimentaires<small>\u00a0<\/small>\u00bb<\/em>, alors qu\u2019est actuellement en d\u00e9bat la loi d\u2019orientation agricole cens\u00e9e r\u00e9pondre \u00e0 la <a target=\"_blank\" href=\"https:\/\/reporterre.net\/Colere-des-agriculteurs-Nous-sommes-en-train-de-mourir\">col\u00e8re des agriculteurs<\/a> et que 16<small>\u00a0<\/small>% des Fran\u00e7ais d\u00e9clarent ne pas avoir assez \u00e0 manger\u00a0[<a target=\"_blank\" href=\"https:\/\/reporterre.net\/Exporter-au-lieu-de-nourrir-le-scandale-de-l-agriculture-francaise#nb1\">1<\/a>].<\/p>\n<p>La structure, qui a fait de la pr\u00e9servation des terres agricoles son combat, estime que la souverainet\u00e9 alimentaire passera par la reterritorialisation des fili\u00e8res. Elle plaide pour que les collectivit\u00e9s locales disposent d\u2019une comp\u00e9tence <em>\u00ab<small>\u00a0<\/small>alimentaire<small>\u00a0<\/small>\u00bb<\/em>, afin que soit inscrite dans leurs missions la r\u00e9installation d\u2019infrastructures de transformation \u00e0 \u00e9chelle locale\u00a0: meuniers pour les farines, moulins pour les huiles, abattoirs de proximit\u00e9 pour la viande, etc.<\/p>\n<h3 class=\"wp-block-heading\">Une agriculture transform\u00e9e \u2026\/\u2026<\/h3>\n<p><a target=\"_blank\" href=\"https:\/\/reporterre.net\/Exporter-au-lieu-de-nourrir-le-scandale-de-l-agriculture-francaise\" data-type=\"link\" data-id=\"https:\/\/reporterre.net\/Exporter-au-lieu-de-nourrir-le-scandale-de-l-agriculture-francaise\">Lire l\u2019article complet<\/a><\/p>\n<p>Lire aussi :<\/p>\n<p>Tous les articles, la tribune libre et commentaires sont sous la responsabilit\u00e9 de leurs auteurs. Les Moutons Enrag\u00e9s ne sauraient \u00eatre tenus responsables de leur contenu ou orientation.<\/p>\n<\/p><\/div>\n<p><br \/>\n<br \/><a href=\"https:\/\/lesmoutonsenrages.fr\/2025\/02\/18\/exporter-au-lieu-de-nourrir-le-scandale-de-lagriculture-francaise\/\" target=\"_blank\"\">Source link <\/a><\/p>\n","protected":false},"excerpt":{"rendered":"<p>Source REPORTERRE Premi\u00e8re surface agricole de l\u2019UE, la France peine \u00e0 nourrir sa population\u00a0: elle pr\u00e9f\u00e8re exporter, d\u00e9nonce un rapport de Terre de liens. Un \u00ab\u00a0scandale\u00a0\u00bb orchestr\u00e9 par l\u2019agro-industrie. \u00ab\u00a0Un&hellip; <\/p>\n","protected":false},"author":1,"featured_media":1387,"comment_status":"open","ping_status":"open","sticky":false,"template":"","format":"standard","meta":{"footnotes":""},"categories":[1],"tags":[],"class_list":["post-2879","post","type-post","status-publish","format-standard","has-post-thumbnail","hentry","category-non-classe"],"_links":{"self":[{"href":"https:\/\/monde25.info\/index.php\/wp-json\/wp\/v2\/posts\/2879","targetHints":{"allow":["GET"]}}],"collection":[{"href":"https:\/\/monde25.info\/index.php\/wp-json\/wp\/v2\/posts"}],"about":[{"href":"https:\/\/monde25.info\/index.php\/wp-json\/wp\/v2\/types\/post"}],"author":[{"embeddable":true,"href":"https:\/\/monde25.info\/index.php\/wp-json\/wp\/v2\/users\/1"}],"replies":[{"embeddable":true,"href":"https:\/\/monde25.info\/index.php\/wp-json\/wp\/v2\/comments?post=2879"}],"version-history":[{"count":0,"href":"https:\/\/monde25.info\/index.php\/wp-json\/wp\/v2\/posts\/2879\/revisions"}],"wp:featuredmedia":[{"embeddable":true,"href":"https:\/\/monde25.info\/index.php\/wp-json\/wp\/v2\/media\/1387"}],"wp:attachment":[{"href":"https:\/\/monde25.info\/index.php\/wp-json\/wp\/v2\/media?parent=2879"}],"wp:term":[{"taxonomy":"category","embeddable":true,"href":"https:\/\/monde25.info\/index.php\/wp-json\/wp\/v2\/categories?post=2879"},{"taxonomy":"post_tag","embeddable":true,"href":"https:\/\/monde25.info\/index.php\/wp-json\/wp\/v2\/tags?post=2879"}],"curies":[{"name":"wp","href":"https:\/\/api.w.org\/{rel}","templated":true}]}}