{"id":288,"date":"2024-11-17T01:00:42","date_gmt":"2024-11-17T00:00:42","guid":{"rendered":"https:\/\/monde25.info\/index.php\/2024\/11\/17\/interdiction-des-manifestations-de-lopposition-contre-les-resultats-electoraux-rt-en-francais\/"},"modified":"2024-11-17T01:00:42","modified_gmt":"2024-11-17T00:00:42","slug":"interdiction-des-manifestations-de-lopposition-contre-les-resultats-electoraux-rt-en-francais","status":"publish","type":"post","link":"https:\/\/monde25.info\/index.php\/2024\/11\/17\/interdiction-des-manifestations-de-lopposition-contre-les-resultats-electoraux-rt-en-francais\/","title":{"rendered":"interdiction des manifestations de l&rsquo;opposition contre les r\u00e9sultats \u00e9lectoraux \u2014 RT en fran\u00e7ais"},"content":{"rendered":"<p> <br \/>\n<br \/><img decoding=\"async\" src=\"https:\/\/mf.b37mrtl.ru\/french\/images\/2024.11\/thumbnail\/6738d65487f3ec7a9b590ce3.jpg\" \/><\/p>\n<div>\n<p class=\"text__summary\">\n                                        Au Mozambique, les tensions montent apr\u00e8s les r\u00e9sultats des \u00e9lections g\u00e9n\u00e9rales du 9 octobre, largement contest\u00e9s par l&rsquo;opposition. Face aux manifestations, les autorit\u00e9s comp\u00e9tentes ont annonc\u00e9 ce 15 novembre l&rsquo;interdiction de toute nouvelle mobilisation contre les r\u00e9sultats \u00e9lectoraux.\n                                    <\/p>\n<p>Face \u00e0 la mont\u00e9e de la contestation apr\u00e8s les r\u00e9sultats des \u00e9lections du 9 octobre dernier au Mozambique, les autorit\u00e9s\u00a0du pays ont d\u00e9cid\u00e9 d&rsquo;interdire les manifestations massives.<\/p>\n<p>Ce 15 novembre, Pascoal Ronda, ministre de l&rsquo;Int\u00e9rieur, a\u00a0publi\u00e9 un d\u00e9cret interdisant les manifestations et appelant la population \u00e0 \u00abcoop\u00e9rer avec les autorit\u00e9s pour mettre fin \u00e0 la violence\u00bb. Cette d\u00e9cision vise \u00e0 calmer les tensions qui ont agit\u00e9 ce pays d&rsquo;Afrique australe, marqu\u00e9es par des rassemblements de plus en plus importants, souvent r\u00e9prim\u00e9s violemment par la police.<\/p>\n<p>Le ministre\u00a0mozambicain a qualifi\u00e9 les manifestations d&rsquo;\u00abactes de terrorisme\u00bb assurant que \u00able gouvernement n&rsquo;allait pas laisser les manifestations continuer \u00e0 d\u00e9truire le pays\u00bb.<\/p>\n<p>Les r\u00e9sultats officiels ont \u00e9t\u00e9 annonc\u00e9s par la commission \u00e9lectorale nationale le 24 octobre dernier, proclamant Daniel Chapo, candidat du Frelimo (parti au pouvoir), vainqueur avec 70% des voix, contre 20% pour l\u2019opposant Venancio Mondlane. Depuis, de violentes manifestations ont \u00e9clat\u00e9\u00a0dans les grandes villes du pays.<\/p>\n<p>D\u00e9non\u00e7ant des r\u00e9sultats, selon lui, \u00abfrauduleux\u00bb, Venancio Mondlane a appel\u00e9 le 31 octobre \u00e0 une manifestation d&rsquo;une semaine \u00e0 l&rsquo;\u00e9chelle nationale, a rapport\u00e9 le m\u00e9dia AfricaNews.\u00a0En r\u00e9ponse, des centaines de personnes se sont rassembl\u00e9es dans les rues.<\/p>\n<h2>R\u00e9pression violente apr\u00e8s des \u00e9lections contest\u00e9es<\/h2>\n<p>\u00c0 ce jour, les manifestations ont fait 33 morts et des dizaines de bless\u00e9s. Le 19 octobre, deux figures de l&rsquo;opposition, Elvino Dias et Paulo Guambe, ont \u00e9t\u00e9 tu\u00e9es \u00e0 Maputo.<\/p>\n<p>Le directeur du Centre pour la d\u00e9mocratie et le d\u00e9veloppement (CDD), Adriano Nuvunga, a d\u00e9nonc\u00e9 la vague d&rsquo;arrestations, soulignant que des centaines de citoyens\u00a0avaient \u00e9t\u00e9 interpell\u00e9s \u00e0 travers le pays depuis le d\u00e9but des manifestations. L&rsquo;Association du barreau du Mozambique a quant \u00e0 elle annonc\u00e9 avoir apport\u00e9 son soutien juridique \u00e0 plus de 2 700 personnes arr\u00eat\u00e9es.<\/p>\n<p>Par\u00a0ailleurs, deux journalistes sud-africains de News Central TV, Bongani Siziba et Sibonelo Mkhasibe, ont \u00e9t\u00e9 arr\u00eat\u00e9s le 13 novembre \u00e0 Maputo alors qu&rsquo;ils couvraient les protestations. Ils ont \u00e9t\u00e9 finalement lib\u00e9r\u00e9s le 15 novembre apr\u00e8s des pressions diplomatiques de l&rsquo;Afrique du Sud.<\/p>\n<\/div>\n<p><br \/>\n<br \/><a href=\"https:\/\/francais.rt.com\/afrique\/114755-mozambique-interdiction-manifestations-opposition-contre-resultats-electoraux\" target=\"_blank\"\">Source link <\/a><\/p>\n","protected":false},"excerpt":{"rendered":"<p>Au Mozambique, les tensions montent apr\u00e8s les r\u00e9sultats des \u00e9lections g\u00e9n\u00e9rales du 9 octobre, largement contest\u00e9s par l&rsquo;opposition. Face aux manifestations, les autorit\u00e9s comp\u00e9tentes ont annonc\u00e9 ce 15 novembre l&rsquo;interdiction&hellip; <\/p>\n","protected":false},"author":1,"featured_media":289,"comment_status":"open","ping_status":"open","sticky":false,"template":"","format":"standard","meta":{"footnotes":""},"categories":[1],"tags":[],"class_list":["post-288","post","type-post","status-publish","format-standard","has-post-thumbnail","hentry","category-non-classe"],"_links":{"self":[{"href":"https:\/\/monde25.info\/index.php\/wp-json\/wp\/v2\/posts\/288","targetHints":{"allow":["GET"]}}],"collection":[{"href":"https:\/\/monde25.info\/index.php\/wp-json\/wp\/v2\/posts"}],"about":[{"href":"https:\/\/monde25.info\/index.php\/wp-json\/wp\/v2\/types\/post"}],"author":[{"embeddable":true,"href":"https:\/\/monde25.info\/index.php\/wp-json\/wp\/v2\/users\/1"}],"replies":[{"embeddable":true,"href":"https:\/\/monde25.info\/index.php\/wp-json\/wp\/v2\/comments?post=288"}],"version-history":[{"count":0,"href":"https:\/\/monde25.info\/index.php\/wp-json\/wp\/v2\/posts\/288\/revisions"}],"wp:featuredmedia":[{"embeddable":true,"href":"https:\/\/monde25.info\/index.php\/wp-json\/wp\/v2\/media\/289"}],"wp:attachment":[{"href":"https:\/\/monde25.info\/index.php\/wp-json\/wp\/v2\/media?parent=288"}],"wp:term":[{"taxonomy":"category","embeddable":true,"href":"https:\/\/monde25.info\/index.php\/wp-json\/wp\/v2\/categories?post=288"},{"taxonomy":"post_tag","embeddable":true,"href":"https:\/\/monde25.info\/index.php\/wp-json\/wp\/v2\/tags?post=288"}],"curies":[{"name":"wp","href":"https:\/\/api.w.org\/{rel}","templated":true}]}}