{"id":2884,"date":"2025-02-18T20:13:27","date_gmt":"2025-02-18T19:13:27","guid":{"rendered":"https:\/\/monde25.info\/index.php\/2025\/02\/18\/la-loi-dorientation-agricole-est-un-tres-mauvais-signal\/"},"modified":"2025-02-18T20:13:27","modified_gmt":"2025-02-18T19:13:27","slug":"la-loi-dorientation-agricole-est-un-tres-mauvais-signal","status":"publish","type":"post","link":"https:\/\/monde25.info\/index.php\/2025\/02\/18\/la-loi-dorientation-agricole-est-un-tres-mauvais-signal\/","title":{"rendered":"la loi d\u2019orientation agricole est \u00ab\u00a0un tr\u00e8s mauvais signal\u00a0\u00bb"},"content":{"rendered":"<p> <br \/>\n<\/p>\n<div>\n<p>L\u2019issue du vote \u00e9tait malheureusement courue d\u2019avance. Comme pr\u00e9vu, le S\u00e9nat a majoritairement vot\u00e9 pour le projet de loi d\u2019orientation agricole, mardi 18\u00a0f\u00e9vrier. Alors que <a target=\"_blank\" href=\"https:\/\/reporterre.net\/La-pire-regression-des-dix-dernieres-annees-sur-l-environnement-votee-a-l-Assemblee\">le texte adopt\u00e9 par l\u2019Assembl\u00e9e nationale<\/a> en mai 2024 constituait d\u00e9j\u00e0 un recul majeur de la l\u00e9gislation environnementale, cette nouvelle version dict\u00e9e par la droite s\u00e9natoriale est encore pire.<\/p>\n<p>\u00c9labor\u00e9 comme une r\u00e9ponse face \u00e0 la col\u00e8re des agriculteurs, ce projet de loi ne r\u00e9pond m\u00eame pas \u00e0 son objectif principal\u00a0: le renouvellement des g\u00e9n\u00e9rations pour assurer la souverainet\u00e9 alimentaire, d\u00e9nonce Marie Pochon, d\u00e9put\u00e9e \u00e9cologiste de la Dr\u00f4me. Le texte, que le gouvernement veut faire adopter en urgence d\u2019ici au d\u00e9but du Salon de l\u2019agriculture, samedi 22\u00a0f\u00e9vrier, n\u2019est selon elle que le moyen de r\u00e9aliser un <i>\u00ab<small class=\"fine d-inline\">\u00a0<\/small>coup de com<small class=\"fine d-inline\">\u00a0<\/small>\u00bb<\/i>.<\/p>\n<hr class=\"spip\"\/>\n<p><strong>Reporterre \u2014 Pourquoi le texte adopt\u00e9 par la majorit\u00e9 de droite au S\u00e9nat est-il encore plus n\u00e9faste pour l\u2019environnement que celui vot\u00e9 par les d\u00e9put\u00e9s<small class=\"fine d-inline\">\u00a0<\/small>? <\/strong><\/p>\n<p><strong>Marie Pochon \u2014<\/strong> Les s\u00e9nateurs ont renforc\u00e9 l\u2019orientation productiviste du projet de loi et supprim\u00e9 la plupart des r\u00e9f\u00e9rences \u00e0 la protection de la biodiversit\u00e9 et \u00e0 la transition \u00e9cologique. L\u2019une des mesures les plus embl\u00e9matiques concerne les atteintes aux esp\u00e8ces prot\u00e9g\u00e9es. Alors qu\u2019aujourd\u2019hui, la destruction d\u2019une esp\u00e8ce prot\u00e9g\u00e9e est punie de maximum cinq ans d\u2019emprisonnement et 150\u00a0000\u00a0euros d\u2019amende, les d\u00e9put\u00e9s avaient d\u00e9j\u00e0 introduit le \u00ab<small class=\"fine d-inline\">\u00a0<\/small>principe de\u00a0non-intentionnalit\u00e9<small class=\"fine d-inline\">\u00a0<\/small>\u00bb, c\u2019est-\u00e0-dire que seules les atteintes jug\u00e9es intentionnelles pourront \u00eatre sanctionn\u00e9es p\u00e9nalement. Les s\u00e9nateurs sont all\u00e9s encore plus loin en d\u00e9p\u00e9nalisant totalement ces atteintes et en proposant seulement une amende de 450 euros. <a target=\"_blank\" href=\"https:\/\/reporterre.net\/Destructions-d-especes-protegees-l-Etat-ouvre-la-porte-a-toutes-les-derives\">C\u2019est un permis de d\u00e9truire la biodiversit\u00e9 en toute impunit\u00e9<\/a>, qui sera d\u2019ailleurs sans doute jug\u00e9 inconstitutionnel.<\/p>\n<p>Ils ont \u00e9galement supprim\u00e9 l\u2019objectif de 21<small class=\"fine d-inline\">\u00a0<\/small>% de surface agricole utile en bio et 10<small class=\"fine d-inline\">\u00a0<\/small>% en l\u00e9gumineuses d\u2019ici \u00e0 2030. Cet objectif avait failli \u00eatre annul\u00e9 par les d\u00e9put\u00e9s au printemps, avant d\u2019\u00eatre sauv\u00e9 in extremis. Cette suppression par le S\u00e9nat est un tr\u00e8s mauvais signal envoy\u00e9 \u00e0 la fili\u00e8re bio, d\u00e9j\u00e0 cible d\u2019attaques r\u00e9p\u00e9t\u00e9es. L\u2019existence m\u00eame de <a target=\"_blank\" href=\"https:\/\/reporterre.net\/Le-Senat-et-le-gouvernement-veulent-supprimer-l-Agence-bio\">l\u2019Agence du bio avait d\u00e9j\u00e0, il y a quelques jours, \u00e9t\u00e9 remise en cause par la majorit\u00e9 s\u00e9natoriale<\/a>.<\/p>\n<blockquote class=\"spip\">\n<p>\u00ab<small class=\"fine d-inline\">\u00a0<\/small>Le calendrier impos\u00e9 par le gouvernement est compl\u00e8tement absurde<small class=\"fine d-inline\">\u00a0<\/small>\u00bb<\/p>\n<\/blockquote>\n<p>Enfin, en <a target=\"_blank\" href=\"https:\/\/reporterre.net\/La-souverainete-alimentaire-une-revendication-paysanne-detournee-par-l-agro-industrie\">consacrant la souverainet\u00e9 alimentaire comme int\u00e9r\u00eat majeur de la France<\/a>, les s\u00e9nateurs ont compl\u00e8tement d\u00e9voy\u00e9 ce terme. Ils veulent imposer une vision productiviste de l\u2019agriculture avec toujours plus de pesticides, de techno-solutionnisme pour exporter toujours plus, sans assurer par aucun moyen ni la durabilit\u00e9<small class=\"fine d-inline\">\u00a0<\/small>; ni l\u2019autonomie de la France, notamment vis-\u00e0-vis des intrants import\u00e9s. On ferme l\u2019horizon des choix aux agriculteurs, et on laisse la voie libre aux march\u00e9s d\u00e9r\u00e9gul\u00e9s. <br class=\"autobr\"\/>\n<\/p>\n<p><strong>Une commission mixte paritaire va se r\u00e9unir pour trouver un compromis entre d\u00e9put\u00e9s et s\u00e9nateurs d\u00e8s ce mardi soir. Il y a donc encore une chance que la version du S\u00e9nat ne soit pas d\u00e9finitivement adopt\u00e9e<small class=\"fine d-inline\">\u00a0<\/small>? <\/strong><\/p>\n<p>Un texte de compromis doit effectivement \u00eatre trouv\u00e9 par une commission mixte paritaire <i>[<span class=\"caps\">CMP<\/span>]<\/i> r\u00e9unissant sept s\u00e9nateurs et sept d\u00e9put\u00e9s. Si l\u2019Assembl\u00e9e nationale a bien le dernier mot sur le S\u00e9nat en cas de d\u00e9saccords, cette <span class=\"caps\">CMP<\/span> va se r\u00e9unir dans l\u2019urgence. L\u2019objectif du gouvernement est de permettre un vote d\u00e9finitif de l\u2019Assembl\u00e9e Nationale puis du S\u00e9nat d\u00e8s le lendemain, afin de faire des annonces de communication juste avant l\u2019ouverture du salon de l\u2019agriculture, samedi 22\u00a0f\u00e9vrier. C\u2019est trop rapide, il risque d\u2019y avoir des pressions sur les membres de la <span class=\"caps\">CMP<\/span> pour qu\u2019ils tombent d\u2019accord dans la nuit. Ce ne sera pas un d\u00e9bat serein.<\/p>\n<p>C\u2019est un passage en force de l\u2019ex\u00e9cutif. Ce texte, qui aborde des enjeux aussi essentiels que la souverainet\u00e9 alimentaire et qui suscite autant de clivages m\u00e9rite mieux. C\u2019est pourquoi nous demandons que les d\u00e9bats puissent se poursuivre jusqu\u2019\u00e0 mi-mars.<\/p>\n<blockquote class=\"spip\">\n<p>\u00ab<small class=\"fine d-inline\">\u00a0<\/small>Le texte ne r\u00e9pond pas aux questions sur l\u2019installation agricole, ni sur le renouvellement des g\u00e9n\u00e9rations<small class=\"fine d-inline\">\u00a0<\/small>\u00bb<\/p>\n<\/blockquote>\n<p>Par ailleurs, dans cette <span class=\"caps\">CMP<\/span>,  les opposants \u00e0 la loi d\u2019orientation agricole sont minoritaires. Les \u00c9cologistes ne voteront pas<span class=\"spip_note_ref\">\u00a0[<a target=\"_blank\" href=\"#nb1\" class=\"spip_note\" rel=\"appendix\" title=\"Les \u00c9cologistes n\u2019ont pas de repr\u00e9sentant disposant du droit de vote au sein\u00a0(\u2026)\" id=\"nh1\">1<\/a>]<\/span>, la majorit\u00e9 est d\u00e9tenue par l\u2019alliance des R\u00e9publicains et des macronistes. Le s\u00e9nateur <span class=\"caps\">LR<\/span> Laurent Duplomb si\u00e8ge \u00e0 cette commission et fera tout son possible pour l\u2019influencer. Il est \u00e0 l\u2019origine d\u2019<a target=\"_blank\" href=\"https:\/\/reporterre.net\/Agriculture-cette-loi-ecocide-que-le-Senat-s-apprete-a-voter\">une proposition de loi pour r\u00e9autoriser les n\u00e9onicotino\u00efdes<\/a>, soutenir les projets de m\u00e9gabassines, d\u00e9truire les zones humides. Cela n\u2019augure rien de bon. <br class=\"autobr\"\/>\n<\/p>\n<p><strong>Au-del\u00e0 des r\u00e9gressions environnementales, pourquoi estimez-vous que le texte vot\u00e9 par le S\u00e9nat ne r\u00e9sout pas les probl\u00e8mes des agriculteurs<small class=\"fine d-inline\">\u00a0<\/small>?<\/strong><\/p>\n<p>Il ne r\u00e9pond pas aux questions sur l\u2019installation agricole, ni sur le renouvellement des g\u00e9n\u00e9rations. Alors que <a target=\"_blank\" href=\"https:\/\/www.insee.fr\/fr\/statistiques\/4806717#tableau-figure3_radio1\" class=\"spip_out\" rel=\"external\">la moiti\u00e9 des agriculteurs devrait partir \u00e0 la retraite d\u2019ici 2030<\/a>, le texte ne dit rien sur le foncier. Le seul \u00e9l\u00e9ment qu\u2019il promeut est \u00ab<small class=\"fine d-inline\">\u00a0<\/small>l\u2019acquisition de comp\u00e9tences manag\u00e9riales<small class=\"fine d-inline\">\u00a0<\/small>\u00bb [dans le cadre d\u2019un \u00ab<small class=\"fine d-inline\">\u00a0<\/small>bachelor agro<small class=\"fine d-inline\">\u00a0<\/small>\u00bb, un dipl\u00f4me de niveau bac\u00a0+3]. Bien que 50<small class=\"fine d-inline\">\u00a0<\/small>% des agriculteurs qui souhaitent s\u2019installer veulent le faire en bio, aucun programme pour les accompagner n\u2019est pr\u00e9vu.<\/p>\n<p>L\u2019objectif de ce texte, en r\u00e9alit\u00e9, est d\u2019assurer notre balance commerciale et notre comp\u00e9titivit\u00e9 \u00e0 court terme, quitte \u00e0 mettre en p\u00e9ril le nombre d\u2019agriculteurs qui produisent sur nos territoires, l\u2019acc\u00e8s des Fran\u00e7ais au bien manger, la biodiversit\u00e9 et le climat&#8230; Le texte ne r\u00e9glera pas les probl\u00e8mes des agriculteurs ni de la souverainet\u00e9 alimentaire.<\/p>\n<aside class=\"boite_encarts\">\n<div class=\"encart encart_gris noprint\">\n<p><strong>Puisque vous \u00eates l\u00e0&#8230;<\/strong><\/p>\n<p>&#8230; nous avons un petit service \u00e0 vous demander.<br class=\"autobr\"\/><br \/>\nEntre la pr\u00e9sence d\u2019un climatosceptique \u00e0 la t\u00eate de la premi\u00e8re puissance mondiale, un gouvernement fran\u00e7ais qui flirte avec l\u2019extr\u00eame-droite, et les catastrophes climatiques qui s\u2019enchainent&#8230; Faire vivre l\u2019\u00e9cologie dans le d\u00e9bat public est un enjeu crucial.<\/p>\n<p>Personne ne modifie ce que nous publions. Nous n\u2019avons ni actionnaire, ni propri\u00e9taire milliardaire \u2014 seulement une \u00e9quipe d\u2019irr\u00e9ductibles journalistes, pleine de d\u00e9termination.<\/p>\n<p>Nous avons la conviction que l\u2019urgence \u00e9cologique est l\u2019enjeu majeur de notre \u00e9poque. Et comme plus de 2 millions de lectrices et lecteurs chaque mois, vous partagez sans doute cette conviction&#8230;<\/p>\n<p><strong>Depuis 12 ans, nous publions des articles de qualit\u00e9 sur l\u2019\u00e9cologie, en acc\u00e8s libre et sans publicit\u00e9, pour tous.<\/strong><br class=\"autobr\"\/><br \/>\nMais ce travail demande beaucoup de temps et de ressources.<\/p>\n<p>Alors, si vous en avez les moyens, sachez qu\u2019un don, m\u00eame d\u20191\u20ac, est un acte de soutien fort pour l\u2019\u00e9cologie et le journalisme ind\u00e9pendant.<br class=\"autobr\"\/><br \/>\n(Et \u00e7a vous prendra moins de temps que la lecture de ce texte).<\/p>\n<p><strong>Si vous le pouvez, choisissez un soutien mensuel. Merci.<\/strong><\/p>\n<p><a target=\"_blank\" href=\"https:\/\/reporterre.net\/dons\" class=\"bt_soutenir\">Je soutiens <i>Reporterre<\/i><\/a><\/p>\n<\/p><\/div>\n<div class=\"encart encart_vert noprint montre_1023\">\n<div class=\"infolettre-form-container noprint\">\n<p>Abonnez-vous \u00e0 la lettre d\u2019info de Reporterre<\/p>\n<\/div><\/div>\n<\/aside>\n<aside class=\"boite_apresarticle encart_note\">\n<h4>Apr\u00e8s cet article<\/h4>\n<p>      <a target=\"_blank\" href=\"https:\/\/reporterre.net\/La-loi-d-orientation-agricole-met-de-cote-la-defense-de-l-environnement\" class=\"lien_article\">\n      <picture class=\"vignette_gauche\"><source type=\"image\/webp\" srcset=\"https:\/\/reporterre.net\/local\/cache-vignettes\/L450xH300\/vehicle-harvest-field-agricultural-machinery-transport-harvester-1606889-pxhere_com_1_-f6d90.jpg@.webp?1737368635\"><img decoding=\"async\" src=\"https:\/\/reporterre.net\/local\/cache-vignettes\/L450xH300\/vehicle-harvest-field-agricultural-machinery-transport-harvester-1606889-pxhere_com_1_-f6d90.jpg?1737368635\" width=\"450\" height=\"300\" alt=\"\" class=\"marge12\" loading=\"lazy\"\/><br \/>\n<\/source><\/picture>\n<p class=\"libelle\">\n<p>      Agriculture\n    <\/p>\n<p class=\"titre pol20\">Loi d\u2019orientation agricole\u00a0: la simplification plut\u00f4t que l\u2019environnement<\/p>\n<p>      <\/a><br \/>\n    <\/aside>\n<aside class=\"boite_complement texte\">\n<div class=\"encart_note\">\n<h4>Notes<\/h4>\n<div id=\"nb1\">\n<p><span class=\"spip_note_ref\">[<a target=\"_blank\" href=\"#nh1\" class=\"spip_note\" title=\"Notes 1\" rev=\"appendix\">1<\/a>]\u00a0<\/span>Les \u00c9cologistes n\u2019ont pas de repr\u00e9sentant disposant du droit de vote au sein de la <span class=\"caps\"><span class=\"caps\">CMP<\/span><\/span>.<\/p>\n<\/div><\/div>\n<p>      <!-- zone_forum --><br \/>\n          <\/aside>\n<aside class=\"boite_lireaussi noprint\">\n<\/aside>\n<aside class=\"colonne\">\n<div class=\"article_info cache_1023 noprint\">\n<p>    <span class=\"date\">18 f\u00e9vrier 2025  \u00e0 17h46<\/span><\/p>\n<p class=\"duree_lecture\">\n        Dur\u00e9e de lecture : 5 minutes\n      <\/p>\n<\/p><\/div>\n<div class=\"bloc_infolettre\">\n<div class=\"infolettre-form-container noprint\">\n<p>Abonnez-vous \u00e0 la lettre d\u2019info de Reporterre<\/p>\n<\/div><\/div>\n<\/aside>\n<div id=\"galerie\">\n  <img decoding=\"async\" src=\"\" class=\"principale\" id=\"principale\"\/><\/p>\n<p id=\"legende\">legende<\/p>\n<\/div>\n<footer class=\"noprint\">\n<\/footer>\n<\/div>\n<p><br \/>\n<br \/><a href=\"https:\/\/reporterre.net\/Loi-d-orientation-agricole-un-calendrier-absurde-pour-faire-un-coup-de-com-au-salon-de-l\" target=\"_blank\"\">Source link <\/a><\/p>\n","protected":false},"excerpt":{"rendered":"<p>L\u2019issue du vote \u00e9tait malheureusement courue d\u2019avance. Comme pr\u00e9vu, le S\u00e9nat a majoritairement vot\u00e9 pour le projet de loi d\u2019orientation agricole, mardi 18\u00a0f\u00e9vrier. Alors que le texte adopt\u00e9 par l\u2019Assembl\u00e9e&hellip; <\/p>\n","protected":false},"author":1,"featured_media":2885,"comment_status":"open","ping_status":"open","sticky":false,"template":"","format":"standard","meta":{"footnotes":""},"categories":[1],"tags":[],"class_list":["post-2884","post","type-post","status-publish","format-standard","has-post-thumbnail","hentry","category-non-classe"],"_links":{"self":[{"href":"https:\/\/monde25.info\/index.php\/wp-json\/wp\/v2\/posts\/2884","targetHints":{"allow":["GET"]}}],"collection":[{"href":"https:\/\/monde25.info\/index.php\/wp-json\/wp\/v2\/posts"}],"about":[{"href":"https:\/\/monde25.info\/index.php\/wp-json\/wp\/v2\/types\/post"}],"author":[{"embeddable":true,"href":"https:\/\/monde25.info\/index.php\/wp-json\/wp\/v2\/users\/1"}],"replies":[{"embeddable":true,"href":"https:\/\/monde25.info\/index.php\/wp-json\/wp\/v2\/comments?post=2884"}],"version-history":[{"count":0,"href":"https:\/\/monde25.info\/index.php\/wp-json\/wp\/v2\/posts\/2884\/revisions"}],"wp:featuredmedia":[{"embeddable":true,"href":"https:\/\/monde25.info\/index.php\/wp-json\/wp\/v2\/media\/2885"}],"wp:attachment":[{"href":"https:\/\/monde25.info\/index.php\/wp-json\/wp\/v2\/media?parent=2884"}],"wp:term":[{"taxonomy":"category","embeddable":true,"href":"https:\/\/monde25.info\/index.php\/wp-json\/wp\/v2\/categories?post=2884"},{"taxonomy":"post_tag","embeddable":true,"href":"https:\/\/monde25.info\/index.php\/wp-json\/wp\/v2\/tags?post=2884"}],"curies":[{"name":"wp","href":"https:\/\/api.w.org\/{rel}","templated":true}]}}