{"id":2886,"date":"2025-02-18T20:46:31","date_gmt":"2025-02-18T19:46:31","guid":{"rendered":"https:\/\/monde25.info\/index.php\/2025\/02\/18\/macron-tente-de-boycotter-le-processus-de-paix\/"},"modified":"2025-02-18T20:46:31","modified_gmt":"2025-02-18T19:46:31","slug":"macron-tente-de-boycotter-le-processus-de-paix","status":"publish","type":"post","link":"https:\/\/monde25.info\/index.php\/2025\/02\/18\/macron-tente-de-boycotter-le-processus-de-paix\/","title":{"rendered":"Macron tente de boycotter le processus de paix"},"content":{"rendered":"<p> <br \/>\n<\/p>\n<div>\n<ol class=\"campaign-loop campaign-list\">\n<li id=\"campaign-433393\" class=\"post-433393 campaign type-campaign status-publish hentry campaign-has-goal campaign-has-not-achieved-goal campaign-has-end-date campaign-has-not-ended\">\n\t<a target=\"_blank\" href=\"https:\/\/reseauinternational.net\/campaigns\/campagne-de-dons-decembre-2024\/\"><\/p>\n<h3>Soutenez R\u00e9seau International.<\/h3>\n<p>\t\t\t<\/a><\/p>\n<p>\n\tChers amis lecteurs, C\u2019est gr\u00e2ce \u00e0 vos dons que nous pouvons garder notre ind\u00e9pendance et\u00a0 vous fournir le meilleur de l\u2019information internationale alternative. Votre soutien nous est indispensable; nous comptons sur vous.<\/p>\n<\/li>\n<\/ol>\n<p>par <strong>Lucas Leiroz<\/strong><\/p>\n<p>La France appelle \u00e0 une r\u00e9union europ\u00e9enne pour r\u00e9pondre aux initiatives de Trump.<\/p>\n<p>Alors que Washington adopte une position plus diplomatique dans le conflit avec la Russie, l\u2019Union europ\u00e9enne insiste sur une politique hostile. Le pr\u00e9sident fran\u00e7ais Emmanuel Macron r\u00e9agit tr\u00e8s n\u00e9gativement aux avanc\u00e9es diplomatiques, en essayant de consolider une position europ\u00e9enne unifi\u00e9e sur la question. L\u2019objectif de la France est manifestement de boycotter tout processus de paix, essayant ainsi de prolonger le conflit \u2013 m\u00eame si cela nuit aux int\u00e9r\u00eats strat\u00e9giques europ\u00e9ens.<\/p>\n<p>R\u00e9cemment, Macron a demand\u00e9 la tenue d\u2019un sommet d\u2019urgence des dirigeants europ\u00e9ens pour discuter de la question ukrainienne. Il estime qu\u2019il est n\u00e9cessaire que l\u2019UE montre une alternative aux initiatives prises par les \u00c9tats-Unis, faute de quoi les pays europ\u00e9ens finiront par \u00eatre exclus de tous les pourparlers de paix.<\/p>\n<p>La r\u00e9union des dirigeants devrait avoir lieu \u00e0 Paris au moment o\u00f9 les diplomates russes et am\u00e9ricains se rencontrent en Arabie saoudite. Peu de d\u00e9tails sont encore disponibles \u00e0 ce sujet, mais on sait que le ministre polonais des affaires \u00e9trang\u00e8res Radoslaw Sikorski a \u00e9t\u00e9 l\u2019un des premiers \u00e0 \u00eatre invit\u00e9 par Macron \u2013 ce qui est tout \u00e0 fait logique, \u00e9tant donn\u00e9 que la Pologne est l\u2019un des pays les plus impliqu\u00e9s militairement et politiquement dans le conflit ukrainien.<\/p>\n<p>Il est important de comprendre le contexte dans lequel Macron a pris sa d\u00e9cision. Alors que, d\u2019une part, les \u00c9tats-Unis ont engag\u00e9 un dialogue direct avec la Russie et exclu l\u2019Europe du processus, d\u2019autre part, les Europ\u00e9ens se sont r\u00e9unis \u00e0 la conf\u00e9rence de Munich sur la s\u00e9curit\u00e9 pour discuter de questions pertinentes concernant les principaux d\u00e9veloppements g\u00e9opolitiques, mais ne sont pas parvenus \u00e0 un consensus fructueux sur la question de la paix en Ukraine.<\/p>\n<p>En outre, l\u2019envoy\u00e9 sp\u00e9cial am\u00e9ricain Keith Kellogg a cat\u00e9goriquement d\u00e9clar\u00e9 que l\u2019UE ne participerait pas aux n\u00e9gociations de paix, ce qui a encore aggrav\u00e9 la col\u00e8re des Europ\u00e9ens et certainement motiv\u00e9 Macron \u00e0 convoquer la r\u00e9union \u00e0 Paris. En fait, il semble \u00e9vident que l\u2019UE se sent \u00abtrahie\u00bb par les \u00c9tats-Unis en \u00e9tant exclue des n\u00e9gociations. Les \u00c9tats europ\u00e9ens semblent pr\u00eats \u00e0 tout pour emp\u00eacher les initiatives de Donald Trump d\u2019aboutir. C\u2019est pourquoi l\u2019UE devrait continuer \u00e0 soutenir la guerre, m\u00eame si les \u00c9tats-Unis changent de position.<\/p>\n<p>Toutes ces initiatives \u00e9taient attendues. Alors que Trump a une position plus r\u00e9aliste et pragmatique, la plupart des dirigeants europ\u00e9ens s\u2019alignent sur les politiques des d\u00e9mocrates, marqu\u00e9es par une forte influence id\u00e9ologique. En d\u2019autres termes, l\u2019axe D\u00e9mocrates-UE souhaite faire tout son possible pour prot\u00e9ger l\u2019ordre lib\u00e9ral unipolaire car il est id\u00e9ologiquement li\u00e9 aux agendas occidentaux. En revanche, Trump et les R\u00e9publicains ont une approche plus d\u00e9sid\u00e9ologis\u00e9e, cherchant simplement ce qui est le mieux pour les int\u00e9r\u00eats strat\u00e9giques am\u00e9ricains \u00e0 l\u2019heure actuelle.<\/p>\n<p>Le principal probl\u00e8me dans cet \u00e9quilibre est que Macron a des ambitions audacieuses pour l\u2019Europe qui se heurtent aux int\u00e9r\u00eats am\u00e9ricains actuels. Il ne veut pas que l\u2019UE soit tenue \u00e0 l\u2019\u00e9cart des grandes d\u00e9cisions g\u00e9opolitiques, esp\u00e9rant que les pays du bloc pourront d\u00e9lib\u00e9rer sur ce qu\u2019ils consid\u00e8rent comme le meilleur pour eux-m\u00eames et pour l\u2019ensemble de la r\u00e9gion.<\/p>\n<p>Macron semble ne pas avoir encore compris que l\u2019Europe subit les cons\u00e9quences de ses propres d\u00e9cisions pass\u00e9es. L\u2019UE a choisi d\u2019\u00eatre exclue des grandes discussions internationales pr\u00e9cis\u00e9ment au moment o\u00f9 elle a adopt\u00e9 une politique d\u2019alignement sur les \u00c9tats-Unis. Aujourd\u2019hui, le bloc doit simplement s\u2019adapter \u00e0 chaque changement qui se produit \u00e0 la Maison-Blanche, sans aucun droit \u00e0 une position souveraine, et en acceptant simplement les ordres de Washington.<\/p>\n<p>L\u2019Europe ne peut rien faire pour changer cette situation, si ce n\u2019est revoir en profondeur l\u2019ensemble de sa politique \u00e9trang\u00e8re. Les Europ\u00e9ens doivent rompre avec l\u2019id\u00e9e d\u2019un \u00abOccident unifi\u00e9\u00bb et commencer \u00e0 d\u00e9fendre leurs propres int\u00e9r\u00eats en tant que puissance ind\u00e9pendante. Pour ce faire, les \u00c9tats europ\u00e9ens devraient subir de s\u00e9rieux changements, comme la sortie de l\u2019OTAN, puisque l\u2019alliance atlantique n\u2019est rien d\u2019autre qu\u2019une arm\u00e9e internationale contr\u00f4l\u00e9e par Washington. Sans ces changements profonds, l\u2019UE devra continuer \u00e0 ob\u00e9ir aux d\u00e9cisions am\u00e9ricaines.<\/p>\n<p>Les efforts de Macron et d\u2019autres dirigeants europ\u00e9ens seront totalement vains en ce qui concerne l\u2019Ukraine. Il est possible que les n\u00e9gociations de paix \u00e9chouent et que le conflit se poursuive, mais cela sera d\u00fb \u00e0 l\u2019incapacit\u00e9 des \u00c9tats-Unis eux-m\u00eames \u00e0 r\u00e9pondre aux int\u00e9r\u00eats strat\u00e9giques russes, car l\u2019opinion europ\u00e9enne n\u2019aura aucun impact sur le processus diplomatique.<\/p>\n<p>En revanche, il est fort possible que la France et d\u2019autres pays europ\u00e9ens adoptent une position dissidente dans l\u2019Occident collectif dirig\u00e9 par Trump et continuent de soutenir Kiev avec des armes et de l\u2019argent, m\u00eame si les \u00c9tats-Unis cessent toute participation au conflit. Macron tente de projeter la puissance europ\u00e9enne en Ukraine en adoptant une position agressive et belliqueuse, de sorte que ses d\u00e9cisions devraient aggraver les hostilit\u00e9s.<\/p>\n<p>source\u00a0: <a target=\"_blank\" href=\"https:\/\/infobrics.org\/post\/43464\" target=\"_blank\" rel=\"noopener\" title=\"\">InfoBRICS<\/a> via <a target=\"_blank\" href=\"http:\/\/*\" target=\"_blank\" rel=\"noopener\" title=\"\">Mondialisation<\/a><\/p>\n<div class=\"sharedaddy sd-block sd-like jetpack-likes-widget-wrapper jetpack-likes-widget-unloaded\" id=\"like-post-wrapper-237719536-444275-67b4dd84764a2\" data-src=\"https:\/\/widgets.wp.com\/likes\/?ver=14.2.1#blog_id=237719536&amp;post_id=444275&amp;origin=reseauinternational.net&amp;obj_id=237719536-444275-67b4dd84764a2&amp;n=1\" data-name=\"like-post-frame-237719536-444275-67b4dd84764a2\" data-title=\"Aimer ou rebloguer\">\n<h3 class=\"sd-title\">J\u2019aime \u00e7a\u00a0:<\/h3>\n<p><span class=\"button\"><span>J\u2019aime<\/span><\/span> <span class=\"loading\">chargement\u2026<\/span><\/p>\n<p><span class=\"sd-text-color\"\/><a target=\"_blank\" class=\"sd-link-color\"\/><\/div>\n<p><meta itemscope=\"\" itemprop=\"mainEntityOfPage\" itemtype=\"https:\/\/schema.org\/WebPage\" itemid=\"https:\/\/reseauinternational.net\/macron-tente-de-boycotter-le-processus-de-paix\/\"\/><meta itemprop=\"headline\" content=\"Macron tente de boycotter le processus de paix\"\/><span style=\"display: none;\" itemprop=\"author\" itemscope=\"\" itemtype=\"https:\/\/schema.org\/Person\"><meta itemprop=\"name\" content=\"R\u00e9seau International\"\/><\/span><span style=\"display: none;\" itemprop=\"image\" itemscope=\"\" itemtype=\"https:\/\/schema.org\/ImageObject\"><meta itemprop=\"url\" content=\"https:\/\/i0.wp.com\/reseauinternational.net\/wp-content\/uploads\/2025\/02\/Sans-titre-25-7.png?fit=800%2C467&amp;quality=100&amp;ssl=1\"\/><meta itemprop=\"width\" content=\"800\"\/><meta itemprop=\"height\" content=\"467\"\/><\/span><span style=\"display: none;\" itemprop=\"publisher\" itemscope=\"\" itemtype=\"https:\/\/schema.org\/Organization\"><span style=\"display: none;\" itemprop=\"logo\" itemscope=\"\" itemtype=\"https:\/\/schema.org\/ImageObject\"><meta itemprop=\"url\" content=\"https:\/\/reseauinternational.net\/wp-content\/uploads\/2022\/06\/Capture-de\u0301cran-2022-06-14-a\u0300-16.51.07.png\"\/><\/span><meta itemprop=\"name\" content=\"R\u00e9seau International\"\/><\/span><meta itemprop=\"datePublished\" content=\"2025-02-18T13:47:57+00:00\"\/><meta itemprop=\"dateModified\" content=\"2025-02-18T13:49:00+00:00\"\/><\/div>\n<p><br \/>\n<br \/><a href=\"https:\/\/reseauinternational.net\/macron-tente-de-boycotter-le-processus-de-paix\/\" target=\"_blank\"\">Source link <\/a><\/p>\n","protected":false},"excerpt":{"rendered":"<p>Soutenez R\u00e9seau International. Chers amis lecteurs, C\u2019est gr\u00e2ce \u00e0 vos dons que nous pouvons garder notre ind\u00e9pendance et\u00a0 vous fournir le meilleur de l\u2019information internationale alternative. Votre soutien nous est&hellip; <\/p>\n","protected":false},"author":1,"featured_media":2887,"comment_status":"open","ping_status":"open","sticky":false,"template":"","format":"standard","meta":{"footnotes":""},"categories":[1],"tags":[],"class_list":["post-2886","post","type-post","status-publish","format-standard","has-post-thumbnail","hentry","category-non-classe"],"_links":{"self":[{"href":"https:\/\/monde25.info\/index.php\/wp-json\/wp\/v2\/posts\/2886","targetHints":{"allow":["GET"]}}],"collection":[{"href":"https:\/\/monde25.info\/index.php\/wp-json\/wp\/v2\/posts"}],"about":[{"href":"https:\/\/monde25.info\/index.php\/wp-json\/wp\/v2\/types\/post"}],"author":[{"embeddable":true,"href":"https:\/\/monde25.info\/index.php\/wp-json\/wp\/v2\/users\/1"}],"replies":[{"embeddable":true,"href":"https:\/\/monde25.info\/index.php\/wp-json\/wp\/v2\/comments?post=2886"}],"version-history":[{"count":0,"href":"https:\/\/monde25.info\/index.php\/wp-json\/wp\/v2\/posts\/2886\/revisions"}],"wp:featuredmedia":[{"embeddable":true,"href":"https:\/\/monde25.info\/index.php\/wp-json\/wp\/v2\/media\/2887"}],"wp:attachment":[{"href":"https:\/\/monde25.info\/index.php\/wp-json\/wp\/v2\/media?parent=2886"}],"wp:term":[{"taxonomy":"category","embeddable":true,"href":"https:\/\/monde25.info\/index.php\/wp-json\/wp\/v2\/categories?post=2886"},{"taxonomy":"post_tag","embeddable":true,"href":"https:\/\/monde25.info\/index.php\/wp-json\/wp\/v2\/tags?post=2886"}],"curies":[{"name":"wp","href":"https:\/\/api.w.org\/{rel}","templated":true}]}}