{"id":2891,"date":"2025-02-18T22:27:20","date_gmt":"2025-02-18T21:27:20","guid":{"rendered":"https:\/\/monde25.info\/index.php\/2025\/02\/18\/le-president-de-la-republique-du-congo-avertit-contre-une-possible-guerre-regionale-rt-en-francais\/"},"modified":"2025-02-18T22:27:20","modified_gmt":"2025-02-18T21:27:20","slug":"le-president-de-la-republique-du-congo-avertit-contre-une-possible-guerre-regionale-rt-en-francais","status":"publish","type":"post","link":"https:\/\/monde25.info\/index.php\/2025\/02\/18\/le-president-de-la-republique-du-congo-avertit-contre-une-possible-guerre-regionale-rt-en-francais\/","title":{"rendered":"le pr\u00e9sident de la R\u00e9publique du Congo avertit contre une possible \u00abguerre r\u00e9gionale\u00bb \u2014 RT en fran\u00e7ais"},"content":{"rendered":"<p> <br \/>\n<br \/><img decoding=\"async\" src=\"https:\/\/mf.b37mrtl.ru\/french\/images\/2025.02\/thumbnail\/67b4bc6d6f7ccc5d346cee4f.jpg\" \/><\/p>\n<div>\n<p class=\"text__summary\">\n                                        Le pr\u00e9sident du Congo-Brazzaville, Denis Sassou-Nguesso, a estim\u00e9 qu\u2019une rencontre entre le pr\u00e9sident rwandais, Paul Kagame, et son homologue congolais, F\u00e9lix Tshisekedi, serait susceptible de calmer les tensions entre les deux pays, et se dit disponible pour servir de m\u00e9diateur.\n                                    <\/p>\n<p>Dans un entretien accord\u00e9 \u00e0 la cha\u00eene d\u2019information France 24, le 16 f\u00e9vrier dernier, le pr\u00e9sident du Congo-Brazzaville, Denis Sassou-Nguesso, a d\u00e9clar\u00e9 qu\u2019une guerre r\u00e9gionale \u00e9tait \u00e0 craindre dans le sillage de l\u2019avanc\u00e9e des rebelles du M23 dans l\u2019est de la RDC.<\/p>\n<p>\u00abOn peut craindre une guerre r\u00e9gionale, mais je crois que la sagesse africaine nous aidera \u00e0 \u00e9viter cette crise\u00bb a d\u00e9clar\u00e9 le pr\u00e9sident du Congo-Brazzaville.<\/p>\n<p>Pr\u00f4nant le dialogue entre le pr\u00e9sident rwandais Paul Kagame, et son homologue congolais F\u00e9lix Tshisekedi, Denis Sassou-Nguesso a d\u00e9clar\u00e9 : \u00abon cr\u00e9era les conditions pour qu\u2019ils se rencontrent, je ne vois pas comment on pourrait r\u00e9gler un tel probl\u00e8me sans une rencontre entre les deux dirigeants [&#8230;] pour nous il est important d\u2019instaurer le dialogue sous une forme ou sous une autre\u00bb, estimant que les \u00e9ventuelles sanctions qui pourraient \u00eatre impos\u00e9es dans ce contexte n\u2019ont pas toujours r\u00e9gl\u00e9 les probl\u00e8mes.<\/p>\n<h2>Les Africains doivent rester au centre des efforts de r\u00e9solution de la crise<\/h2>\n<p>Selon Denis Sassou-Nguesso d\u2019autres chefs d\u2019\u00c9tat africains pourraient prendre le relais du pr\u00e9sident angolais dans la m\u00e9diation entre Kinshasa et Kigali. Il a aussi d\u00e9clar\u00e9 qu\u2019il pourrait servir de m\u00e9diateur pour tenter de d\u00e9samorcer cette crise.<\/p>\n<p>Il est important de chercher une \u00abvraie solution\u00bb \u00e0 la crise et les Africains doivent rester \u00abau centre\u00bb de cet effort, a soulign\u00e9 le pr\u00e9sident congolais.<\/p>\n<p>Les avanc\u00e9es r\u00e9centes des rebelles du groupe arm\u00e9 M23, qui ont r\u00e9cemment pris le contr\u00f4le de Bukavu, inqui\u00e8tent la communaut\u00e9 internationale \u00e0 cause des risques d\u2019escalade r\u00e9gionale. Le conflit pourrait, en effet, s\u2019\u00e9tendre au-del\u00e0 des fronti\u00e8res congolaises, une situation qui a suscit\u00e9 des appels \u00e0 un cessez-le-feu de la part des Nations unies et de l\u2019Union africaine.\u00a0<\/p>\n<\/div>\n<p><br \/>\n<br \/><a href=\"https:\/\/francais.rt.com\/afrique\/117032-rdc-president-republique-congo-avertit-contre-une-possible-guerre-regionale\" target=\"_blank\"\">Source link <\/a><\/p>\n","protected":false},"excerpt":{"rendered":"<p>Le pr\u00e9sident du Congo-Brazzaville, Denis Sassou-Nguesso, a estim\u00e9 qu\u2019une rencontre entre le pr\u00e9sident rwandais, Paul Kagame, et son homologue congolais, F\u00e9lix Tshisekedi, serait susceptible de calmer les tensions entre les&hellip; <\/p>\n","protected":false},"author":1,"featured_media":2892,"comment_status":"open","ping_status":"open","sticky":false,"template":"","format":"standard","meta":{"footnotes":""},"categories":[1],"tags":[],"class_list":["post-2891","post","type-post","status-publish","format-standard","has-post-thumbnail","hentry","category-non-classe"],"_links":{"self":[{"href":"https:\/\/monde25.info\/index.php\/wp-json\/wp\/v2\/posts\/2891","targetHints":{"allow":["GET"]}}],"collection":[{"href":"https:\/\/monde25.info\/index.php\/wp-json\/wp\/v2\/posts"}],"about":[{"href":"https:\/\/monde25.info\/index.php\/wp-json\/wp\/v2\/types\/post"}],"author":[{"embeddable":true,"href":"https:\/\/monde25.info\/index.php\/wp-json\/wp\/v2\/users\/1"}],"replies":[{"embeddable":true,"href":"https:\/\/monde25.info\/index.php\/wp-json\/wp\/v2\/comments?post=2891"}],"version-history":[{"count":0,"href":"https:\/\/monde25.info\/index.php\/wp-json\/wp\/v2\/posts\/2891\/revisions"}],"wp:featuredmedia":[{"embeddable":true,"href":"https:\/\/monde25.info\/index.php\/wp-json\/wp\/v2\/media\/2892"}],"wp:attachment":[{"href":"https:\/\/monde25.info\/index.php\/wp-json\/wp\/v2\/media?parent=2891"}],"wp:term":[{"taxonomy":"category","embeddable":true,"href":"https:\/\/monde25.info\/index.php\/wp-json\/wp\/v2\/categories?post=2891"},{"taxonomy":"post_tag","embeddable":true,"href":"https:\/\/monde25.info\/index.php\/wp-json\/wp\/v2\/tags?post=2891"}],"curies":[{"name":"wp","href":"https:\/\/api.w.org\/{rel}","templated":true}]}}