{"id":29,"date":"2024-11-13T22:37:25","date_gmt":"2024-11-13T21:37:25","guid":{"rendered":"https:\/\/monde25.info\/index.php\/2024\/11\/13\/les-agriculteurs-denoncent-le-traite-ue-mercosur\/"},"modified":"2024-11-13T22:37:25","modified_gmt":"2024-11-13T21:37:25","slug":"les-agriculteurs-denoncent-le-traite-ue-mercosur","status":"publish","type":"post","link":"https:\/\/monde25.info\/index.php\/2024\/11\/13\/les-agriculteurs-denoncent-le-traite-ue-mercosur\/","title":{"rendered":"les agriculteurs d\u00e9noncent le trait\u00e9 UE-Mercosur"},"content":{"rendered":"<p> <br \/>\n<\/p>\n<div>\n<p class=\"indication_lieu\">Bruxelles (Belgique), reportage<\/p>\n<p>Les braises de la col\u00e8re agricole se r\u00e9chauffent sous le ciel ensoleill\u00e9 de Bruxelles. Ce mercredi 13\u00a0novembre, en fin de matin\u00e9e, les tracteurs grondent sur le rond-point Schuman. Une centaine d\u2019agriculteurs et leurs soutiens, venus de plusieurs pays d\u2019Europe, donnent de la voix face \u00e0 la Commission europ\u00e9enne. <i>\u00ab<small class=\"fine d-inline\">\u00a0<\/small>Stop <span class=\"caps\">UE<\/span>-Mercosur<small class=\"fine d-inline\">\u00a0<\/small>!<small class=\"fine d-inline\">\u00a0<\/small>\u00bb<\/i> tonnent-ils. Un mannequin habill\u00e9 en agriculteur est pendu par une corde \u00e0 un r\u00e9troviseur. Une pancarte est accroch\u00e9e au pare-chocs\u00a0: <i>\u00ab<small class=\"fine d-inline\">\u00a0<\/small>L\u2019agriculture<small class=\"fine d-inline\">\u00a0<\/small>! Mes enfants en r\u00eavent, moi j\u2019en cr\u00e8ve<small class=\"fine d-inline\">\u00a0<\/small>!<small class=\"fine d-inline\">\u00a0<\/small>\u00bb<\/i> Le poing lev\u00e9, Sylvie Colas, \u00e9leveuse de volailles dans le Gers, r\u00e9sume l\u2019angoisse g\u00e9n\u00e9rale\u00a0: <i>\u00ab<small class=\"fine d-inline\">\u00a0<\/small>Cet accord, c\u2019est un coup de poignard pour les petits \u00e9leveurs et les petites fermes.<small class=\"fine d-inline\">\u00a0<\/small>\u00bb<\/i><\/p>\n<p>Cette mobilisation, organis\u00e9e par la Fugea, syndicat belge de d\u00e9fense de l\u2019agriculture paysanne, et la Coordination europ\u00e9enne Via Campesina (<span class=\"caps\">ECVC<\/span>), fait suite \u00e0 l\u2019intensification des n\u00e9gociations sur l\u2019<a target=\"_blank\" href=\"https:\/\/reporterre.net\/Accord-UE-Mercosur-l-opposition-de-facade-d-Emmanuel-Macron\" class=\"spip_in\">accord de libre-\u00e9change<\/a> entre l\u2019Union europ\u00e9enne et les pays du Mercosur (Argentine, Br\u00e9sil, Paraguay, Uruguay et Bolivie). La Commission europ\u00e9enne, selon plusieurs sources, <a target=\"_blank\" href=\"https:\/\/reporterre.net\/L-accord-Mercosur-bientot-finalise\">aimerait le boucler lors du G20<\/a> des 18 et 19\u00a0novembre au Br\u00e9sil. Le m\u00e9dia Politico <a target=\"_blank\" href=\"https:\/\/www.politico.eu\/article\/eu-mercosur-december-trade-deal-france-latin-america-summit-china-brazil\/\" class=\"spip_out\" rel=\"external\">\u00e9voque<\/a> un d\u00e9nouement esp\u00e9r\u00e9 d\u00e9but d\u00e9cembre. Cette perspective ravive la col\u00e8re agricole, moins d\u2019un an apr\u00e8s <a target=\"_blank\" href=\"https:\/\/reporterre.net\/Colere-des-agriculteurs-les-manifs-reprennent-partout-en-France\">les mobilisations paysannes partout en Europe<\/a>.<\/p>\n<p><i>\u00ab<small class=\"fine d-inline\">\u00a0<\/small>On se demande si la Commission \u00e9coute encore les paysans<small class=\"fine d-inline\">\u00a0<\/small>\u00bb<\/i>, confie Hugues Falys, porte-parole de la Fugea, v\u00eatu d\u2019un gilet bleu. Dans le Hainaut, il \u00e9l\u00e8ve une centaine de vaches charolaises et cultive des c\u00e9r\u00e9ales en bio. <i>\u00ab<small class=\"fine d-inline\">\u00a0<\/small>Ils veulent boucler cet accord sans voir les cons\u00e9quences pour nous et l\u2019environnement. Pour \u00e9viter l\u2019incendie, une seule solution\u00a0: stopper ces n\u00e9gociations<small class=\"fine d-inline\">\u00a0<\/small>!<small class=\"fine d-inline\">\u00a0<\/small>\u00bb<\/i><\/p>\n<div class=\"spip_document_86130 spip_document spip_documents spip_document_image spip_documents_center spip_document_center spip_document_avec_legende\" data-legende-len=\"122\" data-legende-lenx=\"xx\">\n<figure class=\"spip_doc_inner\">\n      <picture><source type=\"image\/webp\" srcset=\"https:\/\/reporterre.net\/local\/cache-vignettes\/L1050xH1574\/hl_sophiehugon_20241113_mercosur_agriculteurs_004-6f91a.jpg@.webp?1731512073\"><img decoding=\"async\" src=\"https:\/\/reporterre.net\/IMG\/jpg\/hl_sophiehugon_20241113_mercosur_agriculteurs_004.jpg\" width=\"1112\" height=\"1667\" loading=\"lazy\" alt=\"\"\/><br \/>\n    <\/source><\/picture><figcaption class=\"spip_doc_legende\">\n<p>Des drapeaux Fugea et Stop <span class=\"caps\"><span class=\"caps\">EU<\/span><\/span>-Mercosur devant la Commission europ\u00e9enne, le 13\u00a0novembre 2024.<br \/>\n<i>\u00a9 Sophie Hugon \/ Reporterre<\/i><\/p>\n<\/figcaption><\/figure>\n<\/p><\/div>\n<p>Les agriculteurs accusent l\u2019accord de libre-\u00e9change d\u2019introduire une concurrence jug\u00e9e <i>\u00ab<small class=\"fine d-inline\">\u00a0<\/small>d\u00e9loyale<small class=\"fine d-inline\">\u00a0<\/small>\u00bb<\/i>. Il faciliterait l\u2019importation de viande bovine et de volaille des pays du Mercosur, issue d\u2019\u00e9levages industriels, produits \u00e0 faible co\u00fbt et avec des standards environnementaux et sanitaires plus laxistes. L\u2019accord surnomm\u00e9 par ses opposants <i>\u00ab<small class=\"fine d-inline\">\u00a0<\/small>cars for cows<small class=\"fine d-inline\">\u00a0<\/small>\u00bb<\/i> (<i>\u00ab<small class=\"fine d-inline\">\u00a0<\/small>voitures contre vaches<small class=\"fine d-inline\">\u00a0<\/small>\u00bb<\/i>) permettrait notamment l\u2019importation de dizaines de milliers de tonnes de viande bovine et de volaille, produites dans des parcs d\u2019engraissement g\u00e9ants, o\u00f9 les vaches sont confin\u00e9es pour atteindre le plus rapidement possible leur poids d\u2019abattage.<\/p>\n<p><i>\u00ab<small class=\"fine d-inline\">\u00a0<\/small>Ici, on suit des normes strictes<\/i>, explique Hugues Falys, entre deux interviews t\u00e9l\u00e9vis\u00e9es. <i>Nous les respectons, car c\u2019est une demande de la soci\u00e9t\u00e9 et des consommateurs. Mais comment lutter face \u00e0 des productions qui n\u2019ont pas ces contraintes<small class=\"fine d-inline\">\u00a0<\/small>? Nos coll\u00e8gues sont au bord de la rupture.<small class=\"fine d-inline\">\u00a0<\/small>\u00bb<\/i><\/p>\n<div class=\"spip_document_86135 spip_document spip_documents spip_document_image spip_documents_center spip_document_center spip_document_avec_legende\" data-legende-len=\"98\" data-legende-lenx=\"xx\">\n<figure class=\"spip_doc_inner\">\n      <picture><source type=\"image\/webp\" srcset=\"https:\/\/reporterre.net\/local\/cache-vignettes\/L1050xH700\/hl_sophiehugon_20241113_mercosur_agriculteurs_021-0e54d.jpg@.webp?1731512012\"><img decoding=\"async\" src=\"https:\/\/reporterre.net\/IMG\/jpg\/hl_sophiehugon_20241113_mercosur_agriculteurs_021.jpg\" width=\"1200\" height=\"800\" loading=\"lazy\" alt=\"\"\/><br \/>\n    <\/source><\/picture><figcaption class=\"spip_doc_legende\">\n<p>De nombreux tracteurs ont stationn\u00e9 devant la Commission europ\u00e9enne.<br \/>\n<i>\u00a9 Sophie Hugon \/ Reporterre<\/i><\/p>\n<\/figcaption><\/figure>\n<\/p><\/div>\n<h2 class=\"spip\">\u00ab<small class=\"fine d-inline\">\u00a0<\/small>Ils vont nous tuer<small class=\"fine d-inline\">\u00a0<\/small>\u00bb<\/h2>\n<p>L\u2019accord avec le Mercosur touche un autre nerf sensible\u00a0: la question \u00e9cologique. Ce projet risque d\u2019aggraver la d\u00e9forestation massive provoqu\u00e9e par l\u2019\u00e9levage industriel en Amazonie et dans le Cerrado. Depuis le d\u00e9but des n\u00e9gociations en 1999, la d\u00e9forestation dans cette r\u00e9gion a progress\u00e9 sur une surface \u00e9quivalente \u00e0 la p\u00e9ninsule ib\u00e9rique. <i>\u00ab<small class=\"fine d-inline\">\u00a0<\/small>On nous demande de r\u00e9duire nos \u00e9missions, et l\u00e0, l\u2019<span class=\"caps\">UE<\/span> soutient des importations qui d\u00e9truisent les for\u00eats<\/i>, s\u2019insurge Sylvie Colas. <i>C\u2019est incompr\u00e9hensible.<small class=\"fine d-inline\">\u00a0<\/small>\u00bb<\/i><\/p>\n<p>Les producteurs de ma\u00efs europ\u00e9ens se trouvent \u00e9galement mis en concurrence avec des cultures sud-am\u00e9ricaines qui utilisent des pesticides bannis en Europe depuis longtemps, comme l\u2019atrazine. <i>\u00ab<small class=\"fine d-inline\">\u00a0<\/small>Ils veulent nous empoisonner avec des produits toxiques interdits ici pour de bonnes raisons<\/i>, r\u00e9agit Manon Aubry, eurod\u00e9put\u00e9e La France insoumise (<span class=\"caps\">LFI<\/span>). <i>Ils font tout \u00e7a dans le dos des agriculteurs et dans le dos du peuple.<small class=\"fine d-inline\">\u00a0<\/small>\u00bb<\/i><\/p>\n<div class=\"spip_document_86136 spip_document spip_documents spip_document_image spip_documents_center spip_document_center spip_document_avec_legende\" data-legende-len=\"127\" data-legende-lenx=\"xx\">\n<figure class=\"spip_doc_inner\">\n      <picture><source type=\"image\/webp\" srcset=\"https:\/\/reporterre.net\/local\/cache-vignettes\/L1050xH700\/hl_sophiehugon_20241113_mercosur_agriculteurs_025-b6ab4.jpg@.webp?1731512013\"><img decoding=\"async\" src=\"https:\/\/reporterre.net\/IMG\/jpg\/hl_sophiehugon_20241113_mercosur_agriculteurs_025.jpg\" width=\"1200\" height=\"800\" loading=\"lazy\" alt=\"\"\/><br \/>\n    <\/source><\/picture><figcaption class=\"spip_doc_legende\">\n<p>Parmi les personnalit\u00e9s politiques pr\u00e9sentes, Manon Aubry, eurod\u00e9put\u00e9e La France insoumise (<span class=\"caps\"><span class=\"caps\">LFI<\/span><\/span>).<br \/>\n<i>\u00a9 Sophie Hugon \/ Reporterre<\/i><\/p>\n<\/figcaption><\/figure>\n<\/p><\/div>\n<p>Pour les agriculteurs europ\u00e9ens, cette mobilisation est un nouveau cri d\u2019alerte, apr\u00e8s une ann\u00e9e marqu\u00e9e par les crises sanitaires, les calamit\u00e9s climatiques et des difficult\u00e9s financi\u00e8res. <i>\u00ab<small class=\"fine d-inline\">\u00a0<\/small>Cette ann\u00e9e, c\u2019\u00e9tait d\u00e9j\u00e0 pas la joie et bon nombre d\u2019entre nous ont \u00e9t\u00e9 oblig\u00e9s de vendre leurs produits \u00e0 perte<\/i>, soupire Pierre Maison, producteur de lait en Haute-Savoie, foulard vert de Via Campesina autour du cou. <i>Ajoutez-y cet accord, et ils vont nous tuer.<small class=\"fine d-inline\">\u00a0<\/small>\u00bb<\/i><\/p>\n<p>Pour Manon Aubry, la Commission prend un \u00e9norme risque politique en poussant cet accord\u00a0: <i>\u00ab<small class=\"fine d-inline\">\u00a0<\/small>Aller au bout serait une folie sociale, agricole et sanitaire. Une intense phase de mobilisation d\u00e9bute pour convaincre un \u00e0 un chaque \u00e9lu de se positionner contre ce texte, parce qu\u2019ils n\u2019ont peur que d\u2019une chose\u00a0: que les agriculteurs se mobilisent, qu\u2019ils bloquent Bruxelles, Paris et les autres capitales europ\u00e9ennes.<small class=\"fine d-inline\">\u00a0<\/small>\u00bb<\/i><\/p>\n<div class=\"spip_document_86145 spip_document spip_documents spip_document_image spip_documents_center spip_document_center spip_document_avec_legende\" data-legende-len=\"116\" data-legende-lenx=\"xx\">\n<figure class=\"spip_doc_inner\">\n      <picture><source type=\"image\/webp\" srcset=\"https:\/\/reporterre.net\/local\/cache-vignettes\/L800xH1200\/hl_sophiehugon_20241113_mercosur_agriculteurs_030-54d98.jpg@.webp?1731516280\"><img decoding=\"async\" src=\"https:\/\/reporterre.net\/IMG\/jpg\/hl_sophiehugon_20241113_mercosur_agriculteurs_030.jpg\" width=\"800\" height=\"1200\" loading=\"lazy\" alt=\"\"\/><br \/>\n    <\/source><\/picture><figcaption class=\"spip_doc_legende\">\n<p>Paola Laini, membre de l\u2019Association rurale italienne\u00a0: \u00ab<small class=\"fine d-inline\">\u00a0<\/small><small class=\"fine d-inline\">\u00a0<\/small>Nous sommes \u00e0 un tournant.<small class=\"fine d-inline\">\u00a0<\/small><small class=\"fine d-inline\">\u00a0<\/small>\u00bb<br \/>\n<i>\u00a9 Sophie Hugon \/ Reporterre<\/i><\/p>\n<\/figcaption><\/figure>\n<\/p><\/div>\n<p>Les manifestants ne se montrent pas pr\u00eats \u00e0 transiger face aux promesses de compensations financi\u00e8res que certains responsables politiques avancent pour apaiser les agriculteurs. <i>\u00ab<small class=\"fine d-inline\">\u00a0<\/small>On ne veut pas d\u2019indemnisations pour des dommages qu\u2019on pourrait \u00e9viter<\/i>, tranche Hugues Falys. <i>On veut des prix justes, pas \u00eatre les variables d\u2019ajustement d\u2019un accord qui menace nos fermes.<small class=\"fine d-inline\">\u00a0<\/small>\u00bb<\/i><\/p>\n<p>Dans la foule, un slogan est repris\u00a0: <i>\u00ab<small class=\"fine d-inline\">\u00a0<\/small>On vous voit, on ne vous l\u00e2che pas<small class=\"fine d-inline\">\u00a0<\/small>!<small class=\"fine d-inline\">\u00a0<\/small>\u00bb<\/i> Le message est adress\u00e9 aux eurod\u00e9put\u00e9s, \u00e0 la Commission et aux capitales europ\u00e9ennes. Il ne faut qu\u2019un minimum de <i>\u00ab<small class=\"fine d-inline\">\u00a0<\/small>quatre pays [pour] faire la diff\u00e9rence et bloquer cet accord au Conseil<\/i>, explique Saskia Bricmont, eurod\u00e9put\u00e9e \u00e9cologiste belge. <i>Emmanuel Macron se positionne tr\u00e8s clairement contre ce trait\u00e9, mais au-del\u00e0 des mots, il n\u2019a pas pris l\u2019initiative de constituer cette minorit\u00e9 de blocage<small class=\"fine d-inline\">\u00a0<\/small>\u00bb<\/i>.<\/p>\n<p>Avec les manifestations qui se profilent \u00e0 partir de la fin de semaine en France, la mobilisation agricole semble pr\u00eate \u00e0 tenir, en attendant une r\u00e9ponse concr\u00e8te des dirigeants europ\u00e9ens. Paola Laini, membre de l\u2019Association rurale italienne et ouvri\u00e8re agricole saisonni\u00e8re au bord du lac de C\u00f4me \u2014 dans le nord de l\u2019Italie \u2014 pr\u00e9vient\u00a0: <i>\u00ab<small class=\"fine d-inline\">\u00a0<\/small>Nous sommes \u00e0 un tournant. Si les nouveaux commissionnaires ne nous garantissent pas des prix \u00e9quitables et la fin de l\u2019\u00e8re du libre-\u00e9change, nous reviendrons. Encore plus nombreux.<small class=\"fine d-inline\">\u00a0<\/small>\u00bb<\/i><\/p>\n<p><center><br \/>\n  <\/p>\n<p><\/center><\/p>\n<aside class=\"boite_encarts\">\n<div class=\"encart encart_gris noprint\">\n<p><strong>Il est de retour.<\/strong><\/p>\n<p>Dans quelques semaines, Donald Trump se r\u00e9-installera \u00e0 la Maison Blanche.<\/p>\n<p>Un milliardaire, pour qui le r\u00e9chauffement climatique est \u00ab<small class=\"fine d-inline\">\u00a0<\/small>un canular<small class=\"fine d-inline\">\u00a0<\/small>\u00bb, sera \u00e0 la t\u00eate de la plus grande puissance mondiale.<\/p>\n<p>Dans une d\u00e9cennie cruciale pour l\u2019\u00e9cologie, nous ne pouvons pas nous permettre de perdre plus de temps.<\/p>\n<p>La soci\u00e9t\u00e9 civile doit continuer de se soulever, de se mobiliser et de faire pression sur les puissants.<\/p>\n<p>Mais pour agir, il faut savoir.<\/p>\n<p><strong>Depuis 11 ans, nous publions des articles de qualit\u00e9 sur l\u2019\u00e9cologie, en acc\u00e8s libre et sans publicit\u00e9, pour tous.<\/strong><\/p>\n<p>Nous avons la conviction que l\u2019urgence \u00e9cologique est l\u2019enjeu majeur de notre \u00e9poque.<br class=\"autobr\"\/><br \/>\n Et comme plus de 2 millions de lectrices et lecteurs chaque mois, vous partagez sans doute cette conviction&#8230;<\/p>\n<p>Alors si vous en avez les moyens, sachez qu\u2019un don, m\u00eame d\u20191\u20ac, est un acte de soutien fort pour l\u2019\u00e9cologie et le journalisme ind\u00e9pendant.<br class=\"autobr\"\/><br \/>\n (Et \u00e7a vous prendra moins de temps que la lecture de ce texte).<\/p>\n<p><strong>Si vous le pouvez, choisissez un soutien mensuel. Merci.<\/strong><\/p>\n<p><a target=\"_blank\" href=\"https:\/\/reporterre.net\/dons\" class=\"bt_soutenir\">Je soutiens <i>Reporterre<\/i><\/a><\/p>\n<\/p><\/div>\n<div class=\"encart encart_vert noprint montre_1023\">\n<div class=\"infolettre-form-container noprint\">\n<p>Abonnez-vous \u00e0 la lettre d\u2019info de Reporterre<\/p>\n<\/div><\/div>\n<\/aside>\n<aside class=\"boite_apresarticle encart_note\">\n<h4>Apr\u00e8s cet article<\/h4>\n<p>      <a target=\"_blank\" href=\"https:\/\/reporterre.net\/Accord-UE-Mercosur-l-opposition-de-facade-d-Emmanuel-Macron\" class=\"lien_article\">\n      <picture class=\"vignette_gauche\"><source type=\"image\/webp\" srcset=\"https:\/\/reporterre.net\/local\/cache-gd2\/63\/744ae2c5b30775c4e26724c9ddcf5f.jpg@.webp?1731059157\"><img decoding=\"async\" src=\"https:\/\/reporterre.net\/local\/cache-gd2\/63\/744ae2c5b30775c4e26724c9ddcf5f.jpg?1731059157\" width=\"450\" height=\"300\" alt=\"\" class=\"marge12\" loading=\"lazy\"\/><br \/>\n<\/source><\/picture>\n<p class=\"libelle\">\n<p>      Trait\u00e9s de libre-\u00e9change\n    <\/p>\n<p class=\"titre pol20\">Accord <span class=\"caps\">UE<\/span>-Mercosur\u00a0: l\u2019opposition de fa\u00e7ade d\u2019Emmanuel Macron<\/p>\n<p>      <\/a><br \/>\n    <\/aside>\n<aside class=\"boite_complement texte\">\n<p>      <!-- zone_forum --><br \/>\n          <\/aside>\n<aside class=\"boite_lireaussi noprint\">\n<\/aside>\n<aside class=\"colonne\">\n<div class=\"article_info cache_1023 noprint\">\n<p>    <span class=\"date\">13 novembre 2024  \u00e0 17h30<\/span><\/p>\n<p class=\"duree_lecture\">\n        Dur\u00e9e de lecture : 5 minutes\n      <\/p>\n<\/p><\/div>\n<div class=\"bloc_infolettre\">\n<div class=\"infolettre-form-container noprint\">\n<p>Abonnez-vous \u00e0 la lettre d\u2019info de Reporterre<\/p>\n<\/div><\/div>\n<\/aside>\n<div id=\"galerie\">\n  <img decoding=\"async\" src=\"\" class=\"principale\" id=\"principale\"\/><\/p>\n<p id=\"legende\">legende<\/p>\n<\/div>\n<footer class=\"noprint\">\n<\/footer>\n<\/div>\n<p><br \/>\n<br \/><a href=\"https:\/\/reporterre.net\/Un-coup-de-poignard-pour-les-petites-fermes-les-agriculteurs-denoncent-le-traite-UE\" target=\"_blank\"\">Source link <\/a><\/p>\n","protected":false},"excerpt":{"rendered":"<p>Bruxelles (Belgique), reportage Les braises de la col\u00e8re agricole se r\u00e9chauffent sous le ciel ensoleill\u00e9 de Bruxelles. Ce mercredi 13\u00a0novembre, en fin de matin\u00e9e, les tracteurs grondent sur le rond-point&hellip; <\/p>\n","protected":false},"author":1,"featured_media":30,"comment_status":"open","ping_status":"open","sticky":false,"template":"","format":"standard","meta":{"footnotes":""},"categories":[1],"tags":[],"class_list":["post-29","post","type-post","status-publish","format-standard","has-post-thumbnail","hentry","category-non-classe"],"_links":{"self":[{"href":"https:\/\/monde25.info\/index.php\/wp-json\/wp\/v2\/posts\/29","targetHints":{"allow":["GET"]}}],"collection":[{"href":"https:\/\/monde25.info\/index.php\/wp-json\/wp\/v2\/posts"}],"about":[{"href":"https:\/\/monde25.info\/index.php\/wp-json\/wp\/v2\/types\/post"}],"author":[{"embeddable":true,"href":"https:\/\/monde25.info\/index.php\/wp-json\/wp\/v2\/users\/1"}],"replies":[{"embeddable":true,"href":"https:\/\/monde25.info\/index.php\/wp-json\/wp\/v2\/comments?post=29"}],"version-history":[{"count":0,"href":"https:\/\/monde25.info\/index.php\/wp-json\/wp\/v2\/posts\/29\/revisions"}],"wp:featuredmedia":[{"embeddable":true,"href":"https:\/\/monde25.info\/index.php\/wp-json\/wp\/v2\/media\/30"}],"wp:attachment":[{"href":"https:\/\/monde25.info\/index.php\/wp-json\/wp\/v2\/media?parent=29"}],"wp:term":[{"taxonomy":"category","embeddable":true,"href":"https:\/\/monde25.info\/index.php\/wp-json\/wp\/v2\/categories?post=29"},{"taxonomy":"post_tag","embeddable":true,"href":"https:\/\/monde25.info\/index.php\/wp-json\/wp\/v2\/tags?post=29"}],"curies":[{"name":"wp","href":"https:\/\/api.w.org\/{rel}","templated":true}]}}