{"id":292,"date":"2024-11-17T02:08:18","date_gmt":"2024-11-17T01:08:18","guid":{"rendered":"https:\/\/monde25.info\/index.php\/2024\/11\/17\/goncourt-houris-kamel-daoud-accuse-davoir-vole-lhistoire-de-son-roman-par-lheroine\/"},"modified":"2024-11-17T02:08:18","modified_gmt":"2024-11-17T01:08:18","slug":"goncourt-houris-kamel-daoud-accuse-davoir-vole-lhistoire-de-son-roman-par-lheroine","status":"publish","type":"post","link":"https:\/\/monde25.info\/index.php\/2024\/11\/17\/goncourt-houris-kamel-daoud-accuse-davoir-vole-lhistoire-de-son-roman-par-lheroine\/","title":{"rendered":"Goncourt\/Houris : Kamel Daoud accus\u00e9 d&rsquo;avoir vol\u00e9 l\u2019histoire de son \u00ab roman \u00bb par l&rsquo;h\u00e9ro\u00efne !"},"content":{"rendered":"<p> <br \/>\n<\/p>\n<div>\n<p><span class=\"dropcap \" style=\"background-color: #ffffff; color: #000000; border-color: #ffffff;\"><strong>S<\/strong><\/span>\u00e9isme dans le milieu parisien de l\u2019\u00e9dition, plus pr\u00e9cis\u00e9ment dans la maison Gallimard qui vient de se faire d\u00e9cerner le prix Goncourt pour le dernier \u00ab roman \u00bb de Kamel Daoud, <em>Houris<\/em> (voir notre vid\u00e9o <a target=\"_blank\" href=\"https:\/\/www.lelibrepenseur.org\/actu-scalpel-5-nov-24-kamel-daoud-le-goncourtisan\/\"><em>Le Goncourtisan<\/em><\/a>). Un journaliste alg\u00e9rien de la cha\u00eene One vient de publier une vid\u00e9o interview d\u2019une dame qui se pr\u00e9sente comme \u00e9tant l\u2019h\u00e9ro\u00efne du dernier roman de K. Daoud, car elle y a reconnu de nombreux d\u00e9tails de sa vie priv\u00e9e et de son drame familial qu\u2019il faut bien qualifier d\u2019extraordinairement violent.<\/p>\n<p>Effectivement, cette dame, Madame Saada Arbane, n\u00e9e en 1993 dans l\u2019ouest de l\u2019Alg\u00e9rie, a \u00e9t\u00e9 victime d\u2019un acte terroriste d\u2019une rare barbarie ayant extermin\u00e9 toute sa famille. Elle-m\u00eame a \u00e9t\u00e9 \u00e9gorg\u00e9e et laiss\u00e9e pour morte ; elle a surv\u00e9cu miraculeusement. Elle garde de nombreuses s\u00e9quelles de cette nuit cauchemardesque dont la plus importante est la perte de ses cordes vocales ainsi que quelques cicatrices.<\/p>\n<p><span class=\"css-1jxf684 r-bcqeeo r-1ttztb7 r-qvutc0 r-poiln3\">Mme Saada <\/span><span class=\"r-18u37iz\">Arbane<\/span><span class=\"css-1jxf684 r-bcqeeo r-1ttztb7 r-qvutc0 r-poiln3\"> accuse <\/span><span class=\"r-18u37iz\">Kamel Daoud <\/span><span class=\"css-1jxf684 r-bcqeeo r-1ttztb7 r-qvutc0 r-poiln3\">de lui avoir vol\u00e9 l\u2019histoire de sa vie dans son livre prim\u00e9 <\/span><em><span class=\"r-18u37iz\">Houris<\/span><\/em><span class=\"css-1jxf684 r-bcqeeo r-1ttztb7 r-qvutc0 r-poiln3\">, qui serait selon elle une \u00ab biographie \u00bb et non un \u00ab roman \u00bb. Plus grave : elle accuse sa psychiatre, l\u2019\u00e9pouse de Kamel Daoud d\u2019avoir pi\u00e9tin\u00e9 le secret m\u00e9dical, car elle est la seule \u00e0 conna\u00eetre les d\u00e9tails de sa vie priv\u00e9e ! Hier encore, elle a bien insist\u00e9 selon elle, et \u00e0 plusieurs reprises, sur le fait de ne \u00ab jamais \u00bb \u00e9crire de livre en s\u2019inspirant de sa vie.<\/span><\/p>\n<p>Elle affirme qu\u2019elle a \u00e9t\u00e9 extr\u00eamement choqu\u00e9e et surprise de retrouver sa vie priv\u00e9e \u00e9tal\u00e9e dans ce livre apr\u00e8s le signalement de quelques amis vivant en France. Elle en a perdu le sommeil et l\u2019app\u00e9tit, elle se plaint \u00e9galement de nombreuses c\u00e9phal\u00e9es\u2026 <span class=\"css-1jxf684 r-bcqeeo r-1ttztb7 r-qvutc0 r-poiln3\">Mme Saada <\/span><span class=\"r-18u37iz\">Arbane <\/span>estime qu\u2019elle a \u00e9t\u00e9 trahie par sa psychiatre qui \u00e9tait cens\u00e9e la soigner et certainement pas aggraver sa situation.<\/p>\n<h3><strong>De nombreuses preuves existent<\/strong><\/h3>\n<p>Les d\u00e9tails qui d\u00e9montrent la violation de la vie priv\u00e9e de la patiente de son \u00e9pouse psychiatre sont nombreux en commen\u00e7ant par le fait qu\u2019elle soit une fille adoptive, sa m\u00e8re ayant \u00e9t\u00e9 adopt\u00e9e elle aussi par son oncle. Il faut ajouter \u00e0 cela le fait que sa m\u00e8re adoptive soit puissante au sein de la soci\u00e9t\u00e9 oranaise, disposant d\u2019un certain pouvoir. Ce qui aurait emp\u00each\u00e9, selon elle, K. Daoud d\u2019\u00e9crire ce livre de son vivant, attendant son d\u00e9c\u00e8s. Il est question \u00e9galement du lyc\u00e9e Lotfi o\u00f9 elle a effectu\u00e9 ses \u00e9tudes et o\u00f9 elle a rencontr\u00e9 son futur mari, des cicatrices sur son visage, de ses tatouages et de leurs significations, du dispositif respiratoire et phonatoire fix\u00e9 \u00e0 son cou, de la chirurgie qu\u2019elle devait subir en France et la pension de victime du terrorisme qu\u2019elle per\u00e7oit, de sa tentative d\u2019avortement, des salons de beaut\u00e9, de la nature conflictuelle de sa relation avec sa m\u00e8re adoptive qui l\u2019a pouss\u00e9e \u00e0 consulter la psychiatre\u2026<\/p>\n<p>Kamel Daoud a multipli\u00e9 les d\u00e9clarations sur les m\u00e9dias parisiens affirmant que son roman n\u2019est rien d\u2019autre qu\u2019une <a target=\"_blank\" href=\"https:\/\/www.radiofrance.fr\/franceculture\/podcasts\/l-info-culturelle-reportages-enquetes-analyses\/kamel-daoud-prix-goncourt-2024-pour-houris-6239591\">fiction<\/a> qui relate des \u00e9v\u00e9nements de la d\u00e9cennie sanglante alg\u00e9rienne. Il insiste bien sur le terme \u00ab\u00a0fiction\u00a0\u00bb alors que ce t\u00e9moignage pr\u00e9cis et poignant affirme l\u2019inverse<\/p>\n<p><span class=\"css-1jxf684 r-bcqeeo r-1ttztb7 r-qvutc0 r-poiln3\">Mme Saada <\/span><span class=\"r-18u37iz\">Arbane affirme vouloir d\u00e9poser plainte contre l\u2019auteur et son \u00e9pouse psychiatre. Elle exprime la volont\u00e9 d\u2019\u00e9crire elle-m\u00eame un texte pour raconter sa v\u00e9ritable histoire.<\/span><\/p>\n<h3><strong>R\u00e9actions attendues<\/strong><\/h3>\n<p>Nous avons contact\u00e9 Gallimard via le r\u00e9seau social Twitter\/X. On imagine que la strat\u00e9gie de la maison d\u2019\u00e9dition sera celle de la n\u00e9gation de la r\u00e9alit\u00e9, elle fera comme si cette interview-t\u00e9moignage n\u2019avait jamais exist\u00e9. C\u2019est la technique de l\u2019\u00e9dredon, il faut \u00e9touffer l\u2019affaire afin de continuer \u00e0 vendre quelques dizaines de milliers d\u2019exemplaires. Idem pour le <em>Point<\/em> qui embauche Kamel Daoud et toute la mafia de la presse parisienne. Le tr\u00e8s mauvais Botul fera fonctionner son r\u00e9seau \u00e0 n\u2019en point douter.<\/p>\n<p>N\u2019ont-ils pas tout fait pour cacher la <a target=\"_blank\" href=\"https:\/\/www.lelibrepenseur.org\/kamel-daoud-condamne-par-le-tribunal-doran-il-devient-lauteur-de-la-violence-conjugale\/\">condamnation de Kamel Daoud pour violence conjugale avec arme blanche<\/a> au tribunal correctionnel d\u2019Oran en 2019 ? Alors que les trois pages du jugement circulent sur Internet depuis des ann\u00e9es, la presse parisienne n\u2019en a jamais parl\u00e9 et pr\u00e9f\u00e8re le pr\u00e9senter comme un grand d\u00e9fenseur de la cause f\u00e9minine.<\/p>\n<p>Il s\u2019agit pourtant d\u2019une double accusation de pi\u00e9tinement du secret m\u00e9dical par le vol d\u2019informations priv\u00e9es ainsi que de recel de ces informations priv\u00e9es prot\u00e9g\u00e9es. Si la Doxa ne parle pas de ce t\u00e9moignage dans les jours qui viennent, cela d\u00e9montrera qu\u2019il est question d\u2019un prix politique qui n\u2019a rien \u00e0 voir avec la litt\u00e9rature ou le roman. Ce n\u2019est rien d\u2019autre que de la subversion du lobby sioniste parisien utilisant K. Daoud ou un autre pour atteindre ses objectifs : diaboliser l\u2019islam et les musulmans aux yeux du peuple fran\u00e7ais et continuer tranquillement leur g\u00e9nocide en Palestine.<\/p>\n<hr\/>\n<hr\/>\n<p><iframe loading=\"lazy\" title=\"\u0633\u0639\u0627\u062f\u0629 \u0639\u0631\u0628\u0627\u0646 \u062a\u0643\u0633\u0631 \u062d\u0627\u062c\u0632 \u0627\u0644\u0635\u0645\u062a .. \u0627\u0644\u0642\u0635\u0629 \u0627\u0644\u062d\u0642\u064a\u0642\u064a\u0629 \u0648\u0631\u0627\u0621 \u0631\u0648\u0627\u064a\u0629 \u062d\u0648\u0631\u064a\u0627\u062a \u0644\u0644\u0643\u0627\u062a\u0628 \u0643\u0645\u0627\u0644 \u062f\u0627\u0648\u062f\" width=\"1110\" height=\"624\" src=\"https:\/\/www.youtube.com\/embed\/IyRWHAndCBs?feature=oembed\" frameborder=\"0\" allow=\"accelerometer; autoplay; clipboard-write; encrypted-media; gyroscope; picture-in-picture; web-share\" referrerpolicy=\"strict-origin-when-cross-origin\" allowfullscreen><\/iframe><\/p>\n<\/div>\n<p><br \/>\n<br \/><a href=\"https:\/\/www.lelibrepenseur.org\/goncourt-houris-kamel-daoud-accuse-davoir-vole-lhistoire-de-son-roman-par-lheroine\/\" target=\"_blank\"\">Source link <\/a><\/p>\n","protected":false},"excerpt":{"rendered":"<p>S\u00e9isme dans le milieu parisien de l\u2019\u00e9dition, plus pr\u00e9cis\u00e9ment dans la maison Gallimard qui vient de se faire d\u00e9cerner le prix Goncourt pour le dernier \u00ab roman \u00bb de Kamel&hellip; <\/p>\n","protected":false},"author":1,"featured_media":293,"comment_status":"open","ping_status":"open","sticky":false,"template":"","format":"standard","meta":{"footnotes":""},"categories":[1],"tags":[],"class_list":["post-292","post","type-post","status-publish","format-standard","has-post-thumbnail","hentry","category-non-classe"],"_links":{"self":[{"href":"https:\/\/monde25.info\/index.php\/wp-json\/wp\/v2\/posts\/292","targetHints":{"allow":["GET"]}}],"collection":[{"href":"https:\/\/monde25.info\/index.php\/wp-json\/wp\/v2\/posts"}],"about":[{"href":"https:\/\/monde25.info\/index.php\/wp-json\/wp\/v2\/types\/post"}],"author":[{"embeddable":true,"href":"https:\/\/monde25.info\/index.php\/wp-json\/wp\/v2\/users\/1"}],"replies":[{"embeddable":true,"href":"https:\/\/monde25.info\/index.php\/wp-json\/wp\/v2\/comments?post=292"}],"version-history":[{"count":0,"href":"https:\/\/monde25.info\/index.php\/wp-json\/wp\/v2\/posts\/292\/revisions"}],"wp:featuredmedia":[{"embeddable":true,"href":"https:\/\/monde25.info\/index.php\/wp-json\/wp\/v2\/media\/293"}],"wp:attachment":[{"href":"https:\/\/monde25.info\/index.php\/wp-json\/wp\/v2\/media?parent=292"}],"wp:term":[{"taxonomy":"category","embeddable":true,"href":"https:\/\/monde25.info\/index.php\/wp-json\/wp\/v2\/categories?post=292"},{"taxonomy":"post_tag","embeddable":true,"href":"https:\/\/monde25.info\/index.php\/wp-json\/wp\/v2\/tags?post=292"}],"curies":[{"name":"wp","href":"https:\/\/api.w.org\/{rel}","templated":true}]}}