{"id":2953,"date":"2025-02-19T22:49:40","date_gmt":"2025-02-19T21:49:40","guid":{"rendered":"https:\/\/monde25.info\/index.php\/2025\/02\/19\/guerre-en-ukraine-dissonances-par-sonia-combe-le-monde-diplomatique-mars-2023\/"},"modified":"2025-02-19T22:49:40","modified_gmt":"2025-02-19T21:49:40","slug":"guerre-en-ukraine-dissonances-par-sonia-combe-le-monde-diplomatique-mars-2023","status":"publish","type":"post","link":"https:\/\/monde25.info\/index.php\/2025\/02\/19\/guerre-en-ukraine-dissonances-par-sonia-combe-le-monde-diplomatique-mars-2023\/","title":{"rendered":"Guerre en Ukraine, dissonances, par Sonia Combe (Le Monde diplomatique, mars 2023)"},"content":{"rendered":"<p> <br \/>\n<\/p>\n<div couleurfade=\"fbefe5\" couleurclaire=\"f8e4d2\" couleurpale=\"f2c9a5\" couleurmi=\"b1601a\" couleurfoncee=\"89470f\" couleursombre=\"2c1806\" couleurfond=\"77604c\" couleurtexte=\"ffffff\">\n<figure class=\"spip_document_31086 spip_documents spip_documents_right\" style=\"float:right; width:200px;\">\n<div class=\"limage\">\n<p>            <img loading=\"lazy\" decoding=\"async\" src=\"https:\/\/www.monde-diplomatique.fr\/\/local\/cache-vignettes\/L200xH344\/download-16-0d304.jpg?1677408522\" width=\"200\" alt=\"\" height=\"344\"\/><\/p><\/div>\n<\/figure>\n<p><span class=\"mot-lettrine\"><span class=\"lettrine\">E<\/span>n<\/span> f\u00e9vrier\u00a02019, cinq ans apr\u00e8s son annexion par la Russie, l\u2019essayiste Landolf Scherzer, originaire d\u2019Allemagne de l\u2019Est, d\u00e9cide, \u00e0 78\u00a0ans, de se rendre en Crim\u00e9e. Une famille tatare qui, quoique musulmane, boit volontiers lui sert de guide<span class=\"spip_note_ref\">\u00a0(<a target=\"_blank\" href=\"http:\/\/www.monde-diplomatique.fr\/2023\/03\/COMBE\/65571#nb1\" class=\"spip_note\" rel=\"appendix\" title=\"Landolf Scherzer, Leben im Schatten der St\u00fcrme. Erkundungen auf dem Krim,\u00a0(...)\" id=\"nh1\">1<\/a>)<\/span>. Sur leur d\u00e9part forc\u00e9 de Crim\u00e9e et leur exil en Ouzb\u00e9kistan, o\u00f9 Joseph Staline les expulsa en 1944 et dont ils ne revinrent qu\u2019en 1989 par la gr\u00e2ce de Mikha\u00efl Gorbatchev, les Tatares restent discrets. En guise de r\u00e9ponse \u00e0 ses questions, Scherzer re\u00e7oit une brochure, \u00e9dit\u00e9e un an apr\u00e8s l\u2019annexion, qui contient des t\u00e9moignages sur leur d\u00e9portation. La Russie a promis aux Tatares une indemnisation, qu\u2019ils attendent toujours. Elle a aussi r\u00e9tabli l\u2019enseignement de leur langue que l\u2019Ukraine avait aboli. Aux c\u00f4t\u00e9s de Russes, d\u2019Ukrainiens et de quelques autres nationalit\u00e9s, les Tatares ne constitueraient que 12<small class=\"fine\">\u00a0<\/small>% de la population \u2014 selon les chiffres officiels. Mais, en ce domaine, une certaine confusion r\u00e8gne parmi les gens rencontr\u00e9s par Scherzer. Refusant de trancher, certains continuent \u00e0 se dire \u00ab<small class=\"fine\">\u00a0<\/small>Sovi\u00e9tiques<small class=\"fine\">\u00a0<\/small>\u00bb.<\/p>\n<p>De l\u2019annexion, prudence ou indiff\u00e9rence, on parle peu. On s\u2019interroge \u00e9ventuellement au sujet de S\u00e9bastopol. La base navale historique de la flotte russe ne risquait-elle pas de devenir une base de l\u2019Organisation du trait\u00e9 de l\u2019Atlantique nord\u00a0(OTAN) d\u00e8s lors que l\u2019Ukraine avait manifest\u00e9 sa volont\u00e9 d\u2019adh\u00e9sion<small class=\"fine\">\u00a0<\/small>? Un couple, elle tatare, lui ukrainien, a vot\u00e9 pour que la Crim\u00e9e redevienne russe lors du r\u00e9f\u00e9rendum du 16\u00a0mars\u00a02014. Par peur que les nationalistes ukrainiens n\u2019y menacent la paix. On se prononce en faveur de l\u2019\u00c9tat qui pourrait le mieux la garantir.<\/p>\n<figure class=\"spip_document_31087 spip_documents spip_documents_right\" style=\"float:right; width:200px;\">\n<div class=\"limage\">\n<p>            <img loading=\"lazy\" decoding=\"async\" src=\"https:\/\/www.monde-diplomatique.fr\/\/local\/cache-vignettes\/L200xH311\/download-1-7-55c89.jpg?1677408522\" width=\"200\" alt=\"\" height=\"311\"\/><\/p><\/div>\n<\/figure>\n<p>Cela aurait-il \u00e9t\u00e9 aussi le cas dans l\u2019est de l\u2019Ukraine<small class=\"fine\">\u00a0<\/small>? Vent debout contre le traitement m\u00e9diatique du conflit qui se d\u00e9roule en Ukraine, <i>\u00ab<small class=\"fine\">\u00a0<\/small>champ de bataille entre la Russie et l\u2019OTAN<small class=\"fine\">\u00a0<\/small>\u00bb,<\/i> l\u2019essayiste Daniela Dahn<span class=\"spip_note_ref\">\u00a0(<a target=\"_blank\" href=\"http:\/\/www.monde-diplomatique.fr\/2023\/03\/COMBE\/65571#nb2\" class=\"spip_note\" rel=\"appendix\" title=\"Daniela Dahn, Im Krieg verlieren auch die Sieger. Nur der Frieden kann\u00a0(...)\" id=\"nh2\">2<\/a>)<\/span>, elle aussi originaire d\u2019Allemagne de l\u2019Est, rappelle cette citation du satiriste de la r\u00e9publique de Weimar, Kurt Tucholsky\u00a0: <i>\u00ab<small class=\"fine\">\u00a0<\/small>Quand on ne lit pas la presse, on est sous-inform\u00e9, quand on la lit, on est d\u00e9sinform\u00e9.<small class=\"fine\">\u00a0<\/small>\u00bb<\/i> Dans ce recueil de textes critiques portant aussi bien sur la guerre que sur la crise sanitaire, elle entend d\u00e9construire ce qu\u2019elle consid\u00e8re comme un mensonge, l\u2019affirmation selon laquelle le conflit russo-ukrainien ne proc\u00e9derait d\u2019aucune provocation. Si cela ne l\u00e9gitime en aucune mani\u00e8re l\u2019agression, la Russie avait selon elle toutes les raisons de se sentir menac\u00e9e et humili\u00e9e. Au printemps\u00a02022, deux options existaient\u00a0: les armes ou le cessez-le-feu <i>(Waffen oder Waffenstillstand).<\/i> La premi\u00e8re l\u2019a emport\u00e9, mais cette issue n\u2019\u00e9tait pas in\u00e9vitable. On ne saurait reprocher \u00e0 un \u00c9tat attaqu\u00e9 de se d\u00e9fendre, mais, questionne-t-elle, n\u2019y aurait-il eu aucune possibilit\u00e9 de recourir \u00e0 la diplomatie pour emp\u00eacher la poursuite de l\u2019agression<small class=\"fine\">\u00a0<\/small>? En mars, \u00e0 Istanbul, le pr\u00e9sident Volodymyr Zelensky \u00e9tait pr\u00eat \u00e0 n\u00e9gocier, la Russie \u00e9galement. Daniela Dahn rappelle que c\u2019est alors qu\u2019intervint M.\u00a0Boris Johnson, premier chef de gouvernement \u00e9tranger \u00e0 se rendre en Ukraine, o\u00f9 il proclama l\u2019av\u00e8nement d\u2019une <i>\u00ab<small class=\"fine\">\u00a0<\/small>alliance mondiale<small class=\"fine\">\u00a0<\/small>\u00bb<\/i> pour le soutien militaire et \u00e9conomique du pays. Aux \u00c9tats-Unis, l\u2019affaire \u00e9tait entendue depuis longtemps\u00a0: <i>\u00ab<small class=\"fine\">\u00a0<\/small>Sans l\u2019Ukraine, la Russie n\u2019est plus une grande puissance<small class=\"fine\">\u00a0<\/small>\u00bb,<\/i> avait expliqu\u00e9 M.\u00a0Zbigniew Brzezi\u0144ski, ancien conseiller \u00e0 la s\u00e9curit\u00e9 nationale du pr\u00e9sident James Carter.<\/p>\n<p>Daniela Dahn faisait partie des personnalit\u00e9s allemandes qui, le 21\u00a0avril\u00a02022, avaient adress\u00e9 une lettre ouverte au chancelier Olaf Scholz appelant \u00e0 \u0153uvrer pour la d\u00e9sescalade. L\u2019initiative souleva l\u2019indignation. Les signataires ne d\u00e9fendaient-ils pas l\u2019agression russe<small class=\"fine\">\u00a0<\/small>? <i>\u00ab<small class=\"fine\">\u00a0<\/small>Les Allemands se lib\u00e8rent de leurs lib\u00e9rateurs<small class=\"fine\">\u00a0<\/small>\u00bb,<\/i> r\u00e9plique Dahn.<\/p>\n<\/p><\/div>\n<p><br \/>\n<br \/><a href=\"https:\/\/www.monde-diplomatique.fr\/2023\/03\/COMBE\/65571\" target=\"_blank\"\">Source link <\/a><\/p>\n","protected":false},"excerpt":{"rendered":"<p>En f\u00e9vrier\u00a02019, cinq ans apr\u00e8s son annexion par la Russie, l\u2019essayiste Landolf Scherzer, originaire d\u2019Allemagne de l\u2019Est, d\u00e9cide, \u00e0 78\u00a0ans, de se rendre en Crim\u00e9e. Une famille tatare qui, quoique&hellip; <\/p>\n","protected":false},"author":1,"featured_media":2954,"comment_status":"open","ping_status":"open","sticky":false,"template":"","format":"standard","meta":{"footnotes":""},"categories":[1],"tags":[],"class_list":["post-2953","post","type-post","status-publish","format-standard","has-post-thumbnail","hentry","category-non-classe"],"_links":{"self":[{"href":"https:\/\/monde25.info\/index.php\/wp-json\/wp\/v2\/posts\/2953","targetHints":{"allow":["GET"]}}],"collection":[{"href":"https:\/\/monde25.info\/index.php\/wp-json\/wp\/v2\/posts"}],"about":[{"href":"https:\/\/monde25.info\/index.php\/wp-json\/wp\/v2\/types\/post"}],"author":[{"embeddable":true,"href":"https:\/\/monde25.info\/index.php\/wp-json\/wp\/v2\/users\/1"}],"replies":[{"embeddable":true,"href":"https:\/\/monde25.info\/index.php\/wp-json\/wp\/v2\/comments?post=2953"}],"version-history":[{"count":0,"href":"https:\/\/monde25.info\/index.php\/wp-json\/wp\/v2\/posts\/2953\/revisions"}],"wp:featuredmedia":[{"embeddable":true,"href":"https:\/\/monde25.info\/index.php\/wp-json\/wp\/v2\/media\/2954"}],"wp:attachment":[{"href":"https:\/\/monde25.info\/index.php\/wp-json\/wp\/v2\/media?parent=2953"}],"wp:term":[{"taxonomy":"category","embeddable":true,"href":"https:\/\/monde25.info\/index.php\/wp-json\/wp\/v2\/categories?post=2953"},{"taxonomy":"post_tag","embeddable":true,"href":"https:\/\/monde25.info\/index.php\/wp-json\/wp\/v2\/tags?post=2953"}],"curies":[{"name":"wp","href":"https:\/\/api.w.org\/{rel}","templated":true}]}}