{"id":2955,"date":"2025-02-19T23:22:49","date_gmt":"2025-02-19T22:22:49","guid":{"rendered":"https:\/\/monde25.info\/index.php\/2025\/02\/19\/deputes-et-senateurs-saccordent-sur-une-loi-agricole-anti-ecolo\/"},"modified":"2025-02-19T23:22:49","modified_gmt":"2025-02-19T22:22:49","slug":"deputes-et-senateurs-saccordent-sur-une-loi-agricole-anti-ecolo","status":"publish","type":"post","link":"https:\/\/monde25.info\/index.php\/2025\/02\/19\/deputes-et-senateurs-saccordent-sur-une-loi-agricole-anti-ecolo\/","title":{"rendered":"D\u00e9put\u00e9s et s\u00e9nateurs s\u2019accordent sur une loi agricole anti-\u00e9colo"},"content":{"rendered":"<p> <br \/>\n<\/p>\n<div style=\"position:relative;\">\n        <picture><source type=\"image\/webp\" srcset=\"https:\/\/reporterre.net\/local\/cache-vignettes\/L720xH480\/france_europe_midi_cultures_printemps_vigne_gard_pin_de-169626-8bc8d.jpg@.webp?1739982758\"><img loading=\"lazy\" decoding=\"async\" src=\"https:\/\/reporterre.net\/local\/cache-vignettes\/L720xH480\/france_europe_midi_cultures_printemps_vigne_gard_pin_de-169626-8bc8d.jpg?1739982758\" width=\"720\" height=\"480\" alt=\"D\u00e9put\u00e9s et s\u00e9nateurs s'accordent sur une loi agricole anti-\u00e9colo\" class=\"image_logo voir_logo\"\/><\/p>\n<p><\/source><\/picture>\n<p class=\"legende_logo\">Le texte de loi d\u2019orientation agricole sera soumis \u00e0 un ultime vote des d\u00e9put\u00e9s le 19 f\u00e9vrier au soir, puis des s\u00e9nateurs le 20 apr\u00e8s-midi. <span class=\"copyright_logo\">&#8211; Pxhere<\/span><\/p>\n<p class=\"legende_logo_480\">Le texte de loi d\u2019orientation agricole sera soumis \u00e0 un ultime vote des d\u00e9put\u00e9s le 19 f\u00e9vrier au soir, puis des s\u00e9nateurs le 20 apr\u00e8s-midi. <span class=\"copyright_logo\">&#8211; Pxhere<\/span><\/p>\n<\/p><\/div>\n<div>\n        <span class=\"date\">19 f\u00e9vrier 2025  \u00e0 17h32<\/span><\/p>\n<p class=\"duree_lecture\">\n        Dur\u00e9e de lecture : 2 minutes\n      <\/p>\n<\/p><\/div>\n<div>\n<p>Avant les douze coups de minuit, le compromis. Mardi 18\u00a0f\u00e9vrier, les sept d\u00e9put\u00e9s et sept s\u00e9nateurs de la commission mixte paritaire (<span class=\"caps\">CMP<\/span>) se sont mis d\u2019accord sur le texte de loi d\u2019orientation agricole. Il sera soumis \u00e0 un ultime vote des d\u00e9put\u00e9s le 19 au soir, puis des s\u00e9nateurs le 20 apr\u00e8s-midi.<\/p>\n<p>La version d\u2019origine \u00e9tait critiqu\u00e9e par les associations environnementales et les parlementaires de gauche. La d\u00e9put\u00e9e \u00e9cologiste Marie Pochon avait d\u00e9nonc\u00e9 dans <i>Reporterre<\/i> une <a target=\"_blank\" href=\"https:\/\/reporterre.net\/Loi-d-orientation-agricole-un-calendrier-absurde-pour-faire-un-coup-de-com-au-salon-de-l\"><i>\u00ab<small class=\"fine d-inline\">\u00a0<\/small>vision productiviste de l\u2019agriculture<small class=\"fine d-inline\">\u00a0<\/small>\u00bb<\/i><\/a>.<\/p>\n<p>Quels sont les changements dans cette nouvelle version<small class=\"fine d-inline\">\u00a0<\/small>? L\u2019article 13, d\u00e9nonc\u00e9 comme <i>\u00ab<small class=\"fine d-inline\">\u00a0<\/small>un permis de d\u00e9truire la biodiversit\u00e9<small class=\"fine d-inline\">\u00a0<\/small>\u00bb<\/i>, demeure. Il pr\u00e9voit que seules les atteintes <i>\u00ab<small class=\"fine d-inline\">\u00a0<\/small>intentionnelles<small class=\"fine d-inline\">\u00a0<\/small>\u00bb<\/i> seront passibles de poursuites p\u00e9nales. En clair\u00a0: il faudra prouver que la destruction de la nature a \u00e9t\u00e9 volontaire et r\u00e9fl\u00e9chie pour condamner le contrevenant. Or, en droit, prouver que la personne avait l\u2019intention de tuer une esp\u00e8ce est tr\u00e8s difficile.<\/p>\n<p><a target=\"_blank\" href=\"https:\/\/reporterre.net\/Destructions-d-especes-protegees-l-Etat-ouvre-la-porte-a-toutes-les-derives\" class=\"lien_lireaussi\"><strong>Lire aussi : <\/strong> <span>Destructions d\u2019esp\u00e8ces prot\u00e9g\u00e9es\u00a0: l\u2019\u00c9tat \u00ab<small class=\"fine d-inline\">\u00a0<\/small>ouvre la porte \u00e0 toutes les d\u00e9rives<small class=\"fine d-inline\">\u00a0<\/small>\u00bb<\/span><\/a><\/p>\n<p>Seul changement introduit par la <span class=\"caps\">CMP<\/span>, cette d\u00e9p\u00e9nalisation des atteintes environnementales ne concernera pas les infractions li\u00e9es \u00e0 l\u2019eau ou aux installations class\u00e9es \u2014 tels les \u00e9levages industriels \u2014 comme le souhaitaient les s\u00e9nateurs.<\/p>\n<blockquote class=\"spip\">\n<p>\u00ab<small class=\"fine d-inline\">\u00a0<\/small>Une trahison des promesses faites aux agriculteurs<small class=\"fine d-inline\">\u00a0<\/small>\u00bb<\/p>\n<\/blockquote>\n<p>Le texte r\u00e9introduit l\u2019objectif de 21<small class=\"fine d-inline\">\u00a0<\/small>% de surfaces agricoles cultiv\u00e9es en bio d\u2019ici \u00e0 2030. Cette mesure avait \u00e9t\u00e9 effac\u00e9e par un amendement de Laurent Duplomb, invoquant la grave crise qui touche le secteur, comme l\u2019explique <a target=\"_blank\" href=\"https:\/\/www.publicsenat.fr\/actualites\/parlementaire\/loi-dorientation-agricole-le-senat-efface-du-code-rural-les-objectifs-chiffres-sur-le-bio\" class=\"spip_out\" rel=\"external\">Public S\u00e9nat<\/a>.<\/p>\n<p>Enfin, s\u2019il r\u00e9int\u00e8gre la notion de <i>\u00ab<small class=\"fine d-inline\">\u00a0<\/small>transition climatique et environnementale<small class=\"fine d-inline\">\u00a0<\/small>\u00bb<\/i>, le terme <i>\u00ab<small class=\"fine d-inline\">\u00a0<\/small>d\u2019agro\u00e9cologie<small class=\"fine d-inline\">\u00a0<\/small>\u00bb<\/i> reste \u00e9cart\u00e9.<\/p>\n<p>Cette nouvelle version du texte ne satisfait pas tout le monde. <i>\u00ab<small class=\"fine d-inline\">\u00a0<\/small>Les fondamentaux sont pi\u00e9tin\u00e9s dans ces compromis, on a tout perdu<small class=\"fine d-inline\">\u00a0<\/small>\u00bb<\/i>, fustige un parlementaire de gauche aupr\u00e8s de <a target=\"_blank\" href=\"https:\/\/www.publicsenat.fr\/actualites\/politique\/loi-dorientation-agricole-en-commission-mixte-paritaire-deputes-et-senateurs-saccordent-sur-un-texte-proche-de-celui-vote-au-senat\" class=\"spip_out\" rel=\"external\">Public S\u00e9nat<\/a>.<\/p>\n<p>La Fondation pour la Nature et l\u2019Homme appelle au rejet du texte lors des votes finaux. <i>\u00ab<small class=\"fine d-inline\">\u00a0<\/small>La copie actuelle trahit les promesses faites aux agriculteurs et \u00e0 la soci\u00e9t\u00e9 civile de fixer un cap pour r\u00e9pondre aux d\u00e9fis environnementaux et du renouvellement des g\u00e9n\u00e9rations<small class=\"fine d-inline\">\u00a0<\/small>\u00bb<\/i>, estime Thomas Uthayakumar, directeur des programmes et du plaidoyer.<\/p>\n<aside class=\"boite_encarts\">\n<div class=\"encart encart_gris noprint\">\n<p><strong>Puisque vous \u00eates l\u00e0&#8230;<\/strong><\/p>\n<p>&#8230; nous avons un petit service \u00e0 vous demander.<br class=\"autobr\"\/><br \/>\nEntre la pr\u00e9sence d\u2019un climatosceptique \u00e0 la t\u00eate de la premi\u00e8re puissance mondiale, un gouvernement fran\u00e7ais qui flirte avec l\u2019extr\u00eame-droite, et les catastrophes climatiques qui s\u2019enchainent&#8230; Faire vivre l\u2019\u00e9cologie dans le d\u00e9bat public est un enjeu crucial.<\/p>\n<p>Personne ne modifie ce que nous publions. Nous n\u2019avons ni actionnaire, ni propri\u00e9taire milliardaire \u2014 seulement une \u00e9quipe d\u2019irr\u00e9ductibles journalistes, pleine de d\u00e9termination.<\/p>\n<p>Nous avons la conviction que l\u2019urgence \u00e9cologique est l\u2019enjeu majeur de notre \u00e9poque. Et comme plus de 2 millions de lectrices et lecteurs chaque mois, vous partagez sans doute cette conviction&#8230;<\/p>\n<p><strong>Depuis 12 ans, nous publions des articles de qualit\u00e9 sur l\u2019\u00e9cologie, en acc\u00e8s libre et sans publicit\u00e9, pour tous.<\/strong><br class=\"autobr\"\/><br \/>\nMais ce travail demande beaucoup de temps et de ressources.<\/p>\n<p>Alors, si vous en avez les moyens, sachez qu\u2019un don, m\u00eame d\u20191\u20ac, est un acte de soutien fort pour l\u2019\u00e9cologie et le journalisme ind\u00e9pendant.<br class=\"autobr\"\/><br \/>\n(Et \u00e7a vous prendra moins de temps que la lecture de ce texte).<\/p>\n<p><strong>Si vous le pouvez, choisissez un soutien mensuel. Merci.<\/strong><\/p>\n<p><a target=\"_blank\" href=\"https:\/\/reporterre.net\/dons\" class=\"bt_soutenir\">Je soutiens <i>Reporterre<\/i><\/a><\/p>\n<\/p><\/div>\n<div class=\"encart encart_vert noprint montre_1023\">\n<div class=\"infolettre-form-container noprint\">\n<p>Abonnez-vous \u00e0 la lettre d\u2019info de Reporterre<\/p>\n<\/div><\/div>\n<\/aside>\n<aside class=\"boite_apresarticle encart_note\">\n<\/aside>\n<aside class=\"boite_complement texte\">\n<p>      <!-- zone_forum --><br \/>\n          <\/aside>\n<aside class=\"boite_lireaussi noprint\">\n<\/aside>\n<aside class=\"colonne\">\n<div class=\"article_info cache_1023 noprint\">\n        <span class=\"date\">19 f\u00e9vrier 2025  \u00e0 17h32<\/span><\/p>\n<p class=\"duree_lecture\">\n        Dur\u00e9e de lecture : 2 minutes\n      <\/p>\n<\/p><\/div>\n<div class=\"bloc_infolettre\">\n<div class=\"infolettre-form-container noprint\">\n<p>Abonnez-vous \u00e0 la lettre d\u2019info de Reporterre<\/p>\n<\/div><\/div>\n<\/aside>\n<div id=\"galerie\">\n  <img decoding=\"async\" src=\"\" class=\"principale\" id=\"principale\"\/><\/p>\n<p id=\"legende\">legende<\/p>\n<\/div>\n<footer class=\"noprint\">\n<\/footer>\n<\/div>\n<p><br \/>\n<br \/><a href=\"https:\/\/reporterre.net\/Deputes-et-senateurs-s-accordent-sur-une-loi-agricole-anti-ecolo\" target=\"_blank\"\">Source link <\/a><\/p>\n","protected":false},"excerpt":{"rendered":"<p>Le texte de loi d\u2019orientation agricole sera soumis \u00e0 un ultime vote des d\u00e9put\u00e9s le 19 f\u00e9vrier au soir, puis des s\u00e9nateurs le 20 apr\u00e8s-midi. &#8211; Pxhere Le texte de&hellip; <\/p>\n","protected":false},"author":1,"featured_media":2956,"comment_status":"open","ping_status":"open","sticky":false,"template":"","format":"standard","meta":{"footnotes":""},"categories":[1],"tags":[],"class_list":["post-2955","post","type-post","status-publish","format-standard","has-post-thumbnail","hentry","category-non-classe"],"_links":{"self":[{"href":"https:\/\/monde25.info\/index.php\/wp-json\/wp\/v2\/posts\/2955","targetHints":{"allow":["GET"]}}],"collection":[{"href":"https:\/\/monde25.info\/index.php\/wp-json\/wp\/v2\/posts"}],"about":[{"href":"https:\/\/monde25.info\/index.php\/wp-json\/wp\/v2\/types\/post"}],"author":[{"embeddable":true,"href":"https:\/\/monde25.info\/index.php\/wp-json\/wp\/v2\/users\/1"}],"replies":[{"embeddable":true,"href":"https:\/\/monde25.info\/index.php\/wp-json\/wp\/v2\/comments?post=2955"}],"version-history":[{"count":0,"href":"https:\/\/monde25.info\/index.php\/wp-json\/wp\/v2\/posts\/2955\/revisions"}],"wp:featuredmedia":[{"embeddable":true,"href":"https:\/\/monde25.info\/index.php\/wp-json\/wp\/v2\/media\/2956"}],"wp:attachment":[{"href":"https:\/\/monde25.info\/index.php\/wp-json\/wp\/v2\/media?parent=2955"}],"wp:term":[{"taxonomy":"category","embeddable":true,"href":"https:\/\/monde25.info\/index.php\/wp-json\/wp\/v2\/categories?post=2955"},{"taxonomy":"post_tag","embeddable":true,"href":"https:\/\/monde25.info\/index.php\/wp-json\/wp\/v2\/tags?post=2955"}],"curies":[{"name":"wp","href":"https:\/\/api.w.org\/{rel}","templated":true}]}}