{"id":2967,"date":"2025-02-20T03:13:41","date_gmt":"2025-02-20T02:13:41","guid":{"rendered":"https:\/\/monde25.info\/index.php\/2025\/02\/20\/droguer-les-vaches-pour-reduire-les-emissions-de-methane-les-scientifiques-sinterrogent-sur-la-securite-et-la-necessite-de-cette-pratique\/"},"modified":"2025-02-20T03:13:41","modified_gmt":"2025-02-20T02:13:41","slug":"droguer-les-vaches-pour-reduire-les-emissions-de-methane-les-scientifiques-sinterrogent-sur-la-securite-et-la-necessite-de-cette-pratique","status":"publish","type":"post","link":"https:\/\/monde25.info\/index.php\/2025\/02\/20\/droguer-les-vaches-pour-reduire-les-emissions-de-methane-les-scientifiques-sinterrogent-sur-la-securite-et-la-necessite-de-cette-pratique\/","title":{"rendered":"Droguer les vaches pour r\u00e9duire les \u00e9missions de m\u00e9thane ? Les scientifiques s\u2019interrogent sur la s\u00e9curit\u00e9 et la n\u00e9cessit\u00e9 de cette pratique"},"content":{"rendered":"<p> <br \/>\n<\/p>\n<div>\n<p><em>Les scientifiques qui se sont entretenus avec le D\u00e9fenseur ont d\u00e9clar\u00e9 que le Bovaer, un m\u00e9dicament r\u00e9cemment approuv\u00e9 et ajout\u00e9 \u00e0 l\u2019alimentation du b\u00e9tail pour r\u00e9duire les \u00e9missions de m\u00e9thane, n\u2019a pas fait l\u2019objet de tests de s\u00e9curit\u00e9 ad\u00e9quats et que le m\u00e9dicament n\u2019est pas n\u00e9cessaire si le b\u00e9tail est \u00e9lev\u00e9 selon des m\u00e9thodes r\u00e9g\u00e9n\u00e9ratives.<\/em><\/p>\n<p class=\"has-text-align-center\">**<\/p>\n<p>Par <a target=\"_blank\" href=\"https:\/\/www.mondialisation.ca\/author\/brenda-baletti\">Brenda Baletti<\/a> pour <a target=\"_blank\" href=\"https:\/\/childrenshealthdefense.org\/defender\/bovaer-food-additive-drug-cows-safety-methane-emissions\/\" target=\"_blank\" rel=\"noreferrer noopener\">The Defender<\/a> via <a target=\"_blank\" href=\"https:\/\/www.mondialisation.ca\/droguer-les-vaches-pour-reduire-les-emissions-de-methane-les-scientifiques-sinterrogent-sur-la-securite-et-la-necessite-de-cette-pratique\/5694691?doing_wp_cron=1739896934.3738369941711425781250\" data-type=\"link\" data-id=\"https:\/\/www.mondialisation.ca\/droguer-les-vaches-pour-reduire-les-emissions-de-methane-les-scientifiques-sinterrogent-sur-la-securite-et-la-necessite-de-cette-pratique\/5694691?doing_wp_cron=1739896934.3738369941711425781250\">Mondialisation.ca<\/a><\/p>\n<div class=\"wp-block-image\">\n<figure class=\"aligncenter size-large is-resized\"><img fetchpriority=\"high\" decoding=\"async\" width=\"550\" height=\"286\" src=\"https:\/\/lesmoutonsenrages.fr\/wp-content\/uploads\/2025\/02\/image-62-550x286.png\" alt=\"\" class=\"wp-image-165541\" style=\"width:331px;height:auto\" srcset=\"https:\/\/lesmoutonsenrages.fr\/wp-content\/uploads\/2025\/02\/image-62-550x286.png 550w, https:\/\/lesmoutonsenrages.fr\/wp-content\/uploads\/2025\/02\/image-62-250x130.png 250w, https:\/\/lesmoutonsenrages.fr\/wp-content\/uploads\/2025\/02\/image-62-150x78.png 150w, https:\/\/lesmoutonsenrages.fr\/wp-content\/uploads\/2025\/02\/image-62.png 768w\" sizes=\"(max-width: 550px) 100vw, 550px\"\/><\/figure>\n<\/div>\n<p>Le Bovaer, un <a target=\"_blank\" href=\"https:\/\/www.newsweek.com\/bovaer-additive-milk-elanco-methane-1995964\"><strong>additif destin\u00e9 \u00e0 l\u2019alimentation des vaches<\/strong><\/a> et con\u00e7u pour r\u00e9duire les \u00e9missions de m\u00e9thane, se heurte \u00e0 la r\u00e9ticence du public, bien que l\u2019industrie ait assur\u00e9 que cet additif \u00e9tait \u00ab s\u00fbr et efficace \u00bb et qu\u2019il jouait un r\u00f4le cl\u00e9 dans la r\u00e9duction des \u00e9missions de gaz \u00e0 effet de serre produites par les vaches laiti\u00e8res.<\/p>\n<p>L\u2019additif alimentaire agit en supprimant l\u2019enzyme qui forme le m\u00e9thane dans le ruminant de la vache.<\/p>\n<p><span id=\"more-165540\"\/><\/p>\n<p>DSM-Firmenich, la soci\u00e9t\u00e9 qui a cr\u00e9\u00e9 l\u2019additif, et <a target=\"_blank\" href=\"https:\/\/www.elanco.com\/en-us\/insights\/elanco-announces-fda-has-completed-review-of-bovaer-first-in-class-methane-reducing-feed-ingredient-for-u-s-dairy-industry\"><strong>Elanco<\/strong><\/a>, un fabricant de m\u00e9dicaments am\u00e9ricain qui commercialise le produit aux \u00c9tats-Unis et au Canada, affirment que l\u2019administration d\u2019une cuill\u00e8re \u00e0 soupe de Bovaer par vache laiti\u00e8re en lactation et par jour peut <a target=\"_blank\" href=\"https:\/\/pmc.ncbi.nlm.nih.gov\/articles\/PMC8697901\/\"><strong>r\u00e9duire les \u00e9missions de m\u00e9thane<\/strong><\/a> d\u2019environ 30 %. Toutefois, une <a target=\"_blank\" href=\"https:\/\/www.sciencedirect.com\/science\/article\/pii\/S002203022200710X\"><strong>m\u00e9ta-analyse des essais r\u00e9alis\u00e9s<\/strong><\/a> sur l\u2019additif a r\u00e9v\u00e9l\u00e9 des r\u00e9sultats plus diversifi\u00e9s.<\/p>\n<p>Selon Elanco, donner du Bovaer \u00e0 un million de vaches pendant un an \u00e9quivaudrait \u00e0 \u00e9liminer plus de 285 000 voitures de la circulation pendant un an. L\u2019entreprise affirme \u00e9galement que l\u2019utilisation du Bovaer dans l\u2019alimentation du b\u00e9tail \u00ab s\u2019est av\u00e9r\u00e9e s\u00fbre pour les animaux, les producteurs et les consommateurs \u00bb.<\/p>\n<p>Le Bovaer est disponible \u00e0 <a target=\"_blank\" href=\"https:\/\/www.newsweek.com\/bovaer-additive-milk-elanco-methane-1995964\"><strong>la vente dans 68 pays<\/strong><\/a> et a \u00e9t\u00e9 <a target=\"_blank\" href=\"https:\/\/www.fda.gov\/media\/178913\/download\"><strong>approuv\u00e9 aux \u00c9tats-Unis<\/strong><\/a>, au Mexique, au <a target=\"_blank\" href=\"https:\/\/www.dairyreporter.com\/Article\/2024\/02\/01\/canada-gives-bovaer-the-green-light\/\"><strong>Canada<\/strong><\/a> et au Royaume-Uni, o\u00f9 un important g\u00e9ant laitier, <a target=\"_blank\" href=\"https:\/\/www.foodbev.com\/news\/arla-and-retailers-collaborate-on-methane-reducing-feed-trial\"><strong>Arla Foods, a r\u00e9cemment lanc\u00e9 un essai<\/strong><\/a> dans une trentaine d\u2019exploitations.<\/p>\n<p>Plusieurs grandes cha\u00eenes de supermarch\u00e9s britanniques s\u2019appr\u00eatent \u00e0 vendre du lait provenant de vaches nourries au Bovaer.<\/p>\n<p>Cependant, dans plus de <a target=\"_blank\" href=\"https:\/\/www.msn.com\/en-gb\/news\/uknews\/what-is-bovaer-the-cattle-feed-supplement-which-is-prompting-boycotts-by-conspiracy-theorists\/ar-AA1vd3EB\"><strong>13 000 r\u00e9ponses<\/strong><\/a> \u00e0 l\u2019<a target=\"_blank\" href=\"https:\/\/x.com\/ArlaFoodsUK\/status\/1861403156137030083\"><strong>annonce d\u2019Arla sur X<\/strong><\/a> concernant ses essais sur le terrain avec des vaches Bovaer, les commentateurs ont critiqu\u00e9 l\u2019entreprise. Ils ont qualifi\u00e9 l\u2019essai de \u00ab fou \u00bb et se sont film\u00e9s en train de <a target=\"_blank\" href=\"https:\/\/www.dailymail.co.uk\/health\/article-14151879\/Arla-Lurpak-Cravendale-list-customers-boycotting-cancer-Bovaer.html\"><strong>verser des<\/strong><\/a> produits <a target=\"_blank\" href=\"https:\/\/www.dailymail.co.uk\/health\/article-14151879\/Arla-Lurpak-Cravendale-list-customers-boycotting-cancer-Bovaer.html\"><strong>laitiers d\u2019Arla<\/strong><\/a>. Certains <a target=\"_blank\" href=\"https:\/\/x.com\/PeterSweden7\/status\/1866489678884663459\"><strong>ont appel\u00e9 au<\/strong><\/a> <a target=\"_blank\" href=\"https:\/\/www.tsln.com\/news\/some-uk-consumers-boycott-dairy-produce-over-bovaer-use-in-cows\/\"><strong>boycott du produit<\/strong><\/a>.<\/p>\n<figure class=\"wp-block-embed is-type-rich is-provider-twitter wp-block-embed-twitter\"\/>\n<p>Les critiques se sont \u00e9galement exprim\u00e9es sur TikTok et Facebook, o\u00f9 leurs messages ont \u00e9t\u00e9 vus des millions de fois, a rapport\u00e9 la <a target=\"_blank\" href=\"https:\/\/www.bbc.com\/news\/articles\/c8rjdgre3vpo\"><strong>BBC<\/strong><\/a>.<\/p>\n<p>Le toll\u00e9 a \u00e9t\u00e9 tel que <a target=\"_blank\" href=\"https:\/\/our-company.dsm-firmenich.com\/en\/our-company\/news\/updates-and-statements\/2024\/misinformation-about-bovaer-in-uk.html\"><strong>DSM-Firmenich<\/strong><\/a> et Arla ont \u00e9t\u00e9 contraints de faire des d\u00e9clarations publiques sur l\u2019innocuit\u00e9 suppos\u00e9e du produit. Au cours des derni\u00e8res 24 heures, les m\u00e9dias britanniques <a target=\"_blank\" href=\"https:\/\/www.theguardian.com\/environment\/2024\/dec\/10\/ministers-must-reassure-consumers-feeding-cattle-bovaer-is-safe-says-lady-sheehan\"><strong>The Guardian<\/strong><\/a>, <a target=\"_blank\" href=\"https:\/\/www.spectator.co.uk\/article\/no-bovaer-wont-give-you-cancer\/\"><strong>The Spectator<\/strong><\/a> et <a target=\"_blank\" href=\"https:\/\/theconversation.com\/bovaer-is-added-to-cow-feed-to-reduce-methane-emissions-does-it-get-into-milk-and-meat-and-is-it-harmful-for-humans-245364\"><strong>The Conversation<\/strong><\/a> ont publi\u00e9 des articles d\u00e9fendant Bovaer et tentant de discr\u00e9diter ses d\u00e9tracteurs.<\/p>\n<p>Toutefois, les scientifiques concern\u00e9s qui se sont entretenus avec The Defender ont d\u00e9clar\u00e9 que le produit n\u2019avait pas fait l\u2019objet d\u2019\u00e9tudes suffisantes pour \u00e9tayer les affirmations selon lesquelles il est sans danger pour le b\u00e9tail ou les \u00eatres humains. Ils ont \u00e9galement d\u00e9clar\u00e9 qu\u2019il existait de meilleures strat\u00e9gies pour r\u00e9duire les \u00e9missions de m\u00e9thane.<\/p>\n<p>\u00ab Dans l\u2019ensemble, il existe des signaux d\u2019alarme indiquant que ce m\u00e9dicament pourrait avoir des effets n\u00e9fastes \u00bb, a d\u00e9clar\u00e9 <a target=\"_blank\" href=\"https:\/\/www.linkedin.com\/in\/johnf4\"><strong>John Fagan, Ph.D.<\/strong><\/a>, scientifique en chef du<a target=\"_blank\" href=\"https:\/\/hrilabs.org\/\"><strong> Health Research Institute<\/strong><\/a>. \u00ab Il a \u00e9t\u00e9 mis sur le march\u00e9 \u00e0 la h\u00e2te, sans que des tests ad\u00e9quats aient \u00e9t\u00e9 effectu\u00e9s pour s\u2019assurer de la s\u00e9curit\u00e9 des vaches et des personnes qui boivent le lait.<\/p>\n<p>Selon M. Fagan, le m\u00e9dicament pourrait pr\u00e9senter des risques particuliers pour les enfants, qui sont plus vuln\u00e9rables parce que leur syst\u00e8me de d\u00e9sintoxication n\u2019est pas encore arriv\u00e9 \u00e0 maturit\u00e9.<\/p>\n<p>\u00ab Il n\u2019est pas n\u00e9cessaire de gaver les vaches de Bovear, un produit hautement <a target=\"_blank\" href=\"https:\/\/childrenshealthdefense.org\/defender_category\/toxic-exposures\/\"><strong>toxique<\/strong><\/a>, pour r\u00e9duire les \u00e9missions de m\u00e9thane \u00bb, a d\u00e9clar\u00e9 Andr\u00e9 Leu, directeur international de<a target=\"_blank\" href=\"https:\/\/regenerationinternational.org\/home\/\"><strong> Regeneration International<\/strong><\/a>, auteur et agriculteur biologique r\u00e9g\u00e9n\u00e9rateur.<\/p>\n<p>\u00ab La plupart des \u00e9missions de m\u00e9thane des ruminants proviennent des exploitations d\u2019alimentation animale en claustration (CAFO) \u00bb, a d\u00e9clar\u00e9 M. Leu. \u00ab Si les \u00e9missions de m\u00e9thane et d\u2019autres gaz \u00e0 effet de serre sont consid\u00e9rables dans les exploitations d\u2019\u00e9levage en claustration et les syst\u00e8mes d\u2019\u00e9levage industriel intensif, ce n\u2019est pas le cas des pratiques d\u2019\u00e9levage en p\u00e2turage r\u00e9g\u00e9n\u00e9ratif, qui pourraient constituer une alternative plus s\u00fbre pour la <a target=\"_blank\" href=\"https:\/\/childrenshealthdefense.org\/defender_category\/health-conditions\/\"><strong>sant\u00e9<\/strong><\/a> humaine et animale.<\/p>\n<h3 class=\"wp-block-heading\"><strong>Des \u00e9tudes de s\u00e9curit\u00e9 \u00ab totalement inad\u00e9quates<\/strong><\/h3>\n<p>Le Bovaer est fabriqu\u00e9 \u00e0 partir de dioxyde de silicium, de propyl\u00e8ne glycol et de 3-nitrooxypropanol, ou 3-NOP, un compos\u00e9 organique synth\u00e9tique qui a fait l\u2019objet d\u2019une mise en garde de l\u2019Agence britannique des normes alimentaires (Food Standards Agency) l\u2019ann\u00e9e derni\u00e8re concernant les risques possibles li\u00e9s \u00e0 la manipulation de cette substance, <a target=\"_blank\" href=\"https:\/\/www.newsweek.com\/bovaer-additive-milk-elanco-methane-1995964\"><strong>a rapport\u00e9 Newsweek<\/strong><\/a>.<\/p>\n<p>Dans sa lettre d\u2019approbation de mai, <a target=\"_blank\" href=\"https:\/\/www.fda.gov\/media\/178913\/download\"><strong>la FDA a d\u00e9clar\u00e9<\/strong><\/a> que le 3-NOP, commercialis\u00e9 sous le nom de Bovaer, \u00ab ne devrait pr\u00e9senter qu\u2019un faible risque pour l\u2019homme ou l\u2019animal dans les conditions d\u2019utilisation pr\u00e9vues \u00bb. L\u2019agence a d\u00e9clar\u00e9 qu\u2019elle n\u2019avait pas de pr\u00e9occupations en mati\u00e8re de sant\u00e9 publique.<\/p>\n<p>La FDA a \u00e9galement not\u00e9 que le Bovaer \u00e9tant destin\u00e9 \u00e0 affecter la structure ou la fonction du corps d\u2019un animal, il s\u2019agit en fait d\u2019un m\u00e9dicament. Toutefois, le <a target=\"_blank\" href=\"https:\/\/www.fda.gov\/about-fda\/fda-organization\/center-veterinary-medicine\"><strong>centre de m\u00e9decine v\u00e9t\u00e9rinaire<\/strong><\/a> de l\u2019agence a d\u00e9cid\u00e9 de ne pas soumettre le produit aux exigences habituelles de l\u2019approbation d\u2019un nouveau m\u00e9dicament pour animaux, qui comprennent le signalement des effets ind\u00e9sirables, l\u2019\u00e9tiquetage et d\u2019autres \u00e9tapes.<\/p>\n<p>Selon la journaliste <a target=\"_blank\" href=\"https:\/\/kiowacountypress.net\/content\/critics-say-new-dairy-cow-feed-additive-overblown\"><strong>Grace Hussain de Sentient<\/strong><\/a>, il s\u2019agit d\u2019une mesure inhabituelle qui permet au fabricant de m\u00e9dicaments de contourner le processus d\u2019examen habituel des nouveaux m\u00e9dicaments pour animaux, qui est long et co\u00fbteux et qui dure souvent pr\u00e8s de dix ans.<\/p>\n<p>Certains <a target=\"_blank\" href=\"https:\/\/www.congress.gov\/bill\/118th-congress\/senate-bill\/1842\"><strong>l\u00e9gislateurs<\/strong><\/a> soutenus par l\u2019industrie <a target=\"_blank\" href=\"https:\/\/www.congress.gov\/bill\/118th-congress\/senate-bill\/1842\"><strong>proposent de<\/strong><\/a> faire de cette proc\u00e9dure acc\u00e9l\u00e9r\u00e9e la norme pour l\u2019ensemble de l\u2019industrie de l\u2019alimentation animale.<\/p>\n<p>Cela ne devrait pas poser de probl\u00e8me, a d\u00e9clar\u00e9 Season Solorio, porte-parole d\u2019Elanco, qui a assur\u00e9 \u00e0 Newsweek que le Bovaer \u00e9tait \u00ab s\u00fbr \u00bb et \u00ab efficace \u00bb.<\/p>\n<p>\u00ab Le Bovaer \u2013 un ingr\u00e9dient s\u00fbr et efficace pour l\u2019alimentation du b\u00e9tail \u2013 repr\u00e9sente une opportunit\u00e9 cl\u00e9 bas\u00e9e sur la science \u00bb, a d\u00e9clar\u00e9 Solorio. \u00ab Le Bovaer est l\u2019ingr\u00e9dient alimentaire r\u00e9ducteur de m\u00e9thane le plus \u00e9tudi\u00e9 et le plus scientifiquement prouv\u00e9, avec plus de 15 ans de recherche et plus de 85 articles publi\u00e9s et \u00e9valu\u00e9s par les pairs.<br \/>Toutefois, M. Leu a d\u00e9clar\u00e9 que les \u00e9tudes de s\u00e9curit\u00e9 existantes \u00e9taient \u00ab totalement inad\u00e9quates \u00bb.<\/p>\n<p>\u00ab Elles ne sont pas assez longues pour d\u00e9terminer les effets ind\u00e9sirables courants sur la sant\u00e9, tels que les cancers, le stress oxydatif, les perturbations endocriniennes, les probl\u00e8mes de reproduction, la mutag\u00e9n\u00e8se et la neurotoxicit\u00e9 \u00bb, a d\u00e9clar\u00e9 M. Leu. \u00ab Aucune \u00e9tude ne montre que le lait et les produits carn\u00e9s trait\u00e9s sont sans danger pour les enfants.<\/p>\n<p>M. Leu recommande d\u2019\u00e9viter tous les produits laitiers et carn\u00e9s trait\u00e9s au Bovear jusqu\u2019\u00e0 ce que des \u00e9tudes ind\u00e9pendantes et \u00e9valu\u00e9es par des pairs soient publi\u00e9es.<\/p>\n<p>Fagan a d\u00e9clar\u00e9 que le Bovear agit en interf\u00e9rant avec une enzyme importante dans la fonction digestive des vaches. Cela peut avoir des effets nocifs \u00e0 long terme, m\u00eame s\u2019il a \u00e9t\u00e9 d\u00e9montr\u00e9 que des doses mod\u00e9r\u00e9es de ce produit chimique ne pr\u00e9sentent pas de toxicit\u00e9 aigu\u00eb.<\/p>\n<p>Les \u00e9tudes men\u00e9es jusqu\u2019\u00e0 pr\u00e9sent ont montr\u00e9 des changements dans les enzymes h\u00e9patiques, ce qui sugg\u00e8re que l\u2019utilisation \u00e0 long terme de Bovaer pourrait endommager le fonctionnement du foie, a-t-il ajout\u00e9. Dans les \u00e9tudes sur les rats, des tumeurs non canc\u00e9reuses se sont d\u00e9velopp\u00e9es, mais il existe un risque qu\u2019elles deviennent canc\u00e9reuses avec le temps. \u00ab Des \u00e9tudes plus longues sont n\u00e9cessaires pour \u00e9valuer si elles peuvent devenir canc\u00e9reuses avec le temps \u00bb, a d\u00e9clar\u00e9 M. Fagan.<\/p>\n<p>Un autre probl\u00e8me de s\u00e9curit\u00e9, selon M. Fagan, est que le m\u00e9dicament n\u2019a \u00e9t\u00e9 approuv\u00e9 qu\u2019\u00e0 des doses tr\u00e8s sp\u00e9cifiques parce qu\u2019il est clair que des doses plus \u00e9lev\u00e9es pr\u00e9sentent des risques.<\/p>\n<p>\u00ab Le risque de surdosage est beaucoup plus grand dans un contexte agricole o\u00f9 ce sont des ouvriers agricoles, et non des v\u00e9t\u00e9rinaires, qui administrent le m\u00e9dicament \u00bb, a d\u00e9clar\u00e9 M. Fagan.<\/p>\n<p>Il a \u00e9galement critiqu\u00e9 la d\u00e9cision r\u00e9glementaire d\u2019approuver l\u2019additif alimentaire Bovaer au lieu de le r\u00e9glementer comme un m\u00e9dicament, affirmant que cela \u00ab augmente consid\u00e9rablement le risque qu\u2019il soit manipul\u00e9 avec moins de pr\u00e9cision au d\u00e9triment de la sant\u00e9 de la vache \u00bb.<\/p>\n<p>L\u2019administration du m\u00e9dicament par simple ajout \u00e0 l\u2019alimentation augmente \u00e9galement le risque d\u2019un dosage accidentel plus \u00e9lev\u00e9, a d\u00e9clar\u00e9 M. Fagan, ce qui accro\u00eet le risque d\u2019exposition des consommateurs de lait au Bovear.<\/p>\n<p>Il a ajout\u00e9 : \u00ab Les promoteurs de ce m\u00e9dicament pr\u00e9tendent qu\u2019il est facile \u00e0 administrer :<\/p>\n<p>\u00ab Les promoteurs de ce m\u00e9dicament affirment qu\u2019il est rapidement m\u00e9tabolis\u00e9 et qu\u2019il ne sera donc pas pr\u00e9sent dans le produit laitier final. Cela ne tient pas compte de la question essentielle : quels sont les m\u00e9tabolites et sont-ils nocifs pour la vache ou pour la personne qui boit le lait ? La r\u00e9ponse est que cette recherche n\u2019a pas \u00e9t\u00e9 effectu\u00e9e \u00bb.<\/p>\n<h3 class=\"wp-block-heading\"><strong>L\u2019agriculture r\u00e9g\u00e9n\u00e9ratrice est plus efficace que les m\u00e9dicaments pour r\u00e9duire les \u00e9missions<\/strong><\/h3>\n<p>Les promoteurs du Bovaer, dont Elanco, la plupart des m\u00e9dias grand public et l\u2019<a target=\"_blank\" href=\"https:\/\/www.edf.org\/media\/fda-paves-way-reducing-methane-emissions-livestock\"><strong>Environmental Defense Fund<\/strong><\/a>, affirment que le m\u00e9thane provenant des \u00e9missions du b\u00e9tail constitue une menace s\u00e9rieuse pour le climat mondial et que des solutions techniques telles que ce m\u00e9dicament sont essentielles pour r\u00e9duire ces \u00e9missions.<\/p>\n<p>Cependant, les recherches montrent que la <a target=\"_blank\" href=\"https:\/\/regenerationinternational.org\/2024\/12\/08\/scaling-up-best-practices-regenerative-agriculture-to-regenerate-our-climate-by-maximizing-photosynthesis\/\"><strong>plupart des \u00e9missions de m\u00e9thane<\/strong><\/a> proviennent des fuites de gaz, des puits de p\u00e9trole et de la fonte du perg\u00e9lisol. Le m\u00e9thane provenant des vaches est \u00e9mis dans les exploitations d\u2019\u00e9levage en commun.<\/p>\n<p>\u00ab La grande majorit\u00e9 de ces soi-disant produits miracles qui sont mis sur le march\u00e9 sont destin\u00e9s \u00e0 la production animale dans les exploitations d\u2019\u00e9levage en commun \u00bb, a d\u00e9clar\u00e9 Howard Vlieger, agriculteur r\u00e9g\u00e9n\u00e9rateur, au journal The Defender. \u00ab Le probl\u00e8me n\u2019est pas le nombre de ruminants, mais plut\u00f4t la mani\u00e8re dont les animaux sont \u00e9lev\u00e9s. L\u2019environnement de production des bovins et des animaux laitiers dans les CAFO n\u2019est pas naturel pour ces esp\u00e8ces de b\u00e9tail.<\/p>\n<p>\u00ab Les syst\u00e8mes de p\u00e2turage bien g\u00e9r\u00e9s ou adaptatifs qui utilisent des bovins et d\u2019autres ruminants ne sont pas \u00e0 l\u2019origine des probl\u00e8mes climatiques \u00bb, a d\u00e9clar\u00e9 M. Vlieger.<\/p>\n<p>Selon M. Leu, cela s\u2019explique par le fait que \u00ab dans les \u00e9cosyst\u00e8mes des ranchs, une grande partie du m\u00e9thane \u00e9mis par les animaux dans les p\u00e2turages est d\u00e9grad\u00e9e par des micro-organismes m\u00e9thanotrophes (mangeurs de m\u00e9thane) pr\u00e9sents dans le sol et dans l\u2019eau. Ces organismes n\u2019existent pas dans les CAFO (fermes industrielles) et les syst\u00e8mes d\u2019\u00e9levage intensif, de sorte que 100 % de leurs \u00e9missions se retrouvent dans l\u2019atmosph\u00e8re.<\/p>\n<p>Le m\u00e9thane a une courte demi-vie de seulement 12 ans et se d\u00e9compose rapidement en dioxyde de carbone, a-t-il ajout\u00e9. Les<a target=\"_blank\" href=\"https:\/\/www.sciencedirect.com\/science\/article\/abs\/pii\/S0167880911000934\"><strong>syst\u00e8mes de p\u00e2turage bien g\u00e9r\u00e9s<\/strong><\/a> offrent l\u2019avantage suppl\u00e9mentaire de <a target=\"_blank\" href=\"https:\/\/www.jswconline.org\/content\/71\/2\/156\"><strong>s\u00e9questrer ce CO2 dans le sol<\/strong><\/a> par photosynth\u00e8se, comme le montrent de nombreuses \u00e9tudes scientifiques et le livre de M. Leu, \u00ab <a target=\"_blank\" href=\"https:\/\/www.amazon.com\/Growing-Life-Regenerating-Farming-Ranching\/dp\/160173168X\"><strong>Growing Life<\/strong><\/a>: Regenerating Farming and Ranching \u00bb, l\u2019ont d\u00e9montr\u00e9.<\/p>\n<h3 class=\"wp-block-heading\"><strong>Un nouveau march\u00e9 du carbone<\/strong><\/h3>\n<p>Elanco pr\u00e9sente \u00e9galement Bovaer comme un moyen \u00ab pour les producteurs laitiers d\u2019\u00eatre financi\u00e8rement r\u00e9compens\u00e9s pour la r\u00e9duction de l\u2019empreinte carbone de leur exploitation \u00bb, en rejoignant <a target=\"_blank\" href=\"https:\/\/www.elanco.com\/en-us\/news\/athian-and-elanco-animal-health-team-up-to-transform-food-production-through-methane-reduction\"><strong>Athian<\/strong><\/a>, le <a target=\"_blank\" href=\"https:\/\/sentientmedia.org\/big-dairy-climate-friendly\/\"><strong>march\u00e9 des cr\u00e9dits carbone<\/strong><\/a>financ\u00e9 par Elanco, qui permet aux agriculteurs qui donnent le m\u00e9dicament \u00e0 leurs vaches de r\u00e9clamer des cr\u00e9dits carbone.<\/p>\n<p>Les agriculteurs peuvent quantifier les r\u00e9ductions d\u2019\u00e9missions de gaz \u00e0 effet de serre obtenues gr\u00e2ce \u00e0 l\u2019utilisation du Bovaer par le biais de l\u2019outil UpLook d\u2019Elanco, qui recueille des donn\u00e9es sur les exploitations afin de \u00ab suivre les progr\u00e8s des efforts en mati\u00e8re de d\u00e9veloppement durable \u00bb. Les agriculteurs peuvent utiliser cet outil pour certifier les cr\u00e9dits carbone qu\u2019ils peuvent ensuite vendre, selon la soci\u00e9t\u00e9.<\/p>\n<h3 class=\"wp-block-heading\"><strong>Quel est le rapport entre Bovaer et Bill Gates ?<\/strong><\/h3>\n<p>Plut\u00f4t que de prendre au s\u00e9rieux les pr\u00e9occupations exprim\u00e9es par les scientifiques, DSM-Firmenich a cherch\u00e9 \u00e0 discr\u00e9diter les critiques formul\u00e9es \u00e0 l\u2019encontre de son produit en les qualifiant de \u00ab <a target=\"_blank\" href=\"https:\/\/www.dsm-firmenich.com\/content\/dam\/dsm-firmenich\/corporate\/documents\/our-company\/news\/our-statements\/statement-bovaer-november-2024-final.pdf\"><strong>fausses v\u00e9rit\u00e9s et de d\u00e9sinformation<\/strong><\/a> \u00bb et a affirm\u00e9 que le produit \u00e9tait \u00ab totalement s\u00fbr \u00bb.<\/p>\n<p>La BBC, <a target=\"_blank\" href=\"https:\/\/www.newsweek.com\/bovaer-additive-milk-elanco-methane-1995964\"><strong>Newsweek<\/strong><\/a> et d\u2019autres m\u00e9dias ont sugg\u00e9r\u00e9 que les critiques se livraient \u00e0 des \u00ab <a target=\"_blank\" href=\"https:\/\/www.msn.com\/en-us\/news\/world\/why-has-an-additive-called-bovaer-sparked-controversy-online\/ar-AA1vdaJv\"><strong>th\u00e9ories du complot<\/strong><\/a> \u00bb parce que certains ont fait des \u00ab affirmations sans fondement \u00bb selon lesquelles <a target=\"_blank\" href=\"https:\/\/x.com\/robinmonotti\/status\/1861733728885571786\"><strong>Bill Gates<\/strong><\/a> aurait <a target=\"_blank\" href=\"https:\/\/x.com\/robinmonotti\/status\/1861733728885571786\"><strong>\u00e9t\u00e9 impliqu\u00e9<\/strong><\/a> dans le d\u00e9veloppement du Bovaer.<\/p>\n<p>S\u2019il est vrai que Bill Gates n\u2019a pas particip\u00e9 au d\u00e9veloppement de Bovaer, il a <a target=\"_blank\" href=\"https:\/\/www.bbc.com\/news\/business-64382400\"><strong>investi dans une start-up rivale<\/strong><\/a>, Rumin8, qui d\u00e9veloppe un produit similaire de r\u00e9duction du m\u00e9thane.<\/p>\n<p><a target=\"_blank\" href=\"https:\/\/childrenshealthdefense.org\/defender\/jeff-bezos-bill-gates-funding-methane-vaccine-cattle\/\"><strong>Bill Gates et Jeff Bezos, fondateur d\u2019Amazon,<\/strong><\/a> financent \u00e9galement le d\u00e9veloppement d\u2019un vaccin destin\u00e9 \u00e0 r\u00e9duire le m\u00e9thane produit par le b\u00e9tail.<\/p>\n<p>Ils sont \u00e9galement les financiers du Global Methane Hub, qui incite les pays \u00e0 signer le Global<a target=\"_blank\" href=\"https:\/\/www.globalmethanepledge.org\/\"><strong>Methane Pledge<\/strong><\/a>, qui vise \u00e0 r\u00e9duire de 30 % le m\u00e9thane provenant des combustibles fossiles et du b\u00e9tail entre 2020 et 2030.<\/p>\n<p>Cet engagement sert ensuite de justification dans le <a target=\"_blank\" href=\"https:\/\/www.dsm-firmenich.com\/anh\/news\/press-releases\/2024\/2024-09-09-dsm-firmenich-receives-market-authorization-for-methane-reducing-feed-additive-bovaer-in-south-korea.html\"><strong>mat\u00e9riel promotionnel de DSM-Firmenich<\/strong><\/a> et dans la presse pour expliquer pourquoi des produits comme le Bovaer sont n\u00e9cessaires.<\/p>\n<p><strong>Brenda Baletti<\/strong><\/p>\n<p>Article original en anglais : <a target=\"_blank\" href=\"https:\/\/childrenshealthdefense.org\/defender\/bovaer-food-additive-drug-cows-safety-methane-emissions\/\">Drugging Cows to Reduce Methane Emissions? Scientists Question Safety, Need<\/a>, The Defender, le 10 d\u00e9cembre 2024.<\/p>\n<p><em>Traduction : <a target=\"_blank\" href=\"https:\/\/www.mondialisation.ca\/?doing_wp_cron=1733875379.5732240676879882812500\">Mondialisation.ca<\/a><\/em><\/p>\n<p class=\"has-text-align-center\">***<\/p>\n<p><strong>Brenda Baletti<\/strong>, <em>docteur en droit, est journaliste senior pour The Defender. Elle a \u00e9crit et enseign\u00e9 sur le capitalisme et la politique pendant 10 ans dans le cadre du programme d\u2019\u00e9criture de l\u2019universit\u00e9 de Duke. Elle est titulaire d\u2019un doctorat en g\u00e9ographie humaine de l\u2019universit\u00e9 de Caroline du Nord \u00e0 Chapel Hill et d\u2019une ma\u00eetrise de l\u2019universit\u00e9 du Texas \u00e0 Austin.<\/em><\/p>\n<p>La source originale de cet article est <a target=\"_blank\" href=\"https:\/\/childrenshealthdefense.org\/defender\/bovaer-food-additive-drug-cows-safety-methane-emissions\/\" target=\"_blank\" rel=\"noreferrer noopener\">The Defender<\/a><\/p>\n<p>Copyright \u00a9 <a target=\"_blank\" href=\"https:\/\/www.mondialisation.ca\/author\/brenda-baletti\">Brenda Baletti<\/a>, <a target=\"_blank\" href=\"https:\/\/childrenshealthdefense.org\/defender\/bovaer-food-additive-drug-cows-safety-methane-emissions\/\" target=\"_blank\" rel=\"noreferrer noopener\">The Defender<\/a>, 2024<\/p>\n<\/p><\/div>\n<p><br \/>\n<br \/><a href=\"https:\/\/lesmoutonsenrages.fr\/2025\/02\/19\/droguer-les-vaches-pour-reduire-les-emissions-de-methane-les-scientifiques-sinterrogent-sur-la-securite-et-la-necessite-de-cette-pratique\/\" target=\"_blank\"\">Source link <\/a><\/p>\n","protected":false},"excerpt":{"rendered":"<p>Les scientifiques qui se sont entretenus avec le D\u00e9fenseur ont d\u00e9clar\u00e9 que le Bovaer, un m\u00e9dicament r\u00e9cemment approuv\u00e9 et ajout\u00e9 \u00e0 l\u2019alimentation du b\u00e9tail pour r\u00e9duire les \u00e9missions de m\u00e9thane,&hellip; <\/p>\n","protected":false},"author":1,"featured_media":2968,"comment_status":"open","ping_status":"open","sticky":false,"template":"","format":"standard","meta":{"footnotes":""},"categories":[1],"tags":[],"class_list":["post-2967","post","type-post","status-publish","format-standard","has-post-thumbnail","hentry","category-non-classe"],"_links":{"self":[{"href":"https:\/\/monde25.info\/index.php\/wp-json\/wp\/v2\/posts\/2967","targetHints":{"allow":["GET"]}}],"collection":[{"href":"https:\/\/monde25.info\/index.php\/wp-json\/wp\/v2\/posts"}],"about":[{"href":"https:\/\/monde25.info\/index.php\/wp-json\/wp\/v2\/types\/post"}],"author":[{"embeddable":true,"href":"https:\/\/monde25.info\/index.php\/wp-json\/wp\/v2\/users\/1"}],"replies":[{"embeddable":true,"href":"https:\/\/monde25.info\/index.php\/wp-json\/wp\/v2\/comments?post=2967"}],"version-history":[{"count":0,"href":"https:\/\/monde25.info\/index.php\/wp-json\/wp\/v2\/posts\/2967\/revisions"}],"wp:featuredmedia":[{"embeddable":true,"href":"https:\/\/monde25.info\/index.php\/wp-json\/wp\/v2\/media\/2968"}],"wp:attachment":[{"href":"https:\/\/monde25.info\/index.php\/wp-json\/wp\/v2\/media?parent=2967"}],"wp:term":[{"taxonomy":"category","embeddable":true,"href":"https:\/\/monde25.info\/index.php\/wp-json\/wp\/v2\/categories?post=2967"},{"taxonomy":"post_tag","embeddable":true,"href":"https:\/\/monde25.info\/index.php\/wp-json\/wp\/v2\/tags?post=2967"}],"curies":[{"name":"wp","href":"https:\/\/api.w.org\/{rel}","templated":true}]}}