{"id":2975,"date":"2025-02-20T06:31:35","date_gmt":"2025-02-20T05:31:35","guid":{"rendered":"https:\/\/monde25.info\/index.php\/2025\/02\/20\/guerre-en-ukraine-defibrillateurs-et-pop-corn\/"},"modified":"2025-02-20T06:31:35","modified_gmt":"2025-02-20T05:31:35","slug":"guerre-en-ukraine-defibrillateurs-et-pop-corn","status":"publish","type":"post","link":"https:\/\/monde25.info\/index.php\/2025\/02\/20\/guerre-en-ukraine-defibrillateurs-et-pop-corn\/","title":{"rendered":"Guerre en Ukraine : d\u00e9fibrillateurs et pop-corn"},"content":{"rendered":"<p> <br \/>\n<\/p>\n<div>\n<ol class=\"campaign-loop campaign-list\">\n<li id=\"campaign-433393\" class=\"post-433393 campaign type-campaign status-publish hentry campaign-has-goal campaign-has-not-achieved-goal campaign-has-end-date campaign-has-not-ended\">\n\t<a target=\"_blank\" href=\"https:\/\/reseauinternational.net\/campaigns\/campagne-de-dons-decembre-2024\/\"><\/p>\n<h3>Soutenez R\u00e9seau International.<\/h3>\n<p>\t\t\t<\/a><\/p>\n<p>\n\tChers amis lecteurs, C\u2019est gr\u00e2ce \u00e0 vos dons que nous pouvons garder notre ind\u00e9pendance et\u00a0 vous fournir le meilleur de l\u2019information internationale alternative. Votre soutien nous est indispensable; nous comptons sur vous.<\/p>\n<\/li>\n<\/ol>\n<p>par <strong>R\u00e9gis de Castelnau<\/strong><\/p>\n<p>La s\u00e9quence qui s\u2019est d\u00e9roul\u00e9e autour de la conf\u00e9rence de Munich a \u00e9t\u00e9, nous l\u2019avons dit, l\u2019occasion d\u2019une orgie de schadenfreude et de surconsommation de pop-corns. Mais la stup\u00e9fiante acc\u00e9l\u00e9ration des \u00e9v\u00e9nements impuls\u00e9e par Trump a donn\u00e9 \u00e0 voir d\u2019autres spectacles qui permettent de r\u00e9v\u00e9ler encore un peu plus l\u2019ampleur de la catastrophe europ\u00e9enne. Les Am\u00e9ricains et les Russes vont se rencontrer en Arabie Saoudite pour tenter de trouver le moyen de ramener la paix. Cela ne va pas \u00eatre facile car les objectifs des uns et des autres ne sont pas les m\u00eames. Les Am\u00e9ricains semblent croire que les Russes \u00e0 cause de leurs pertes et de leur situation \u00e9conomique en ont assez et veulent arr\u00eater les frais. Mauvaise pioche. Ce que veulent les Russes c\u2019est atteindre leurs objectifs, c\u2019est-\u00e0-dire ceux \u00e9nonc\u00e9s par Poutine \u00e0 Munich en 2007, assurer leur s\u00e9curit\u00e9. Et pour cela, d\u00e9sormais l\u2019Ukraine doit \u00e9vacuer ses troupes des territoires annex\u00e9s par la Russie, renoncer formellement \u00e0 rejoindre l\u2019OTAN, accepter d\u2019\u00eatre d\u00e9militaris\u00e9e en ne poss\u00e9dant qu\u2019une arm\u00e9e symbolique, \u00eatre d\u00e9nazifi\u00e9e et garantir les droits des citoyens russophones. C\u2019est s\u00fbr que ce \u00e7a va \u00eatre coton. Surtout qu\u2019apr\u00e8s l\u2019\u00e9largissement de l\u2019OTAN \u00e0 l\u2019est, Ma\u00efdan, Minsk I et Minsk II, les moujiks, va comprendre pourquoi, ils sont salement m\u00e9fiants.<\/p>\n<p>Et pendant ce temps la pauvre Europe offre le spectacle d\u2019un poulailler caquetant rempli de poulets sans t\u00eate. Et revient une r\u00e9f\u00e9rence ancienne, la vieille chanson d\u2019Alain Souchon Poulailler song : \u00ab<em>Dans les poulaillers d\u2019acajou, Les belles basses-cours \u00e0 bijoux, on entend la conversation, d\u2019la volaille qui fait l\u2019opinion\u2026<\/em>\u00bb.<\/p>\n<p>Continuons \u00e0 filer la m\u00e9taphore gallinac\u00e9e, en prenant le risque du blasph\u00e8me masculiniste. Dans cette basse-cour, compos\u00e9e des dirigeants europ\u00e9ens va-t-en-guerre, de leur laquais militants et journalistes, de leurs groupies bellicistes sur les r\u00e9seaux, il n\u2019y a plus beaucoup de coqs, plut\u00f4t une collection d\u2019improbables chapons. C\u2019est le patron de la conf\u00e9rence de Munich russophobe fanatique qui \u00e9clate en sanglots parce que comment que JD Vance, il pas \u00e9t\u00e9 trop m\u00e9chant avec lui. C\u2019est la \u00absaucisse de foie\u00bb de Scholz rouge brique du sommet du cr\u00e2ne au menton. C\u2019est Macron d\u00e9montrant en permanence qu\u2019il n\u2019est qu\u2019un enfant g\u00e2t\u00e9 immature qui ne comprend pas grand-chose. C\u2019est Starmer qui multiplie les rodomontades militaires d\u00e9biles faisant ricaner la terre enti\u00e8re.<\/p>\n<p>Du c\u00f4t\u00e9 f\u00e9minin (on ne va \u00e9tudier que deux genres, faut pas d\u00e9conner), on a affaire \u00e0 une \u00e9tonnante galerie de furies bellicistes enrag\u00e9es, g\u00e9n\u00e9reuses avec le sang des autres. C\u2019est bien s\u00fbr von der Leyen, toujours fid\u00e8le au poste, d\u00e9sormais flanqu\u00e9e de Kaja Kallas, politicienne d\u2019un pays comprenant moins d\u2019habitants que la R\u00e9union, et cependant propuls\u00e9e \u00abministre\u00bb des Affaires \u00e9trang\u00e8res d\u2019une UE de 450 millions ! C\u2019est bien s\u00fbr l\u2019ineffable Baerbock l\u2019\u00e9cologiste qui fait des virages \u00e0 360\u00b0, aussi b\u00eate que m\u00e9chante, n\u00e9onazie quasi assum\u00e9e, et qui jubile parce qu\u2019en d\u00e9clarant maintenant la guerre aux \u00c9tats-Unis, elle pourrait comme ses pr\u00e9d\u00e9cesseurs du troisi\u00e8me Reich, la faire sur deux fronts.<\/p>\n<p>Le syst\u00e8me m\u00e9diatique mainstream est parfaitement raccord alignant des militaires retrait\u00e9s sans principes venant faire des passes sur les plateaux, interrog\u00e9s par des journalistes laquais \u00e0 qui il ne manque que la livr\u00e9e. Et l\u00e0 aussi les femmes en premi\u00e8re ligne, avec toute une cohorte de demi-folles hyst\u00e9riques de russophobie multipliant les \u00e9ructations quand ce ne sont pas carr\u00e9ment des hurlements. Une mention particuli\u00e8re pour Alla Poedie souvent accompagn\u00e9e par des pseudos universitaires dont le cerveau s\u2019est arr\u00eat\u00e9 de fonctionner en f\u00e9vrier 1953 juste avant la mort de Staline. Regarder <em>LCI<\/em> entre amis est devenu un must valant s\u00e9quence du spectacle des clowns du cirque Pinder.<\/p>\n<p>Apr\u00e8s avoir \u00e9t\u00e9 masculiniste et misogyne passons \u00e0 la s\u00e9quence g\u00e9rontophobie. En signalant Bernard Guetta sorti de son EHPAD de Bruxelles pour venir bafouiller quelques insultes \u00e0 l\u2019\u00e9gard des Am\u00e9ricains en accusant les souverainistes fran\u00e7ais critiques de l\u2019UE d\u2019\u00eatre quasiment des g\u00e9nocidaires. Toute sa vie ce type aura \u00e9t\u00e9 de toutes les sales combines. Trotskard en 68, young leader juste apr\u00e8s, accompagnateur de toutes les trahisons socialistes. Il a bascul\u00e9 d\u00e9sormais dans la s\u00e9nilit\u00e9 et dans la surench\u00e8re belliciste. (\u00abMais dis donc, on te signale qu\u2019il est plus jeune que toi. \u2013 Oh merde, tu es s\u00fbr ?\u00bb) Arr\u00eatons-nous l\u00e0 m\u00eame si on pourrait \u00e9galement parler des saltimbanques sur le retour (coucou Fran\u00e7ois Cluzet) \u00e0 qui on doit donner un petit cachet pour qu\u2019ils viennent cracher publiquement sur Donald Trump.<\/p>\n<p>Pendant ce temps, les grandes personnes se sont mises au travail. Acc\u00e9l\u00e9ration de l\u2019Histoire oblige, tout notre petit monde, servilit\u00e9 g\u00e9n\u00e9tique oblige, va rapidement abandonner ses r\u00eaves de grandeur europ\u00e9enne et se mettre au pied du ma\u00eetre en remuant la queue. C\u2019est d\u2019ailleurs d\u00e9j\u00e0 commenc\u00e9.<\/p>\n<p>Il y aura peut-\u00eatre quand m\u00eame un petit probl\u00e8me pour certains d\u2019entre eux. Sergue\u00ef Lavrov a \u00e9t\u00e9 ferme : \u00ab<em>\u00e0 propos de cette guerre, en Europe chacun devra r\u00e9pondre de ses actes<\/em>\u00bb. Comme en \u00e9cho, la porte-parole de la Maison-Blanche, Caroline Leavitt, r\u00e9pondu \u00e0 Scholz selon lequel les n\u00e9gociations sans la participation de l\u2019Allemagne ressemblaient \u00e0 une \u00ab<em>paix dictatoriale<\/em>\u00bb. \u00ab<em>Chancelier, mesurez votre langage, la seule place que l\u2019Allemagne m\u00e9rite dans ces n\u00e9gociations est sur le banc des accus\u00e9s<\/em>\u00bb. (Coucou Merkel, Hollande, Johnson, Macron, VDL, etc. etc.)<\/p>\n<p>En attendant on va pr\u00e9voir les d\u00e9fibrillateurs, pour le 9 mai prochain, quand Poutine &amp; Trump assisteront ensemble sur la Place Rouge \u00e0 la parade pour le 80\u00e8me anniversaire de la Victoire commune contre le nazisme.<\/p>\n<p>Et reconstituer les stocks de pop-corn.<\/p>\n<p>source\u00a0: <a target=\"_blank\" href=\"https:\/\/www.vududroit.com\/2025\/02\/guerre-en-ukraine-defibrillateurs-et-pop-corn\/\" target=\"_blank\" rel=\"noopener\" title=\"\">Vu du Droit<\/a><\/p>\n<div class=\"sharedaddy sd-block sd-like jetpack-likes-widget-wrapper jetpack-likes-widget-unloaded\" id=\"like-post-wrapper-237719536-444427-67b6a862d1831\" data-src=\"https:\/\/widgets.wp.com\/likes\/?ver=14.2.1#blog_id=237719536&amp;post_id=444427&amp;origin=reseauinternational.net&amp;obj_id=237719536-444427-67b6a862d1831&amp;n=1\" data-name=\"like-post-frame-237719536-444427-67b6a862d1831\" data-title=\"Aimer ou rebloguer\">\n<h3 class=\"sd-title\">J\u2019aime \u00e7a\u00a0:<\/h3>\n<p><span class=\"button\"><span>J\u2019aime<\/span><\/span> <span class=\"loading\">chargement\u2026<\/span><\/p>\n<p><span class=\"sd-text-color\"\/><a target=\"_blank\" class=\"sd-link-color\"\/><\/div>\n<p><meta itemscope=\"\" itemprop=\"mainEntityOfPage\" itemtype=\"https:\/\/schema.org\/WebPage\" itemid=\"https:\/\/reseauinternational.net\/guerre-en-ukraine-defibrillateurs-et-pop-corn\/\"\/><meta itemprop=\"headline\" content=\"Guerre en Ukraine : d\u00e9fibrillateurs et pop-corn\"\/><span style=\"display: none;\" itemprop=\"author\" itemscope=\"\" itemtype=\"https:\/\/schema.org\/Person\"><meta itemprop=\"name\" content=\"R\u00e9seau International\"\/><\/span><span style=\"display: none;\" itemprop=\"image\" itemscope=\"\" itemtype=\"https:\/\/schema.org\/ImageObject\"><meta itemprop=\"url\" content=\"https:\/\/i0.wp.com\/reseauinternational.net\/wp-content\/uploads\/2025\/02\/Sans-titre-46-1.png?fit=800%2C467&amp;quality=100&amp;ssl=1\"\/><meta itemprop=\"width\" content=\"800\"\/><meta itemprop=\"height\" content=\"467\"\/><\/span><span style=\"display: none;\" itemprop=\"publisher\" itemscope=\"\" itemtype=\"https:\/\/schema.org\/Organization\"><span style=\"display: none;\" itemprop=\"logo\" itemscope=\"\" itemtype=\"https:\/\/schema.org\/ImageObject\"><meta itemprop=\"url\" content=\"https:\/\/reseauinternational.net\/wp-content\/uploads\/2022\/06\/Capture-de\u0301cran-2022-06-14-a\u0300-16.51.07.png\"\/><\/span><meta itemprop=\"name\" content=\"R\u00e9seau International\"\/><\/span><meta itemprop=\"datePublished\" content=\"2025-02-19T12:12:22+00:00\"\/><meta itemprop=\"dateModified\" content=\"2025-02-19T12:12:57+00:00\"\/><\/div>\n<p><br \/>\n<br \/><a href=\"https:\/\/reseauinternational.net\/guerre-en-ukraine-defibrillateurs-et-pop-corn\/\" target=\"_blank\"\">Source link <\/a><\/p>\n","protected":false},"excerpt":{"rendered":"<p>Soutenez R\u00e9seau International. Chers amis lecteurs, C\u2019est gr\u00e2ce \u00e0 vos dons que nous pouvons garder notre ind\u00e9pendance et\u00a0 vous fournir le meilleur de l\u2019information internationale alternative. Votre soutien nous est&hellip; <\/p>\n","protected":false},"author":1,"featured_media":2976,"comment_status":"open","ping_status":"open","sticky":false,"template":"","format":"standard","meta":{"footnotes":""},"categories":[1],"tags":[],"class_list":["post-2975","post","type-post","status-publish","format-standard","has-post-thumbnail","hentry","category-non-classe"],"_links":{"self":[{"href":"https:\/\/monde25.info\/index.php\/wp-json\/wp\/v2\/posts\/2975","targetHints":{"allow":["GET"]}}],"collection":[{"href":"https:\/\/monde25.info\/index.php\/wp-json\/wp\/v2\/posts"}],"about":[{"href":"https:\/\/monde25.info\/index.php\/wp-json\/wp\/v2\/types\/post"}],"author":[{"embeddable":true,"href":"https:\/\/monde25.info\/index.php\/wp-json\/wp\/v2\/users\/1"}],"replies":[{"embeddable":true,"href":"https:\/\/monde25.info\/index.php\/wp-json\/wp\/v2\/comments?post=2975"}],"version-history":[{"count":0,"href":"https:\/\/monde25.info\/index.php\/wp-json\/wp\/v2\/posts\/2975\/revisions"}],"wp:featuredmedia":[{"embeddable":true,"href":"https:\/\/monde25.info\/index.php\/wp-json\/wp\/v2\/media\/2976"}],"wp:attachment":[{"href":"https:\/\/monde25.info\/index.php\/wp-json\/wp\/v2\/media?parent=2975"}],"wp:term":[{"taxonomy":"category","embeddable":true,"href":"https:\/\/monde25.info\/index.php\/wp-json\/wp\/v2\/categories?post=2975"},{"taxonomy":"post_tag","embeddable":true,"href":"https:\/\/monde25.info\/index.php\/wp-json\/wp\/v2\/tags?post=2975"}],"curies":[{"name":"wp","href":"https:\/\/api.w.org\/{rel}","templated":true}]}}