{"id":2977,"date":"2025-02-20T07:04:37","date_gmt":"2025-02-20T06:04:37","guid":{"rendered":"https:\/\/monde25.info\/index.php\/2025\/02\/20\/conseil-constitutionnel-un-troisieme-mandat-pour-macron-na-jamais-ete-ma-pensee-ni-mon-desir-assure-ferrand\/"},"modified":"2025-02-20T07:04:37","modified_gmt":"2025-02-20T06:04:37","slug":"conseil-constitutionnel-un-troisieme-mandat-pour-macron-na-jamais-ete-ma-pensee-ni-mon-desir-assure-ferrand","status":"publish","type":"post","link":"https:\/\/monde25.info\/index.php\/2025\/02\/20\/conseil-constitutionnel-un-troisieme-mandat-pour-macron-na-jamais-ete-ma-pensee-ni-mon-desir-assure-ferrand\/","title":{"rendered":"Conseil constitutionnel : un troisi\u00e8me mandat pour Macron \u00ab\u00a0n&rsquo;a jamais \u00e9t\u00e9 ma pens\u00e9e, ni mon d\u00e9sir\u00a0\u00bb, assure Ferrand"},"content":{"rendered":"<p> <br \/>\n<\/p>\n<div>\n<p>Savoir lire entre les lignes.. Ferrant accuse la paresse intellectuelle du colportage, de la rumeur et de la fake news, et le RN est attendri !<\/p>\n<p>\u00ab\u00a0Je connais l&rsquo;article six de notre Constitution et naturellement, il s&rsquo;appliquera au pr\u00e9sident actuel comme il s&rsquo;appliquera \u00e0 d&rsquo;autres, sauf modification, si le constituant que vous \u00eates le d\u00e9cide\u00a0\u00bb, a-t-il d\u00e9clar\u00e9, auditionn\u00e9 par les d\u00e9put\u00e9s de la commission des lois de l&rsquo;Assembl\u00e9e nationale.<\/p>\n<p>\u00ab\u00a0Donc je vous remercie madame Panot de m&rsquo;avoir permis de tordre le cou, en effet, \u00e0 ce qui n&rsquo;a jamais \u00e9t\u00e9 ma pens\u00e9e ni mon d\u00e9sir\u00a0\u00bb, a-t-il ajout\u00e9 \u00e0 l&rsquo;adresse de la d\u00e9put\u00e9e de la France Insoumise Mathilde Panot.<\/p>\n<p>L&rsquo;article 6 de la Constitution pr\u00e9voit que le pr\u00e9sident \u00ab\u00a0ne peut exercer plus de deux mandats cons\u00e9cutifs\u00a0\u00bb.<\/p>\n<p>Une pol\u00e9mique \u00e9tait partie de propos de M. Ferrand en juin 2023 dans une interview au Figaro.<\/p>\n<p>Au journaliste qui lui demandait s&rsquo;il regrettait qu&rsquo;Emmanuel Macron ne puisse pas se repr\u00e9senter en 2027, il avait notamment r\u00e9pondu : \u00ab\u00a0Notre Constitution en dispose ainsi. Cependant, \u00e0 titre personnel, je regrette tout ce qui bride la libre expression de la souverainet\u00e9 populaire. La limitation du mandat pr\u00e9sidentiel dans le temps, le non-cumul des mandats, etc.\u00a0\u00bb<\/p>\n<p>\u00ab\u00a0Changeons tout cela en pr\u00e9servant le bicam\u00e9risme et le Conseil constitutionnel, gardien vigilant des principes r\u00e9publicains et des libert\u00e9s publiques\u00a0\u00bb, poursuit-il dans cette interview.<\/p>\n<p>Ce mercredi, Richard Ferrand a d\u00e9crit une pol\u00e9mique qui s&rsquo;est ensuite \u00ab\u00a0enflamm\u00e9e\u00a0\u00bb. \u00ab\u00a0A partir de l\u00e0, (&#8230;) la paresse intellectuelle du colportage, de la rumeur et de la +fake news+ fait que cela s&rsquo;est r\u00e9pandu\u00a0\u00bb, a-t-il d\u00e9plor\u00e9.<\/p>\n<p>A l&rsquo;adresse de ceux qui affirment qu&rsquo;il souhaite un troisi\u00e8me mandat pour Emmanuel Macron, il a martel\u00e9 : \u00ab\u00a0nom d&rsquo;une pipe, je n&rsquo;ai jamais affirm\u00e9 \u00e7a\u00a0\u00bb.<\/p>\n<p>Moralit\u00e9, les d\u00e9put\u00e9s RN membres de la commission des Lois ont d\u00e9cid\u00e9 de s&rsquo;abstenir sur la proposition de nommer Richard Ferrand \u00e0 la t\u00eate du Conseil constitutionnel, a annonc\u00e9 mercredi \u00e0 la presse le porte-parole du groupe Bryan Masson.<\/p>\n<p>\u00ab\u00a0L&rsquo;ensemble du groupe Rassemblement national s&rsquo;est abstenu\u00a0\u00bb, tout comme les d\u00e9put\u00e9s alli\u00e9s du groupe d&rsquo;Eric Ciotti, a expliqu\u00e9 M. Masson \u00e0 l&rsquo;issue de l&rsquo;audition du candidat d&rsquo;Emmanuel Macron \u00e0 l&rsquo;Assembl\u00e9e. Richard Ferrand \u00ab\u00a0s&rsquo;est engag\u00e9 en expliquant qu&rsquo;il ne devait pas y avoir de gouvernement des juges, et que le peuple fran\u00e7ais avait un pouvoir constituant (&#8230;) Nous y sommes \u00e9videmment tr\u00e8s attach\u00e9s\u00a0\u00bb, a argu\u00e9 le d\u00e9put\u00e9. Le r\u00e9sultat du scrutin sera connu en milieu de journ\u00e9e, apr\u00e8s l&rsquo;audition de M. Ferrand au S\u00e9nat.<\/p>\n<p>Cela devrait passer cr\u00e8me&#8230;<\/p>\n<\/div>\n<p><script>(function(d, s, id) {  var js, fjs = d.getElementsByTagName(s)[0];  if (d.getElementById(id)) return;  js = d.createElement(s); js.id = id;  js.src = \"\/\/connect.facebook.net\/fr_FR\/sdk.js#xfbml=1&version=v2.3\";  fjs.parentNode.insertBefore(js, fjs);}(document, \"script\", \"facebook-jssdk\"));<\/script><br \/>\n<br \/><br \/>\n<br \/><a href=\"https:\/\/www.francesoir.fr\/politique-france\/conseil-constitutionnel-un-troisieme-mandat-pour-macron-n-jamais-ete-ma-pensee-ni\" target=\"_blank\"\">Source link <\/a><\/p>\n","protected":false},"excerpt":{"rendered":"<p>Savoir lire entre les lignes.. Ferrant accuse la paresse intellectuelle du colportage, de la rumeur et de la fake news, et le RN est attendri ! \u00ab\u00a0Je connais l&rsquo;article six&hellip; <\/p>\n","protected":false},"author":1,"featured_media":2978,"comment_status":"open","ping_status":"open","sticky":false,"template":"","format":"standard","meta":{"footnotes":""},"categories":[1],"tags":[],"class_list":["post-2977","post","type-post","status-publish","format-standard","has-post-thumbnail","hentry","category-non-classe"],"_links":{"self":[{"href":"https:\/\/monde25.info\/index.php\/wp-json\/wp\/v2\/posts\/2977","targetHints":{"allow":["GET"]}}],"collection":[{"href":"https:\/\/monde25.info\/index.php\/wp-json\/wp\/v2\/posts"}],"about":[{"href":"https:\/\/monde25.info\/index.php\/wp-json\/wp\/v2\/types\/post"}],"author":[{"embeddable":true,"href":"https:\/\/monde25.info\/index.php\/wp-json\/wp\/v2\/users\/1"}],"replies":[{"embeddable":true,"href":"https:\/\/monde25.info\/index.php\/wp-json\/wp\/v2\/comments?post=2977"}],"version-history":[{"count":0,"href":"https:\/\/monde25.info\/index.php\/wp-json\/wp\/v2\/posts\/2977\/revisions"}],"wp:featuredmedia":[{"embeddable":true,"href":"https:\/\/monde25.info\/index.php\/wp-json\/wp\/v2\/media\/2978"}],"wp:attachment":[{"href":"https:\/\/monde25.info\/index.php\/wp-json\/wp\/v2\/media?parent=2977"}],"wp:term":[{"taxonomy":"category","embeddable":true,"href":"https:\/\/monde25.info\/index.php\/wp-json\/wp\/v2\/categories?post=2977"},{"taxonomy":"post_tag","embeddable":true,"href":"https:\/\/monde25.info\/index.php\/wp-json\/wp\/v2\/tags?post=2977"}],"curies":[{"name":"wp","href":"https:\/\/api.w.org\/{rel}","templated":true}]}}