{"id":2983,"date":"2025-02-20T08:43:42","date_gmt":"2025-02-20T07:43:42","guid":{"rendered":"https:\/\/monde25.info\/index.php\/2025\/02\/20\/proces-des-otages-de-letat-islamique-des-victimes-revigorees-un-accuse-accable\/"},"modified":"2025-02-20T08:43:42","modified_gmt":"2025-02-20T07:43:42","slug":"proces-des-otages-de-letat-islamique-des-victimes-revigorees-un-accuse-accable","status":"publish","type":"post","link":"https:\/\/monde25.info\/index.php\/2025\/02\/20\/proces-des-otages-de-letat-islamique-des-victimes-revigorees-un-accuse-accable\/","title":{"rendered":"Proc\u00e8s des otages de l\u2019\u00c9tat islamique: des victimes revigor\u00e9es, un accus\u00e9 accabl\u00e9"},"content":{"rendered":"<p> <br \/>\n<br \/>Premier des ex-otages \u00e0 \u00eatre entendu, le photographe \u00c9douard Elias a livr\u00e9 un t\u00e9moignage empreint d\u2019humour et de dignit\u00e9. Il a confirm\u00e9 l\u2019identification du terroriste Mehdi Nemmouche, tout comme le reporter Didier Fran\u00e7ois.<br \/>\n<br \/><br \/>\n<br \/><a href=\"https:\/\/www.mediapart.fr\/journal\/france\/200225\/proces-des-otages-de-l-etat-islamique-des-victimes-revigorees-un-accuse-accable\" target=\"_blank\"\">Source link <\/a><\/p>\n","protected":false},"excerpt":{"rendered":"<p>Premier des ex-otages \u00e0 \u00eatre entendu, le photographe \u00c9douard Elias a livr\u00e9 un t\u00e9moignage empreint d\u2019humour et de dignit\u00e9. Il a confirm\u00e9 l\u2019identification du terroriste Mehdi Nemmouche, tout comme le&hellip; <\/p>\n","protected":false},"author":1,"featured_media":2984,"comment_status":"open","ping_status":"open","sticky":false,"template":"","format":"standard","meta":{"footnotes":""},"categories":[1],"tags":[],"class_list":["post-2983","post","type-post","status-publish","format-standard","has-post-thumbnail","hentry","category-non-classe"],"_links":{"self":[{"href":"https:\/\/monde25.info\/index.php\/wp-json\/wp\/v2\/posts\/2983","targetHints":{"allow":["GET"]}}],"collection":[{"href":"https:\/\/monde25.info\/index.php\/wp-json\/wp\/v2\/posts"}],"about":[{"href":"https:\/\/monde25.info\/index.php\/wp-json\/wp\/v2\/types\/post"}],"author":[{"embeddable":true,"href":"https:\/\/monde25.info\/index.php\/wp-json\/wp\/v2\/users\/1"}],"replies":[{"embeddable":true,"href":"https:\/\/monde25.info\/index.php\/wp-json\/wp\/v2\/comments?post=2983"}],"version-history":[{"count":0,"href":"https:\/\/monde25.info\/index.php\/wp-json\/wp\/v2\/posts\/2983\/revisions"}],"wp:featuredmedia":[{"embeddable":true,"href":"https:\/\/monde25.info\/index.php\/wp-json\/wp\/v2\/media\/2984"}],"wp:attachment":[{"href":"https:\/\/monde25.info\/index.php\/wp-json\/wp\/v2\/media?parent=2983"}],"wp:term":[{"taxonomy":"category","embeddable":true,"href":"https:\/\/monde25.info\/index.php\/wp-json\/wp\/v2\/categories?post=2983"},{"taxonomy":"post_tag","embeddable":true,"href":"https:\/\/monde25.info\/index.php\/wp-json\/wp\/v2\/tags?post=2983"}],"curies":[{"name":"wp","href":"https:\/\/api.w.org\/{rel}","templated":true}]}}