{"id":3009,"date":"2025-02-20T19:10:38","date_gmt":"2025-02-20T18:10:38","guid":{"rendered":"https:\/\/monde25.info\/index.php\/2025\/02\/20\/comment-le-capitalisme-a-lere-trump-detruit-la-democratie\/"},"modified":"2025-02-20T19:10:38","modified_gmt":"2025-02-20T18:10:38","slug":"comment-le-capitalisme-a-lere-trump-detruit-la-democratie","status":"publish","type":"post","link":"https:\/\/monde25.info\/index.php\/2025\/02\/20\/comment-le-capitalisme-a-lere-trump-detruit-la-democratie\/","title":{"rendered":"Comment le capitalisme \u00e0 l\u2019\u00e8re Trump d\u00e9truit la d\u00e9mocratie"},"content":{"rendered":"<p> <br \/>\n<\/p>\n<div>\n<p>Au lendemain de l\u2019invasion de l\u2019Ukraine par la Russie, l\u2019ancien pr\u00e9sident des \u00c9tats-Unis Joe Biden se rangeait <i>\u00ab<small class=\"fine d-inline\">\u00a0<\/small>du c\u00f4t\u00e9 des d\u00e9mocraties contre le despotisme<small class=\"fine d-inline\">\u00a0<\/small>\u00bb<\/i> et <a target=\"_blank\" href=\"https:\/\/www.defense.gov\/News\/News-Stories\/Article\/Article\/2951409\/us-stands-with-ukraine-biden-says-in-state-of-the-union\/\" class=\"spip_out\" rel=\"external\">assurait son soutien<\/a> \u00e0 la <i>\u00ab<small class=\"fine d-inline\">\u00a0<\/small>volont\u00e9 de fer des Ukrainiens<small class=\"fine d-inline\">\u00a0<\/small>\u00bb<\/i>. La promesse a vite fini aux oubliettes\u00a0: \u00e0 peine investi, <a target=\"_blank\" href=\"https:\/\/www.lemonde.fr\/international\/article\/2025\/02\/05\/en-ukraine-l-enjeu-des-terres-rares-dans-une-negociation-de-paix_6532566_3210.html\" class=\"spip_out\" rel=\"external\">Donald Trump annon\u00e7ait conditionner son aide \u00e0 l\u2019Ukraine \u00e0 un acc\u00e8s aux minerais du pays<\/a>.<\/p>\n<p>Trois ans de guerre entre deux mod\u00e8les de civilisation ray\u00e9s d\u2019un trait de plume pour les besoins en lithium des Tesla d\u2019Elon Musk\u00a0: nous sommes entr\u00e9s de plain-pied dans une nouvelle \u00e8re g\u00e9opolitique. Deux essais r\u00e9cents \u00e9clairent la mani\u00e8re dont le capitalisme se pr\u00e9pare \u00e0 se battre pour les ressources critiques et celle dont, doucement mais s\u00fbrement, il fait la peau de la d\u00e9mocratie.<\/p>\n<h2 class=\"spip\">Une partie de Monopoly<\/h2>\n<p>Les propos de Donald Trump sur les terres rares de l\u2019Ukraine <a target=\"_blank\" href=\"https:\/\/www.liberation.fr\/politique\/arretons-de-dire-que-trump-est-un-deal-maker-cest-un-mafieux-20250206_2WQRBISHKJH55JCSJQ7FOJQT64\/\" class=\"spip_out\" rel=\"external\">ne sont pas qu\u2019un <i>deal<\/i><\/a> que propose le nouveau pr\u00e9sident des \u00c9tats-Unis\u00a0: ils r\u00e9v\u00e8lent que nous entrons dans une p\u00e9riode de <i>\u00ab<small class=\"fine d-inline\">\u00a0<\/small>capitalisme de la finitude<small class=\"fine d-inline\">\u00a0<\/small>\u00bb<\/i>, d\u00e9fini par l\u2019\u00e9conomiste Arnaud Orain. Dans <i>Le monde confisqu\u00e9. Essai sur le capitalisme de la finitude, <span class=\"caps\">XVI<\/span><sup class=\"typo_exposants\">e<\/sup>&#8211;<span class=\"caps\">XXI<\/span><sup class=\"typo_exposants\">e<\/sup>\u00a0si\u00e8cle<\/i> (Flammarion, 2025), le directeur d\u2019\u00e9tudes \u00e0 l\u2019\u00c9cole des hautes \u00e9tudes en sciences sociales observe que le capitalisme a historiquement altern\u00e9 entre deux modes.<\/p>\n<p>D\u2019un c\u00f4t\u00e9, le lib\u00e9ralisme, devenu n\u00e9olib\u00e9ralisme, qui mise sur le libre \u00e9change pour favoriser la richesse des nations. De l\u2019autre, ce capitalisme de la finitude, que le chercheur d\u00e9finit comme <i>\u00ab<small class=\"fine d-inline\">\u00a0<\/small>une vaste entreprise navale et territoriale de monopolisation d\u2019actifs \u2014 terres, mines, zones maritimes, personnes esclavagis\u00e9es, entrep\u00f4ts, c\u00e2bles sous-marins, satellites, donn\u00e9es num\u00e9riques \u2014 men\u00e9e par des \u00c9tats-nations et des compagnies priv\u00e9es afin de g\u00e9n\u00e9rer un revenu rentier hors du principe concurrentiel<small class=\"fine d-inline\">\u00a0<\/small>\u00bb<\/i>. D\u2019une certaine mani\u00e8re, ce capitalisme m\u00e9lange une partie de Monopoly dans laquelle toutes les cases auraient \u00e9t\u00e9 achet\u00e9es et une partie de Risk o\u00f9 les troupes seraient mobilis\u00e9es pour contr\u00f4ler les ressources les plus strat\u00e9giques.<\/p>\n<p>Ce mode est raviv\u00e9 lorsque les puissances \u00e9conomiques se mettent \u00e0 craindre qu\u2019<i>\u00ab<small class=\"fine d-inline\">\u00a0<\/small>il n\u2019y en aura pas assez pour tout le monde<small class=\"fine d-inline\">\u00a0<\/small>\u00bb<\/i>\u00a0: autrement dit, que la quantit\u00e9 de ressources critiques est limit\u00e9e et qu\u2019il faut se mettre en position d\u2019en contr\u00f4ler les r\u00e9serves. Elles s\u2019organisent alors selon trois piliers. D\u2019abord, <i>\u00ab<small class=\"fine d-inline\">\u00a0<\/small>une fermeture et une privatisation des mers<small class=\"fine d-inline\">\u00a0<\/small>\u00bb<\/i>, o\u00f9 transitent pr\u00e8s de 80<small class=\"fine d-inline\">\u00a0<\/small>% des flux commerciaux.<\/p>\n<blockquote class=\"spip\">\n<p>Le second pilier de ce capitalisme de la finitude est \u00ab<small class=\"fine d-inline\">\u00a0<\/small>l\u2019\u00e9viction pure et simple des m\u00e9canismes du march\u00e9<small class=\"fine d-inline\">\u00a0<\/small>\u00bb<\/p>\n<\/blockquote>\n<p>Pour prot\u00e9ger cet enjeu strat\u00e9gique, les puissances organisent un <i>\u00ab<small class=\"fine d-inline\">\u00a0<\/small>brouillage des lignes entre marine militaire et marine marchande<small class=\"fine d-inline\">\u00a0<\/small>\u00bb<\/i>. On peut penser \u00e0 Cosco, g\u00e9ant chinois des porte-conteneurs, <a target=\"_blank\" href=\"https:\/\/lemarin.ouest-france.fr\/shipping\/larmateur-chinois-cosco-shipping-dans-le-viseur-des-etat-unis-d05404ba-cd03-11ef-8d90-909e2a097509\" class=\"spip_out\" rel=\"external\">inscrit par les \u00c9tats-Unis sur la liste noire des organisations arm\u00e9es<\/a>, ou \u00e0 l\u2019implantation fr\u00e9n\u00e9tique de la Chine ou d\u2019entreprises chinoises \u00e0 travers le monde (en rachetant le port grec du Pir\u00e9e, celui de Djibouti, en finan\u00e7ant des terminaux \u00e0 Londres, au Salvador, au P\u00e9rou, ou encore au Sri Lanka).<\/p>\n<div class=\"spip_document_88822 spip_document spip_documents spip_document_image spip_documents_center spip_document_center spip_document_avec_legende\" data-legende-len=\"152\" data-legende-lenx=\"xxx\">\n<figure class=\"spip_doc_inner\">\n      <picture><source type=\"image\/webp\" srcset=\"https:\/\/reporterre.net\/local\/cache-vignettes\/L1050xH700\/cosco_shipping_aries__2018___39480117945_1_1_-42b32.jpg@.webp?1739885043\"><img decoding=\"async\" src=\"https:\/\/reporterre.net\/IMG\/jpg\/cosco_shipping_aries__2018___39480117945_1_1_.jpg\" width=\"1200\" height=\"800\" loading=\"lazy\" alt=\"\"\/><br \/>\n    <\/source><\/picture><figcaption class=\"spip_doc_legende\">\n<p>L\u2019entreprise Cosco est soup\u00e7onn\u00e9e par le minist\u00e8re de la D\u00e9fense am\u00e9ricain d\u2019\u00eatre li\u00e9 \u00e0 l\u2019arm\u00e9e chinoise.<br \/>\n<i>Wikimedia Commons \/ <span class=\"caps\">CC<\/span> <span class=\"caps\">BY<\/span>&#8211;<span class=\"caps\">SA<\/span> 2.0 \/ Kees Torn<br \/>\n<\/i><\/p>\n<\/figcaption><\/figure>\n<\/p><\/div>\n<p>Le second pilier de ce capitalisme de la finitude est <i>\u00ab<small class=\"fine d-inline\">\u00a0<\/small>l\u2019\u00e9viction pure et simple des m\u00e9canismes du march\u00e9<small class=\"fine d-inline\">\u00a0<\/small>\u00bb<\/i>\u00a0: le libre \u00e9change est abandonn\u00e9 pour organiser le monde selon des accords d\u2019entente commerciale conclus au gr\u00e9 des bonnes ententes entre acteurs. La guerre tarifaire dans laquelle s\u2019est lanc\u00e9e Donald Trump sur les prix de l\u2019acier et sur les exportations mexicaines ou chinoises, \u00e0 l\u2019encontre des r\u00e8gles de l\u2019Organisation mondiale du commerce, en est un exemple flagrant.<\/p>\n<p>Enfin, ce <i>\u00ab<small class=\"fine d-inline\">\u00a0<\/small>capitalisme contre le march\u00e9<small class=\"fine d-inline\">\u00a0<\/small>\u00bb<\/i> constitue, d\u2019apr\u00e8s Arnaud Orain, des <i>\u00ab<small class=\"fine d-inline\">\u00a0<\/small>empires formels ou informels par la prise de contr\u00f4le de firmes publiques et priv\u00e9es<small class=\"fine d-inline\">\u00a0<\/small>\u00bb<\/i>. Ces <i>\u00ab<small class=\"fine d-inline\">\u00a0<\/small>compagnies-Etat<small class=\"fine d-inline\">\u00a0<\/small>\u00bb<\/i> ne subissent pas les m\u00e9canismes du march\u00e9 puisque ceux-ci sont fa\u00e7onn\u00e9s pour mieux les servir \u2014 pensons aux \u00ab<small class=\"fine d-inline\">\u00a0<\/small>champions fran\u00e7ais<small class=\"fine d-inline\">\u00a0<\/small>\u00bb comme TotalEnergies ou Veolia et aux exon\u00e9rations fiscales dont ils b\u00e9n\u00e9ficient.<\/p>\n<h2 class=\"spip\">Le nationalisme identitaire \u00ab<small class=\"fine d-inline\">\u00a0<\/small>pu\u00e9ril<small class=\"fine d-inline\">\u00a0<\/small>\u00bb de l\u2019Europe<\/h2>\n<p>Si les \u00c9tats-Unis d\u00e9rivent vers l\u2019autoritarisme et entrent en comp\u00e9tition avec des r\u00e9gimes comme la Russie et la Chine, quel peut \u00eatre le chemin de l\u2019Union europ\u00e9enne<small class=\"fine d-inline\">\u00a0<\/small>? Arnaud Orain consid\u00e8re qu\u2019elle s\u2019enferme pour l\u2019heure dans un nationalisme identitaire <i>\u00ab<small class=\"fine d-inline\">\u00a0<\/small>pu\u00e9ril<small class=\"fine d-inline\">\u00a0<\/small>\u00bb<\/i>, repli\u00e9 sur une id\u00e9e d\u2019\u00c9tat-nation autarcique, d\u00e9pass\u00e9e \u00e0 l\u2019\u00e8re de la mondialisation. Il anticipe que pour obtenir les ressources dont elles ont besoin face aux \u00c9tats autoritaires, les forces <i>\u00ab<small class=\"fine d-inline\">\u00a0<\/small>progressistes<small class=\"fine d-inline\">\u00a0<\/small>\u00bb<\/i> (pour simplifier, les membres de l\u2019Union europ\u00e9enne) vont aussi recourir \u00e0 la violence.<\/p>\n<p>Cette violence n\u2019est pas n\u00e9cessairement, pour Orain, une guerre ouverte, mais plut\u00f4t un <i>\u00ab<small class=\"fine d-inline\">\u00a0<\/small>\u00c9tat ni guerre\/ni paix<small class=\"fine d-inline\">\u00a0<\/small>\u00bb<\/i>, qui se manifeste par une <i>\u00ab<small class=\"fine d-inline\">\u00a0<\/small>fermeture et privatisation toujours plus forte des mers avec un \u201ccommerce\u201d de convois militaris\u00e9s, [une] constitution de silos imp\u00e9riaux en rivalit\u00e9 arm\u00e9e les uns avec les autres [et des] conflits de souverainet\u00e9 multipli\u00e9s entre \u00c9tats et compagnies-\u00c9tat<small class=\"fine d-inline\">\u00a0<\/small>\u00bb<\/i>. Si bien que ce <i>\u00ab<small class=\"fine d-inline\">\u00a0<\/small>patriotisme \u00e9cologique s\u00e9curitaire<small class=\"fine d-inline\">\u00a0<\/small>\u00bb<\/i> \u2014 qui continue d\u2019affirmer, dans son discours du moins, <a target=\"_blank\" href=\"https:\/\/reporterre.net\/Pour-sauver-la-planete-faites-la-guerre-pas-l-amour\">son attachement \u00e0 la transition \u00e9cologique<\/a> \u2014  et le <i>\u00ab<small class=\"fine d-inline\">\u00a0<\/small>nationalisme fossile<small class=\"fine d-inline\">\u00a0<\/small>\u00bb<\/i> en viendront \u00e0 se ressembler. La droitisation de l\u2019Union europ\u00e9enne et les appels croissants \u00e0 sa remilitarisation en sont autant d\u2019amorces.<\/p>\n<p>Comment ces deux formes de capitalisme sabordent-elles la d\u00e9mocratie<small class=\"fine d-inline\">\u00a0<\/small>? <i>Le capitalisme de l\u2019apocalypse, ou le r\u00eave d\u2019un monde sans d\u00e9mocratie<\/i> (Seuil, 2025), de l\u2019historien canadien Quinn Slobodian, est \u00e9clairant \u00e0 cet \u00e9gard. Ce sp\u00e9cialiste du n\u00e9olib\u00e9ralisme partage le constat de sa mort et s\u2019int\u00e9resse \u00e0 son fossoyeur\u00a0: les zones \u00e9conomiques sp\u00e9ciales. Celles-ci perforent le tissu \u00e9conomique mondial pour en modifier les r\u00e8gles du jeu\u00a0: ce sont des paradis fiscaux, des ports francs et autres types d\u2019enclaves qui ne sont pas soumis aux r\u00e8gles fiscales habituelles.<\/p>\n<p>La plupart du temps, elles ont l\u2019allure <i>\u00ab<small class=\"fine d-inline\">\u00a0<\/small>d\u2019espaces industriels, souvent ceints de barbel\u00e9s, o\u00f9 travaille une main-d\u2019\u0153uvre faiblement r\u00e9mun\u00e9r\u00e9e<small class=\"fine d-inline\">\u00a0<\/small>\u00bb<\/i>. Dans <a target=\"_blank\" href=\"https:\/\/www.openzonemap.com\/\" class=\"spip_out\" rel=\"external\">une carte saisissante<\/a>, Slobodian recense plus de 6\u00a0000 de ces zones, dont une trentaine en France, notamment les zones franches urbaines de Marseille, autour desquelles sont implant\u00e9s <a target=\"_blank\" href=\"https:\/\/reporterre.net\/A-Marseille-la-demesure-des-data-centers\">des projets de data center<\/a>, ou celle de La Rochelle, port de commerce <a target=\"_blank\" href=\"https:\/\/reporterre.net\/Profits-export-et-grandes-cultures-les-vraies-raisons-des-megabassines\">agrandi pour les besoins de l\u2019agriculture industrielle<\/a>.<\/p>\n<div class=\"spip_document_88820 spip_document spip_documents spip_document_image spip_documents_center spip_document_center spip_document_avec_legende\" data-legende-len=\"110\" data-legende-lenx=\"xx\">\n<figure class=\"spip_doc_inner\">\n      <picture><source type=\"image\/webp\" srcset=\"https:\/\/reporterre.net\/local\/cache-vignettes\/L1050xH700\/capture_d_ecran_du_2025-02-18_12-13-39_1_-699ab.png@.webp?1739877360\"><img decoding=\"async\" src=\"https:\/\/reporterre.net\/IMG\/png\/capture_d_ecran_du_2025-02-18_12-13-39_1_.png\" width=\"1200\" height=\"800\" loading=\"lazy\" alt=\"\"\/><br \/>\n    <\/source><\/picture><figcaption class=\"spip_doc_legende\">\n<p>La France est l\u2019un des pays europ\u00e9ens \u00e0 la plus grande densit\u00e9 de zones \u00e9conomiques sp\u00e9ciales.<br \/>\n<i>Open Zone Map<br \/>\n<\/i><\/p>\n<\/figcaption><\/figure>\n<\/p><\/div>\n<p>Ces zones d\u2019exception sont autant de moyens de contourner la d\u00e9mocratie, qui n\u2019int\u00e9resse gu\u00e8re leurs thurif\u00e9raires\u00a0: les n\u00e9olib\u00e9raux comme Friedrich Hayek (1899-1992), les anarchocapitalistes et les <a target=\"_blank\" href=\"https:\/\/reporterre.net\/Trump-et-Musk-nous-menent-vers-un-monde-glacial-domine-par-l-IA\">libertariens \u00e0 la sauce Elon Musk<\/a>, ou son comp\u00e8re milliardaire <a target=\"_blank\" href=\"https:\/\/www.lemonde.fr\/m-le-mag\/article\/2021\/11\/19\/peter-thiel-le-cavalier-solitaire-de-la-silicon-valley_6102636_4500055.html\" class=\"spip_out\" rel=\"external\">Peter Thiel<\/a>.<\/p>\n<h2 class=\"spip\">Les m\u00e9galomanes sont arriv\u00e9s au pouvoir<\/h2>\n<p>L\u2019historien propose une riche gen\u00e8se de toutes ces pens\u00e9es qui semblent frapp\u00e9es du sceau de la m\u00e9galomanie. \u00c0 pr\u00e9sent que les m\u00e9galomanes sont arriv\u00e9s au pouvoir, il devient imp\u00e9ratif de se pencher sur leur moule id\u00e9ologique.<\/p>\n<p>Quinn Slobodian montre que les premiers n\u00e9olib\u00e9raux ont fantasm\u00e9 des exp\u00e9riences comme Hong Kong, Shangha\u00ef, la City de Londres et toutes ces autres zones per\u00e7ues \u2014 \u00e0 tort, d\u00e9montre-t-il \u2014 comme des soci\u00e9t\u00e9s sans \u00c9tat, r\u00e9gul\u00e9es par le seul march\u00e9. Ces partisans radicaux du march\u00e9 libre voient ces zones comme une <i>\u00ab<small class=\"fine d-inline\">\u00a0<\/small>source d\u2019inspiration pour la r\u00e9organisation politique de la soci\u00e9t\u00e9 dans son ensemble<small class=\"fine d-inline\">\u00a0<\/small>\u00bb<\/i>.<\/p>\n<blockquote class=\"spip\">\n<p>\u00ab<small class=\"fine d-inline\">\u00a0<\/small>Les bons capitalistes savent que le v\u00e9ritable jeu consiste \u00e0 s\u2019emparer de l\u2019\u00c9tat<small class=\"fine d-inline\">\u00a0<\/small>\u00bb<\/p>\n<\/blockquote>\n<p>Slobodian propose une lecture qui compl\u00e8te l\u2019analyse d\u2019Orain\u00a0: ces partisans radicaux du march\u00e9 libre <i>\u00ab<small class=\"fine d-inline\">\u00a0<\/small>renversent le r\u00e9cit traditionnel de l\u2019apr\u00e8s-Guerre froide<\/i>, \u00e9crit-il. <i>En lieu et place d\u2019un capitalisme d\u00e9mocratique se diffusant dans le monde depuis sa source, situ\u00e9e en Occident, ils consid\u00e8rent une forme de capitalisme non d\u00e9mocratique, plus efficace, parfaite en Asie, se d\u00e9pla\u00e7ant vers l\u2019ouest.<small class=\"fine d-inline\">\u00a0<\/small>\u00bb<\/i><\/p>\n<p>Si l\u2019on pourrait avoir l\u2019impression, \u00e0 premi\u00e8re vue, que ces zones \u00e9conomiques sp\u00e9ciales ne servent qu\u2019aux acteurs priv\u00e9s, Slobodian insiste sur la participation des \u00c9tats dans cette vaste op\u00e9ration de d\u00e9r\u00e9gulation\u00a0: loin d\u2019\u00eatre des dispositifs lib\u00e9r\u00e9s des \u00c9tats, ce sont plut\u00f4t des outils dont se servent les gouvernements pour atteindre leurs propres objectifs\u00a0: <i>\u00ab<small class=\"fine d-inline\">\u00a0<\/small>La d\u00e9fection est une tactique de <\/i>loser<i>. Les bons capitalistes savent que le v\u00e9ritable jeu consiste \u00e0 s\u2019emparer de l\u2019\u00c9tat.<small class=\"fine d-inline\">\u00a0<\/small>\u00bb<\/i><\/p>\n<p>Slobodian n\u2019analyse pas la gouvernance chaotique de Donald Trump comme une consolidation de l\u2019\u00c9tat-nation\u00a0: au contraire, <a target=\"_blank\" href=\"https:\/\/www.politico.com\/news\/2023\/03\/03\/trump-policy-futuristic-cities-00085383\" class=\"spip_out\" rel=\"external\">Trump pr\u00e9pare la cr\u00e9ation de villes priv\u00e9es<\/a>, sillonn\u00e9es par des voitures volantes \u2014 et prot\u00e9g\u00e9es des importations chinoises, pr\u00e9cise le pr\u00e9sident \u00e9tasunien \u2014 et pousse les initiatives d\u2019Elon Musk pour cr\u00e9er des villes d\u2019entreprises. Une mani\u00e8re de pr\u00e9parer une fragmentation toujours plus pouss\u00e9e du pays, jusqu\u2019\u00e0 faire imploser la plus vieille des d\u00e9mocraties contemporaines.<\/p>\n<table>\n<tr>\n<td style=\"width:50%;\">\n<div class=\"spip_document_88826 spip_document spip_documents spip_document_image spip_documents_left spip_document_left\">\n<figure class=\"spip_doc_inner\">\n      <picture>\n<p>        <img decoding=\"async\" src=\"https:\/\/reporterre.net\/IMG\/jpg\/9782080466570_1_.jpg\" width=\"250\" height=\"380\" loading=\"lazy\" alt=\"\"\/>\n    <\/picture>\n  <\/figure>\n<\/p><\/div>\n<\/td>\n<td>\n<strong>Le Monde confisqu\u00e9, essai sur le capitalisme de la finitude (<span class=\"caps\">XVI<\/span><sup class=\"typo_exposants\">e<\/sup>&#8211;<span class=\"caps\">XXI<\/span><sup class=\"typo_exposants\">e<\/sup>\u00a0si\u00e8cle)<\/strong>, d\u2019Arnaud Orain, aux \u00e9ditions <a target=\"_blank\" href=\"https:\/\/editions.flammarion.com\/le-monde-confisque\/9782080466570\" class=\"spip_out\" rel=\"external\">Flammarion<\/a>, janvier 2025, 368\u00a0p., 23,90\u00a0euros.\n<\/td>\n<\/tr>\n<\/table>\n<table>\n<tr>\n<td style=\"width:50%;\">\n<div class=\"spip_document_88825 spip_document spip_documents spip_document_image spip_documents_left spip_document_left\">\n<figure class=\"spip_doc_inner\">\n      <picture>\n<p>        <img decoding=\"async\" src=\"https:\/\/reporterre.net\/IMG\/jpg\/145140_couverture_hres_0_2_.jpg\" width=\"250\" height=\"380\" loading=\"lazy\" alt=\"\"\/>\n    <\/picture>\n  <\/figure>\n<\/p><\/div>\n<\/td>\n<td>\n<strong>Le Capitalisme de l\u2019apocalypse, ou le r\u00eave d\u2019un monde sans d\u00e9mocratie<\/strong>, de Quinn Slobodian, aux <a target=\"_blank\" href=\"https:\/\/www.seuil.com\/ouvrage\/le-capitalisme-de-l-apocalypse-quinn-slobodian\/9782021451405\" class=\"spip_out\" rel=\"external\">\u00e9ditions du Seuil<\/a>, janvier 2025, 368\u00a0p., 17,99\u00a0euros.\n<\/td>\n<\/tr>\n<\/table>\n<aside class=\"boite_encarts\">\n<div class=\"encart encart_gris noprint\">\n<p><strong>Puisque vous \u00eates l\u00e0&#8230;<\/strong><\/p>\n<p>&#8230; nous avons un petit service \u00e0 vous demander.<br class=\"autobr\"\/><br \/>\nEntre la pr\u00e9sence d\u2019un climatosceptique \u00e0 la t\u00eate de la premi\u00e8re puissance mondiale, un gouvernement fran\u00e7ais qui flirte avec l\u2019extr\u00eame-droite, et les catastrophes climatiques qui s\u2019enchainent&#8230; Faire vivre l\u2019\u00e9cologie dans le d\u00e9bat public est un enjeu crucial.<\/p>\n<p>Personne ne modifie ce que nous publions. Nous n\u2019avons ni actionnaire, ni propri\u00e9taire milliardaire \u2014 seulement une \u00e9quipe d\u2019irr\u00e9ductibles journalistes, pleine de d\u00e9termination.<\/p>\n<p>Nous avons la conviction que l\u2019urgence \u00e9cologique est l\u2019enjeu majeur de notre \u00e9poque. Et comme plus de 2 millions de lectrices et lecteurs chaque mois, vous partagez sans doute cette conviction&#8230;<\/p>\n<p><strong>Depuis 12 ans, nous publions des articles de qualit\u00e9 sur l\u2019\u00e9cologie, en acc\u00e8s libre et sans publicit\u00e9, pour tous.<\/strong><br class=\"autobr\"\/><br \/>\nMais ce travail demande beaucoup de temps et de ressources.<\/p>\n<p>Alors, si vous en avez les moyens, sachez qu\u2019un don, m\u00eame d\u20191\u20ac, est un acte de soutien fort pour l\u2019\u00e9cologie et le journalisme ind\u00e9pendant.<br class=\"autobr\"\/><br \/>\n(Et \u00e7a vous prendra moins de temps que la lecture de ce texte).<\/p>\n<p><strong>Si vous le pouvez, choisissez un soutien mensuel. Merci.<\/strong><\/p>\n<p><a target=\"_blank\" href=\"https:\/\/reporterre.net\/dons\" class=\"bt_soutenir\">Je soutiens <i>Reporterre<\/i><\/a><\/p>\n<\/p><\/div>\n<div class=\"encart encart_vert noprint montre_1023\">\n<div class=\"infolettre-form-container noprint\">\n<p>Abonnez-vous \u00e0 la lettre d\u2019info de Reporterre<\/p>\n<\/div><\/div>\n<\/aside>\n<aside class=\"boite_apresarticle encart_note\">\n<h4>Apr\u00e8s cet article<\/h4>\n<p>      <a target=\"_blank\" href=\"https:\/\/reporterre.net\/Le-capitalisme-algorithmique-une-dystopie-devenue-realite\" class=\"lien_article\">\n      <picture class=\"vignette_gauche\"><source type=\"image\/webp\" srcset=\"https:\/\/reporterre.net\/local\/cache-vignettes\/L450xH300\/onvitvraimentdansunecybersaucisse-de5bd.jpg@.webp?1737368585\"><img decoding=\"async\" src=\"https:\/\/reporterre.net\/local\/cache-vignettes\/L450xH300\/onvitvraimentdansunecybersaucisse-de5bd.jpg?1737368585\" width=\"450\" height=\"300\" alt=\"\" class=\"marge12\" loading=\"lazy\"\/><br \/>\n<\/source><\/picture>\n<p class=\"libelle\">\n<p>          Id\u00e9e \u2014<\/p>\n<p>      Num\u00e9rique\n    <\/p>\n<p class=\"titre pol20\">Le capitalisme algorithmique, une dystopie devenue r\u00e9alit\u00e9<\/p>\n<p>      <\/a><br \/>\n    <\/aside>\n<aside class=\"boite_complement texte\">\n<p>      <!-- zone_forum --><br \/>\n          <\/aside>\n<aside class=\"boite_lireaussi noprint\">\n<\/aside>\n<aside class=\"colonne\">\n<div class=\"article_info cache_1023 noprint\">\n<p>    <span class=\"date\">20 f\u00e9vrier 2025  \u00e0 16h15<\/span><\/p>\n<p class=\"duree_lecture\">\n        Dur\u00e9e de lecture : 8 minutes\n      <\/p>\n<\/p><\/div>\n<div class=\"bloc_infolettre\">\n<div class=\"infolettre-form-container noprint\">\n<p>Abonnez-vous \u00e0 la lettre d\u2019info de Reporterre<\/p>\n<\/div><\/div>\n<\/aside>\n<div id=\"galerie\">\n  <img decoding=\"async\" src=\"\" class=\"principale\" id=\"principale\"\/><\/p>\n<p id=\"legende\">legende<\/p>\n<\/div>\n<footer class=\"noprint\">\n<\/footer>\n<\/div>\n<p><br \/>\n<br \/><a href=\"https:\/\/reporterre.net\/Comment-le-capitalisme-a-l-ere-Trump-detruit-la-democratie\" target=\"_blank\"\">Source link <\/a><\/p>\n","protected":false},"excerpt":{"rendered":"<p>Au lendemain de l\u2019invasion de l\u2019Ukraine par la Russie, l\u2019ancien pr\u00e9sident des \u00c9tats-Unis Joe Biden se rangeait \u00ab\u00a0du c\u00f4t\u00e9 des d\u00e9mocraties contre le despotisme\u00a0\u00bb et assurait son soutien \u00e0 la&hellip; <\/p>\n","protected":false},"author":1,"featured_media":3010,"comment_status":"open","ping_status":"open","sticky":false,"template":"","format":"standard","meta":{"footnotes":""},"categories":[1],"tags":[],"class_list":["post-3009","post","type-post","status-publish","format-standard","has-post-thumbnail","hentry","category-non-classe"],"_links":{"self":[{"href":"https:\/\/monde25.info\/index.php\/wp-json\/wp\/v2\/posts\/3009","targetHints":{"allow":["GET"]}}],"collection":[{"href":"https:\/\/monde25.info\/index.php\/wp-json\/wp\/v2\/posts"}],"about":[{"href":"https:\/\/monde25.info\/index.php\/wp-json\/wp\/v2\/types\/post"}],"author":[{"embeddable":true,"href":"https:\/\/monde25.info\/index.php\/wp-json\/wp\/v2\/users\/1"}],"replies":[{"embeddable":true,"href":"https:\/\/monde25.info\/index.php\/wp-json\/wp\/v2\/comments?post=3009"}],"version-history":[{"count":0,"href":"https:\/\/monde25.info\/index.php\/wp-json\/wp\/v2\/posts\/3009\/revisions"}],"wp:featuredmedia":[{"embeddable":true,"href":"https:\/\/monde25.info\/index.php\/wp-json\/wp\/v2\/media\/3010"}],"wp:attachment":[{"href":"https:\/\/monde25.info\/index.php\/wp-json\/wp\/v2\/media?parent=3009"}],"wp:term":[{"taxonomy":"category","embeddable":true,"href":"https:\/\/monde25.info\/index.php\/wp-json\/wp\/v2\/categories?post=3009"},{"taxonomy":"post_tag","embeddable":true,"href":"https:\/\/monde25.info\/index.php\/wp-json\/wp\/v2\/tags?post=3009"}],"curies":[{"name":"wp","href":"https:\/\/api.w.org\/{rel}","templated":true}]}}