{"id":3015,"date":"2025-02-20T20:49:40","date_gmt":"2025-02-20T19:49:40","guid":{"rendered":"https:\/\/monde25.info\/index.php\/2025\/02\/20\/la-france-retrocede-a-la-cote-divoire-sa-base-militaire-historique-pres-dabidjan\/"},"modified":"2025-02-20T20:49:40","modified_gmt":"2025-02-20T19:49:40","slug":"la-france-retrocede-a-la-cote-divoire-sa-base-militaire-historique-pres-dabidjan","status":"publish","type":"post","link":"https:\/\/monde25.info\/index.php\/2025\/02\/20\/la-france-retrocede-a-la-cote-divoire-sa-base-militaire-historique-pres-dabidjan\/","title":{"rendered":"La France r\u00e9troc\u00e8de \u00e0 la C\u00f4te d&rsquo;Ivoire sa base militaire historique pr\u00e8s d&rsquo;Abidjan"},"content":{"rendered":"<p> <br \/>\n<\/p>\n<div>\n<p>La France a r\u00e9troc\u00e9d\u00e9 ce jeudi \u00e0 la C\u00f4te d&rsquo;Ivoire la grande base militaire qu&rsquo;elle occupait depuis pr\u00e8s de 50 ans pr\u00e8s d&rsquo;Abidjan, un d\u00e9part somme toute concert\u00e9 contrairement \u00e0 d&rsquo;autres pays africains qui ont r\u00e9cemment chass\u00e9 l&rsquo;arm\u00e9e fran\u00e7aise.<\/p>\n<p>Le retour dans le giron ivoirien de la base abritant le 43e Bataillon d&rsquo;infanterie et de marine (43e BIMa) \u00e0 Port-Bou\u00ebt a \u00e9t\u00e9 act\u00e9 lors d&rsquo;une c\u00e9r\u00e9monie en pr\u00e9sence des ministres de la D\u00e9fense des deux pays, T\u00e9n\u00e9 Birahima Ouattara et S\u00e9bastien Lecornu.<\/p>\n<p>Le drapeau national aux couleurs orange, blanche et verte de la C\u00f4te d&rsquo;Ivoire a \u00e9t\u00e9 hiss\u00e9 sur la place d&rsquo;armes de cette base strat\u00e9gique situ\u00e9e pr\u00e8s de l\u2019a\u00e9roport d\u2019Abidjan, et rebaptis\u00e9e \u00e0 cette occasion du nom de Thomas d&rsquo;Aquin Ouattara, premier chef d&rsquo;Etat-major de l&rsquo;arm\u00e9e ivoirienne.<\/p>\n<p>\u00ab\u00a0Cet acte marque une nouvelle \u00e9tape dans les relations d\u2019amiti\u00e9 et de coop\u00e9ration strat\u00e9gique entre nos deux nations\u00a0\u00bb, a d\u00e9clar\u00e9 T\u00e9n\u00e9 Birahima Ouattara lors de la c\u00e9r\u00e9monie.<\/p>\n<p>\u00ab\u00a0Le monde change, il est \u00e9vident que notre relation de d\u00e9fense devait \u00e9voluer\u00a0\u00bb, a de son c\u00f4t\u00e9 soulign\u00e9 M. Lecornu, saluant un moment \u00ab\u00a0historique\u00a0\u00bb et la \u00ab\u00a0relation faite d\u2019amiti\u00e9 et d\u2019un tr\u00e8s grand professionnalisme\u00a0\u00bb entre les deux pays.<\/p>\n<p>\u00ab\u00a0La France transforme sa pr\u00e9sence mais ne dispara\u00eet pas\u00a0\u00bb, a-t-il ajout\u00e9.<\/p>\n<p>T\u00e9n\u00e9 Birahima Ouattara a tenu \u00e0 \u00ab\u00a0rassurer\u00a0\u00bb la France que la coop\u00e9ration militaire serait \u00e0 l&rsquo;avenir \u00ab\u00a0aussi bonne qu\u2019elle a toujours \u00e9t\u00e9\u00a0\u00bb.<\/p>\n<p>Ces derni\u00e8res semaines, une petite centaine de parachutistes ivoiriens a d\u00e9j\u00e0 pris ses quartiers sur ce camp, et plusieurs exercices communs ont \u00e9t\u00e9 men\u00e9s.<\/p>\n<p><strong>&#8211; Anticiper &#8211;<\/strong><\/p>\n<p>Cette r\u00e9trocession, annonc\u00e9e le 31 d\u00e9cembre par le pr\u00e9sident ivoirien Alassane Ouattara, ponctue un processus initi\u00e9 il y a deux ans entre les deux pays, et alors que la France a annonc\u00e9 sa volont\u00e9 de r\u00e9organiser son dispositif militaire en Afrique.<\/p>\n<p>\u00ab\u00a0Les autorit\u00e9s ivoiriennes savent tr\u00e8s bien que les id\u00e9es souverainistes existent dans le pays. Il faut donc anticiper le d\u00e9part de la base militaire fran\u00e7aise avant que cela ne devienne une revendication populaire\u00a0\u00bb, a par ailleurs expliqu\u00e9 \u00e0 l&rsquo;AFP l&rsquo;analyste politique ivoirien Geoffroy Kouao.<\/p>\n<p>Face \u00e0 la prise de pouvoir par des putschs de juntes devenues hostiles au Sahel, l&rsquo;arm\u00e9e fran\u00e7aise d\u00e9ploy\u00e9e dans la lutte antijihadiste a d\u00fb plier bagage, de gr\u00e9 ou de force.<\/p>\n<p>D&rsquo;abord au Mali, en f\u00e9vrier 2022, avec la fin de l&rsquo;op\u00e9ration Barkhane, puis un an plus tard au Burkina Faso voisin, lorsque les autorit\u00e9s ont brutalement d\u00e9nonc\u00e9 l&rsquo;accord militaire liant les deux pays.<\/p>\n<p>A peine quelques jours apr\u00e8s leur prise de pouvoir en juillet 2023, les putschistes du Niger ont fait de m\u00eame, obtenant le d\u00e9part en d\u00e9cembre de la m\u00eame ann\u00e9e des 1.500 soldats d\u00e9ploy\u00e9s dans la lutte antijihadiste.<\/p>\n<p>Enfin, plus r\u00e9cemment, le Tchad a pri\u00e9 l&rsquo;arm\u00e9e fran\u00e7aise de quitter le territoire en quelques semaines et le S\u00e9n\u00e9gal n\u00e9gocie le d\u00e9part des troupes d&rsquo;ici fin 2025.<\/p>\n<p>La C\u00f4te d&rsquo;Ivoire fait donc figure d&rsquo;exception dans ce paysage d\u00e9fiant sinon hostile envers la pr\u00e9sence fran\u00e7aise. Le pays a gard\u00e9 des liens privil\u00e9gi\u00e9s avec la France depuis son ind\u00e9pendance en 1960, malgr\u00e9 une d\u00e9cennie de crise dans les ann\u00e9es 2000.<\/p>\n<p><strong>&#8211; \u00ab\u00a0Bons rapports\u00a0\u00bb &#8211;<\/strong><\/p>\n<p>Ce partenariat va se poursuivre : le retrait des soldats va s&rsquo;op\u00e9rer progressivement au cours de l&rsquo;ann\u00e9e 2025 et environ 80 d&rsquo;entre eux vont se maintenir sur la base pour des missions de formation et d&rsquo;accompagnement.<\/p>\n<p>\u00ab\u00a0Paris restera un partenaire privil\u00e9gi\u00e9 dans la formation, le renseignement et surtout dans la lutte contre le terrorisme\u00a0\u00bb, pointe Geoffroy Kouao.<\/p>\n<p>Les liens entre les deux arm\u00e9es remontent \u00e0 1961, et un accord de d\u00e9fense sign\u00e9 au lendemain de l&rsquo;ind\u00e9pendance, mais la pr\u00e9sence fran\u00e7aise sur le territoire remonte \u00e0 l&rsquo;\u00e9poque coloniale.<\/p>\n<p>Le 43e BIMa s&rsquo;est install\u00e9 en 1978 sur cette base.<\/p>\n<p>En 2002, apr\u00e8s une tentative de coup d&rsquo;Etat contre le pr\u00e9sident de l&rsquo;\u00e9poque Laurent Gbagbo et la prise de contr\u00f4le d&rsquo;une partie du pays par des rebelles, la France avait mis en place la force Licorne, pour prot\u00e9ger ses ressortissants et tenter de stabiliser le pays.<\/p>\n<p>En novembre 2004, le 43e BIMa avait servi de refuge \u00e0 des centaines de civils fran\u00e7ais victimes de pillages lors de vastes manifestations antifran\u00e7aises. Au plus fort de cette crise entre les deux pays, marqu\u00e9e \u00e9galement par plusieurs dizaines de morts c\u00f4t\u00e9 ivoirien, la France a compt\u00e9 plus de 5.000 militaires dans le pays.<\/p>\n<p>En avril 2011, quelques mois apr\u00e8s une \u00e9lection pr\u00e9sidentielle aux r\u00e9sultats contest\u00e9s par Laurent Gbagbo, Licorne avait men\u00e9, aux c\u00f4t\u00e9s de l&rsquo;ONU, des bombardements sur la r\u00e9sidence du pr\u00e9sident sortant, qui sera finalement arr\u00eat\u00e9. La mission de la force a pris fin en 2015.<\/p>\n<p>\u00a0<\/p>\n<\/div>\n<p><script>(function(d, s, id) {  var js, fjs = d.getElementsByTagName(s)[0];  if (d.getElementById(id)) return;  js = d.createElement(s); js.id = id;  js.src = \"\/\/connect.facebook.net\/fr_FR\/sdk.js#xfbml=1&version=v2.3\";  fjs.parentNode.insertBefore(js, fjs);}(document, \"script\", \"facebook-jssdk\"));<\/script><br \/>\n<br \/><br \/>\n<br \/><a href=\"https:\/\/www.francesoir.fr\/politique-monde\/la-france-retrocede-la-cote-d-ivoire-sa-base-militaire-historique-pres-d-abidjan\" target=\"_blank\"\">Source link <\/a><\/p>\n","protected":false},"excerpt":{"rendered":"<p>La France a r\u00e9troc\u00e9d\u00e9 ce jeudi \u00e0 la C\u00f4te d&rsquo;Ivoire la grande base militaire qu&rsquo;elle occupait depuis pr\u00e8s de 50 ans pr\u00e8s d&rsquo;Abidjan, un d\u00e9part somme toute concert\u00e9 contrairement \u00e0&hellip; <\/p>\n","protected":false},"author":1,"featured_media":3016,"comment_status":"open","ping_status":"open","sticky":false,"template":"","format":"standard","meta":{"footnotes":""},"categories":[1],"tags":[],"class_list":["post-3015","post","type-post","status-publish","format-standard","has-post-thumbnail","hentry","category-non-classe"],"_links":{"self":[{"href":"https:\/\/monde25.info\/index.php\/wp-json\/wp\/v2\/posts\/3015","targetHints":{"allow":["GET"]}}],"collection":[{"href":"https:\/\/monde25.info\/index.php\/wp-json\/wp\/v2\/posts"}],"about":[{"href":"https:\/\/monde25.info\/index.php\/wp-json\/wp\/v2\/types\/post"}],"author":[{"embeddable":true,"href":"https:\/\/monde25.info\/index.php\/wp-json\/wp\/v2\/users\/1"}],"replies":[{"embeddable":true,"href":"https:\/\/monde25.info\/index.php\/wp-json\/wp\/v2\/comments?post=3015"}],"version-history":[{"count":0,"href":"https:\/\/monde25.info\/index.php\/wp-json\/wp\/v2\/posts\/3015\/revisions"}],"wp:featuredmedia":[{"embeddable":true,"href":"https:\/\/monde25.info\/index.php\/wp-json\/wp\/v2\/media\/3016"}],"wp:attachment":[{"href":"https:\/\/monde25.info\/index.php\/wp-json\/wp\/v2\/media?parent=3015"}],"wp:term":[{"taxonomy":"category","embeddable":true,"href":"https:\/\/monde25.info\/index.php\/wp-json\/wp\/v2\/categories?post=3015"},{"taxonomy":"post_tag","embeddable":true,"href":"https:\/\/monde25.info\/index.php\/wp-json\/wp\/v2\/tags?post=3015"}],"curies":[{"name":"wp","href":"https:\/\/api.w.org\/{rel}","templated":true}]}}