{"id":3017,"date":"2025-02-20T21:22:44","date_gmt":"2025-02-20T20:22:44","guid":{"rendered":"https:\/\/monde25.info\/index.php\/2025\/02\/20\/au-niger-une-duree-de-transition-renouvelable-de-5-ans-recommandee-aux-assises-nationales\/"},"modified":"2025-02-20T21:22:44","modified_gmt":"2025-02-20T20:22:44","slug":"au-niger-une-duree-de-transition-renouvelable-de-5-ans-recommandee-aux-assises-nationales","status":"publish","type":"post","link":"https:\/\/monde25.info\/index.php\/2025\/02\/20\/au-niger-une-duree-de-transition-renouvelable-de-5-ans-recommandee-aux-assises-nationales\/","title":{"rendered":"Au Niger, une dur\u00e9e de transition renouvelable de 5 ans recommand\u00e9e aux assises nationales"},"content":{"rendered":"<p> <br \/>\n<br \/><img decoding=\"async\" src=\"https:\/\/cdn1.img.sputniknews.africa\/img\/07e9\/02\/14\/1070750490_25:0:1261:695_600x0_80_0_0_4aa4ef7e64e2a7a587b9075008002f21.png\" \/><\/p>\n<div itemscope=\"\" itemtype=\"https:\/\/schema.org\/Article\">\n<p>https:\/\/fr.sputniknews.africa\/20250220\/au-niger-une-duree-de-transition-renouvelable-de-5-ans-recommandee-aux-assises-nationales-1070750661.html<\/p>\n<p><a target=\"_blank\" itemprop=\"url\" href=\"https:\/\/fr.sputniknews.africa\/20250220\/au-niger-une-duree-de-transition-renouvelable-de-5-ans-recommandee-aux-assises-nationales-1070750661.html\" title=\"Au Niger, une dur\u00e9e de transition renouvelable de 5 ans recommand\u00e9e aux assises nationales\"\/><\/p>\n<p>Au Niger, une dur\u00e9e de transition renouvelable de 5 ans recommand\u00e9e aux assises nationales<\/p>\n<p>Au Niger, une dur\u00e9e de transition renouvelable de 5 ans recommand\u00e9e aux assises nationales<\/p>\n<p>Sputnik Afrique<\/p>\n<p>Les participants aux assises nationales au Niger ont propos\u00e9 de mettre en place une dur\u00e9e de transition renouvelable de cinq ans et formul\u00e9 une s\u00e9rie d&rsquo;autres&#8230; 20.02.2025, Sputnik Afrique<\/p>\n<p>2025-02-20T21:09+0100<\/p>\n<p>2025-02-20T21:09+0100<\/p>\n<p>2025-02-20T21:09+0100<\/p>\n<p>niger<\/p>\n<p>afrique subsaharienne<\/p>\n<p>alliance des \u00e9tats du sahel (aes)<\/p>\n<p>abdourahamane tiani<\/p>\n<p>conseil national pour la sauvegarde de la patrie (cnsp) au niger<\/p>\n<p>https:\/\/cdn1.img.sputniknews.africa\/img\/07e9\/02\/14\/1070750490_25:0:1261:695_1920x0_80_0_0_f633fc8cb0e16cc540d8d50e6f8be924.png<\/p>\n<p>Les 716 d\u00e9l\u00e9gu\u00e9s ont travaill\u00e9 pendant cinq jours pour \u00e9laborer la charte de la transition et des propositions pour la refondation du Niger, rapporte le correspondant de Sputnik Afrique sur place.Au terme de cinq jours de travaux, les d\u00e9l\u00e9gu\u00e9s ont aussi recommand\u00e9 de:En cl\u00f4turant les assises, le pr\u00e9sident du CNSP le g\u00e9n\u00e9ral de brigade Abdrahamane Tiani a f\u00e9licit\u00e9 les d\u00e9l\u00e9gu\u00e9s et l&rsquo;ensemble du peuple nig\u00e9rien pour la r\u00e9ussite de l&rsquo;\u00e9v\u00e9nement.Le ministre de l&rsquo;Int\u00e9rieur s&rsquo;est pour sa part aussi r\u00e9joui de la mani\u00e8re dont s&rsquo;\u00e9taient d\u00e9roul\u00e9s les travaux.<\/p>\n<p>niger<\/p>\n<p>afrique subsaharienne<\/p>\n<div itemprop=\"copyrightHolder\" itemscope=\"\" itemtype=\"http:\/\/schema.org\/Organization\">\n<p>Sputnik Afrique<\/p>\n<p><a target=\"_blank\" itemprop=\"url\" href=\"https:\/\/fr.sputniknews.africa\" title=\"Sputnik Afrique\"> <\/a><\/p>\n<p>feedback.fr@sputniknews.com<\/p>\n<p>+74956456601<\/p>\n<p>MIA \u201eRossiya Segodnya\u201c<\/p>\n<p><a target=\"_blank\" itemprop=\"sameAs\" href=\"https:\/\/t.me\/sputnik_afrique\"> <\/a><a target=\"_blank\" itemprop=\"sameAs\" href=\"https:\/\/t.me\/sputnik_africa\"> <\/a><a target=\"_blank\" itemprop=\"sameAs\" href=\"https:\/\/t.me\/sputnik_ethiopia\"> <\/a><a target=\"_blank\" itemprop=\"sameAs\" href=\"https:\/\/x.com\/sputnik_afrique\"> <\/a><a target=\"_blank\" itemprop=\"sameAs\" href=\"https:\/\/x.com\/sputnik_africa\"> <\/a><\/div>\n<p>2025<\/p>\n<div itemprop=\"creator\" itemscope=\"\" itemtype=\"http:\/\/schema.org\/Organization\">\n<p>Sputnik Afrique<\/p>\n<p><a target=\"_blank\" itemprop=\"url\" href=\"https:\/\/fr.sputniknews.africa\" title=\"Sputnik Afrique\"> <\/a><\/p>\n<p>feedback.fr@sputniknews.com<\/p>\n<p>+74956456601<\/p>\n<p>MIA \u201eRossiya Segodnya\u201c<\/p>\n<p><a target=\"_blank\" itemprop=\"sameAs\" href=\"https:\/\/t.me\/sputnik_afrique\"> <\/a><a target=\"_blank\" itemprop=\"sameAs\" href=\"https:\/\/t.me\/sputnik_africa\"> <\/a><a target=\"_blank\" itemprop=\"sameAs\" href=\"https:\/\/t.me\/sputnik_ethiopia\"> <\/a><a target=\"_blank\" itemprop=\"sameAs\" href=\"https:\/\/x.com\/sputnik_afrique\"> <\/a><a target=\"_blank\" itemprop=\"sameAs\" href=\"https:\/\/x.com\/sputnik_africa\"> <\/a><\/div>\n<p>Actus<\/p>\n<p>fr_FR<\/p>\n<div itemprop=\"sourceOrganization\" itemscope=\"\" itemtype=\"http:\/\/schema.org\/Organization\">\n<p>Sputnik Afrique<\/p>\n<p><a target=\"_blank\" itemprop=\"url\" href=\"https:\/\/fr.sputniknews.africa\" title=\"Sputnik Afrique\"> <\/a><\/p>\n<p>feedback.fr@sputniknews.com<\/p>\n<p>+74956456601<\/p>\n<p>MIA \u201eRossiya Segodnya\u201c<\/p>\n<p><a target=\"_blank\" itemprop=\"sameAs\" href=\"https:\/\/t.me\/sputnik_afrique\"> <\/a><a target=\"_blank\" itemprop=\"sameAs\" href=\"https:\/\/t.me\/sputnik_africa\"> <\/a><a target=\"_blank\" itemprop=\"sameAs\" href=\"https:\/\/t.me\/sputnik_ethiopia\"> <\/a><a target=\"_blank\" itemprop=\"sameAs\" href=\"https:\/\/x.com\/sputnik_afrique\"> <\/a><a target=\"_blank\" itemprop=\"sameAs\" href=\"https:\/\/x.com\/sputnik_africa\"> <\/a><\/div>\n<p><a target=\"_blank\" itemprop=\"thumbnailUrl\" href=\"https:\/\/cdn1.img.sputniknews.africa\/img\/07e9\/02\/14\/1070750490_25:0:1261:695_1920x0_80_0_0_f633fc8cb0e16cc540d8d50e6f8be924.png\"\/><a target=\"_blank\" itemprop=\"thumbnailUrl\" href=\"https:\/\/cdn1.img.sputniknews.africa\/img\/07e9\/02\/14\/1070750490_235:0:1162:695_1920x0_80_0_0_67e517970f740b4cf0b9642bcc91cc8c.png\">https:\/\/cdn1.img.sputniknews.africa\/img\/07e9\/02\/14\/1070750490_235:0:1162:695_1920x0_80_0_0_67e517970f740b4cf0b9642bcc91cc8c.png<\/a><a target=\"_blank\" itemprop=\"thumbnailUrl\" href=\"https:\/\/cdn1.img.sputniknews.africa\/img\/07e9\/02\/14\/1070750490_351:0:1046:695_1920x0_80_0_0_9630b6e189a023d46ba7c53dc6e7b155.png\" title=\"C\u00e9r\u00e9monie de cl\u00f4ture des assises nationales au Niger, f\u00e9vrier 2025\"\/><\/p>\n<div itemprop=\"publisher\" itemscope=\"\" itemtype=\"http:\/\/schema.org\/Organization\">\n<p>Sputnik Afrique<\/p>\n<p><a target=\"_blank\" itemprop=\"url\" href=\"https:\/\/fr.sputniknews.africa\" title=\"Sputnik Afrique\"> <\/a><\/p>\n<p>feedback.fr@sputniknews.com<\/p>\n<p>+74956456601<\/p>\n<p>MIA \u201eRossiya Segodnya\u201c<\/p>\n<p><a target=\"_blank\" itemprop=\"sameAs\" href=\"https:\/\/t.me\/sputnik_afrique\"> <\/a><a target=\"_blank\" itemprop=\"sameAs\" href=\"https:\/\/t.me\/sputnik_africa\"> <\/a><a target=\"_blank\" itemprop=\"sameAs\" href=\"https:\/\/t.me\/sputnik_ethiopia\"> <\/a><a target=\"_blank\" itemprop=\"sameAs\" href=\"https:\/\/x.com\/sputnik_afrique\"> <\/a><a target=\"_blank\" itemprop=\"sameAs\" href=\"https:\/\/x.com\/sputnik_africa\"> <\/a><\/div>\n<p>niger, afrique subsaharienne, alliance des \u00e9tats du sahel (aes), abdourahamane tiani, conseil national pour la sauvegarde de la patrie (cnsp) au niger<\/p>\n<div itemprop=\"about\" itemscope=\"\" itemtype=\"https:\/\/schema.org\/Thing\">\n<p>niger, afrique subsaharienne, alliance des \u00e9tats du sahel (aes), abdourahamane tiani, conseil national pour la sauvegarde de la patrie (cnsp) au niger<\/p>\n<\/div>\n<\/div>\n<div>\n<p>Les participants aux assises nationales au Niger ont propos\u00e9 de mettre en place une dur\u00e9e de transition renouvelable de cinq ans et formul\u00e9 une s\u00e9rie d&rsquo;autres recommandations.<\/p>\n<\/div>\n<div>\n<div class=\"article__block\" data-type=\"text\">\n<p>Les 716 d\u00e9l\u00e9gu\u00e9s ont travaill\u00e9 pendant cinq jours pour \u00e9laborer la charte de la transition et des propositions pour la refondation du Niger, rapporte le correspondant de Sputnik Afrique sur place.<\/p>\n<\/div>\n<div class=\"article__block\" data-type=\"quote\">\n<div class=\"article__quote\">\n<p>\u00ab\u00a0La refondation (terme qui remplace celui de \u00ab\u00a0transition\u00a0\u00bb) se fera sur une dur\u00e9e de 60 mois, c&rsquo;est-\u00e0-dire 5 ans \u00e0 compter de la date de l&rsquo;adoption de la Charte\u00a0\u00bb, a pr\u00e9cis\u00e9 une participante lors d&rsquo;une c\u00e9r\u00e9monie retransmise en direct sur la t\u00e9l\u00e9vision d&rsquo;\u00c9tat.<\/p>\n<\/div>\n<\/div>\n<div class=\"article__block\" data-type=\"text\">\n<p>Au terme de cinq jours de travaux, les d\u00e9l\u00e9gu\u00e9s ont aussi recommand\u00e9 de:<\/p>\n<\/div>\n<div class=\"article__block\" data-type=\"list\">\n<div class=\"article__list\">\n<div class=\"article__list-item\">dissoudre les partis politiques existants,<\/div>\n<div class=\"article__list-item\">adopter une nouvelle Constitution instaurant un r\u00e9gime pr\u00e9sidentiel,<\/div>\n<div class=\"article__list-item\">r\u00e9former le syst\u00e8me mon\u00e9taire pour favoriser la croissance au sein de l&rsquo;AES,<\/div>\n<div class=\"article__list-item\">d\u00e9velopper une unit\u00e9 de production d&rsquo;\u00e9quipements militaires,<\/div>\n<div class=\"article__list-item\">cr\u00e9er des groupes d&rsquo;auto-d\u00e9fense<\/div>\n<\/div>\n<\/div>\n<div class=\"article__block\" data-type=\"text\">\n<p>En cl\u00f4turant les assises, le pr\u00e9sident du CNSP le g\u00e9n\u00e9ral de brigade Abdrahamane Tiani a f\u00e9licit\u00e9 les d\u00e9l\u00e9gu\u00e9s et l&rsquo;ensemble du peuple nig\u00e9rien pour la r\u00e9ussite de l&rsquo;\u00e9v\u00e9nement.<\/p>\n<\/div>\n<div class=\"article__block\" data-type=\"text\">\n<p>Le ministre de l&rsquo;Int\u00e9rieur s&rsquo;est pour sa part aussi r\u00e9joui de la mani\u00e8re dont s&rsquo;\u00e9taient d\u00e9roul\u00e9s les travaux.<\/p>\n<\/div>\n<\/div>\n<p><script async=\"async\" type=\"text\/plain\" class=\"_iub_cs_activate\" data-iub-purposes=\"3\" data-suppressedsrc=\"https:\/\/connect.facebook.net\/en_US\/sdk.js#xfbml=1&amp;version=v3.2\"><\/script><br \/>\n<br \/><br \/>\n<br \/><a href=\"https:\/\/fr.sputniknews.africa\/20250220\/au-niger-une-duree-de-transition-renouvelable-de-5-ans-recommandee-aux-assises-nationales-1070750661.html\" target=\"_blank\"\">Source link <\/a><\/p>\n","protected":false},"excerpt":{"rendered":"<p>https:\/\/fr.sputniknews.africa\/20250220\/au-niger-une-duree-de-transition-renouvelable-de-5-ans-recommandee-aux-assises-nationales-1070750661.html Au Niger, une dur\u00e9e de transition renouvelable de 5 ans recommand\u00e9e aux assises nationales Au Niger, une dur\u00e9e de transition renouvelable de 5 ans recommand\u00e9e aux assises nationales Sputnik&hellip; <\/p>\n","protected":false},"author":1,"featured_media":3018,"comment_status":"open","ping_status":"open","sticky":false,"template":"","format":"standard","meta":{"footnotes":""},"categories":[1],"tags":[],"class_list":["post-3017","post","type-post","status-publish","format-standard","has-post-thumbnail","hentry","category-non-classe"],"_links":{"self":[{"href":"https:\/\/monde25.info\/index.php\/wp-json\/wp\/v2\/posts\/3017","targetHints":{"allow":["GET"]}}],"collection":[{"href":"https:\/\/monde25.info\/index.php\/wp-json\/wp\/v2\/posts"}],"about":[{"href":"https:\/\/monde25.info\/index.php\/wp-json\/wp\/v2\/types\/post"}],"author":[{"embeddable":true,"href":"https:\/\/monde25.info\/index.php\/wp-json\/wp\/v2\/users\/1"}],"replies":[{"embeddable":true,"href":"https:\/\/monde25.info\/index.php\/wp-json\/wp\/v2\/comments?post=3017"}],"version-history":[{"count":0,"href":"https:\/\/monde25.info\/index.php\/wp-json\/wp\/v2\/posts\/3017\/revisions"}],"wp:featuredmedia":[{"embeddable":true,"href":"https:\/\/monde25.info\/index.php\/wp-json\/wp\/v2\/media\/3018"}],"wp:attachment":[{"href":"https:\/\/monde25.info\/index.php\/wp-json\/wp\/v2\/media?parent=3017"}],"wp:term":[{"taxonomy":"category","embeddable":true,"href":"https:\/\/monde25.info\/index.php\/wp-json\/wp\/v2\/categories?post=3017"},{"taxonomy":"post_tag","embeddable":true,"href":"https:\/\/monde25.info\/index.php\/wp-json\/wp\/v2\/tags?post=3017"}],"curies":[{"name":"wp","href":"https:\/\/api.w.org\/{rel}","templated":true}]}}