{"id":3021,"date":"2025-02-20T22:28:55","date_gmt":"2025-02-20T21:28:55","guid":{"rendered":"https:\/\/monde25.info\/index.php\/2025\/02\/20\/francois-bayrou-lafricain-et-la-jolie-fille-trente-secondes-de-stereotypes-en-plein-hemicycle\/"},"modified":"2025-02-20T22:28:55","modified_gmt":"2025-02-20T21:28:55","slug":"francois-bayrou-lafricain-et-la-jolie-fille-trente-secondes-de-stereotypes-en-plein-hemicycle","status":"publish","type":"post","link":"https:\/\/monde25.info\/index.php\/2025\/02\/20\/francois-bayrou-lafricain-et-la-jolie-fille-trente-secondes-de-stereotypes-en-plein-hemicycle\/","title":{"rendered":"Fran\u00e7ois Bayrou, l\u2019Africain et la jolie fille: trente secondes de st\u00e9r\u00e9otypes en plein h\u00e9micycle"},"content":{"rendered":"<p> <br \/>\n<br \/>\u00c0 la tribune de l\u2019Assembl\u00e9e nationale, le Premier ministre s\u2019est embarqu\u00e9 dans une anecdote hallucinante qu\u2019il situe dans sa jeunesse et qui renvoie \u00e0 un vieil imaginaire racial.<br \/>\n<br \/><br \/>\n<br \/><a href=\"https:\/\/www.mediapart.fr\/journal\/france\/200225\/francois-bayrou-l-africain-et-la-jolie-fille-trente-secondes-de-stereotypes-en-plein-hemicycle\" target=\"_blank\"\">Source link <\/a><\/p>\n","protected":false},"excerpt":{"rendered":"<p>\u00c0 la tribune de l\u2019Assembl\u00e9e nationale, le Premier ministre s\u2019est embarqu\u00e9 dans une anecdote hallucinante qu\u2019il situe dans sa jeunesse et qui renvoie \u00e0 un vieil imaginaire racial.<\/p>\n","protected":false},"author":1,"featured_media":3022,"comment_status":"open","ping_status":"open","sticky":false,"template":"","format":"standard","meta":{"footnotes":""},"categories":[1],"tags":[],"class_list":["post-3021","post","type-post","status-publish","format-standard","has-post-thumbnail","hentry","category-non-classe"],"_links":{"self":[{"href":"https:\/\/monde25.info\/index.php\/wp-json\/wp\/v2\/posts\/3021","targetHints":{"allow":["GET"]}}],"collection":[{"href":"https:\/\/monde25.info\/index.php\/wp-json\/wp\/v2\/posts"}],"about":[{"href":"https:\/\/monde25.info\/index.php\/wp-json\/wp\/v2\/types\/post"}],"author":[{"embeddable":true,"href":"https:\/\/monde25.info\/index.php\/wp-json\/wp\/v2\/users\/1"}],"replies":[{"embeddable":true,"href":"https:\/\/monde25.info\/index.php\/wp-json\/wp\/v2\/comments?post=3021"}],"version-history":[{"count":0,"href":"https:\/\/monde25.info\/index.php\/wp-json\/wp\/v2\/posts\/3021\/revisions"}],"wp:featuredmedia":[{"embeddable":true,"href":"https:\/\/monde25.info\/index.php\/wp-json\/wp\/v2\/media\/3022"}],"wp:attachment":[{"href":"https:\/\/monde25.info\/index.php\/wp-json\/wp\/v2\/media?parent=3021"}],"wp:term":[{"taxonomy":"category","embeddable":true,"href":"https:\/\/monde25.info\/index.php\/wp-json\/wp\/v2\/categories?post=3021"},{"taxonomy":"post_tag","embeddable":true,"href":"https:\/\/monde25.info\/index.php\/wp-json\/wp\/v2\/tags?post=3021"}],"curies":[{"name":"wp","href":"https:\/\/api.w.org\/{rel}","templated":true}]}}