{"id":3025,"date":"2025-02-21T00:07:49","date_gmt":"2025-02-20T23:07:49","guid":{"rendered":"https:\/\/monde25.info\/index.php\/2025\/02\/21\/le-combat-nest-pas-termine-tant-que-linfrastructure-de-controle-social-mise-en-place-durant-la-crise-covid-demeure-enfant-de-la-societe-sott-net\/"},"modified":"2025-02-21T00:07:49","modified_gmt":"2025-02-20T23:07:49","slug":"le-combat-nest-pas-termine-tant-que-linfrastructure-de-controle-social-mise-en-place-durant-la-crise-covid-demeure-enfant-de-la-societe-sott-net","status":"publish","type":"post","link":"https:\/\/monde25.info\/index.php\/2025\/02\/21\/le-combat-nest-pas-termine-tant-que-linfrastructure-de-controle-social-mise-en-place-durant-la-crise-covid-demeure-enfant-de-la-societe-sott-net\/","title":{"rendered":"\u00ab Le combat n&rsquo;est pas termin\u00e9 tant que l&rsquo;infrastructure de contr\u00f4le social mise en place durant la crise Covid demeure \u00bb \u2014 Enfant de la Soci\u00e9t\u00e9 \u2014 Sott.net"},"content":{"rendered":"<p> <br \/>\n<\/p>\n<div>\n      ENTRETIEN &#8211; <a target=\"_blank\" href=\"https:\/\/www.epochtimes.fr\/t-christine-anderson\">Christine Anderson<\/a> continue de r\u00e9clamer justice face aux atteintes aux libert\u00e9s fondamentales impos\u00e9es sous couvert de gestion de crise durant le Covid-19.<br \/>\n<\/p>\n<div class=\"article-image-large to-center\"><a target=\"_blank\" href=\"https:\/\/fr.sott.net\/image\/s36\/723513\/full\/id5557547_christine_anderson_1.jpg\" target=\"_blank\" title=\"\u00a9 Epoch Times\"><img decoding=\"async\" src=\"https:\/\/fr.sott.net\/image\/s36\/723513\/large\/id5557547_christine_anderson_1.jpg\" alt=\"Christine Anderson\" title=\"Cliquer pour agrandir\"\/><\/a><\/p>\n<p><span class=\"tiny\">\u00a9 Epoch Times<\/span><span class=\"caption\">Christine Anderson, eurod\u00e9put\u00e9e du parti allemand AfD.<\/span><\/p>\n<\/div>\n<p>Pr\u00e9sente au sommet Make Europe Great Again, qui s&rsquo;est tenu ce mardi et mercredi au Parlement europ\u00e9en \u00e0 Bruxelles, l&rsquo;eurod\u00e9put\u00e9e du parti allemand AfD souligne que les projets de monnaies num\u00e9riques, la lutte contre le changement climatique ou encore le transgenrisme sont \u00e9galement les instruments d&rsquo;un \u00ab agenda mondialiste \u00bb con\u00e7u pour \u00e9touffer les souverainet\u00e9s nationales et restreindre toujours davantage les libert\u00e9s individuelles. Elle appelle \u00e0 la coop\u00e9ration internationale des deux c\u00f4t\u00e9s de l&rsquo;Atlantique pour y faire face.<\/p>\n<p><em><strong>Epoch Times : Vous avez pris part au sommet Make Europe Great Again organis\u00e9 au Parlement europ\u00e9en. Quel \u00e9tat d&rsquo;esprit a anim\u00e9 cette d\u00e9marche ?<\/strong><\/em><\/p>\n<p>Christine Anderson : L&rsquo;union. Il est essentiel que les peuples s&rsquo;unissent et s&rsquo;organisent, car notre libert\u00e9, notre d\u00e9mocratie et l&rsquo;\u00c9tat de droit sont attaqu\u00e9s, particuli\u00e8rement dans les d\u00e9mocraties occidentales.<\/p>\n<p>Songez simplement \u00e0 la r\u00e9action suscit\u00e9e par le slogan <em>Make America Great Again<\/em> introduit par Donald Trump : l&rsquo;hyst\u00e9rie qu&rsquo;il a provoqu\u00e9e en dit long. Si un slogan aussi simple pousse \u00e0 une telle fr\u00e9n\u00e9sie, c&rsquo;est bien qu&rsquo;il touche juste. La lev\u00e9e de bouclier qu&rsquo;il a provoqu\u00e9e met en lumi\u00e8re la v\u00e9ritable nature de ce que j&rsquo;appelle l&rsquo;agenda des misanthropes globalitariens : un programme con\u00e7u pour \u00e9roder les souverainet\u00e9s nationales, mais aussi l&rsquo;identit\u00e9 culturelle et les libert\u00e9s individuelles.<\/p>\n<p>Cette attaque contre les libert\u00e9s et les souverainet\u00e9s n&rsquo;est pas un enjeu exclusivement am\u00e9ricain : cette pouss\u00e9e totalitaire se manifeste dans toutes les d\u00e9mocraties occidentales.<\/p>\n<p>Pourquoi ? Parce qu&rsquo;il est inutile d&rsquo;imposer ces agendas en Chine ou en Cor\u00e9e du Nord : ces r\u00e9gimes sont d\u00e9j\u00e0 totalitaires. En revanche, il leur faut d\u00e9manteler la seule chose qui menace leur emprise : les principes de libert\u00e9, de d\u00e9mocratie et d&rsquo;\u00c9tat de droit qui d\u00e9finissent l&rsquo;Occident.<\/p>\n<p>La seule mani\u00e8re de r\u00e9sister est de s&rsquo;unir o\u00f9 c&rsquo;est possible et de tenir bon. Sans une action collective, nous ne l&#8217;emporterons pas.<\/p>\n<p><em><strong>Il est bien \u00e9tabli que la gauche a toujours excell\u00e9 dans l&rsquo;art de l&rsquo;union \u2014 tant \u00e0 l&rsquo;int\u00e9rieur des fronti\u00e8res qu&rsquo;au-del\u00e0. Prenez le communisme au si\u00e8cle dernier : un mouvement mondial, structur\u00e9, disciplin\u00e9, implacable. La droite, en revanche, c&rsquo;est une autre histoire. Elle a souvent eu du mal \u00e0 atteindre le m\u00eame niveau de coh\u00e9sion et d&rsquo;action coordonn\u00e9e&#8230;<\/strong><\/em><\/p>\n<p>Les communistes ont toujours poursuivi l&rsquo;objectif d&rsquo;un communisme international : c&rsquo;est le c\u0153ur m\u00eame de leur id\u00e9ologie. Fait int\u00e9ressant, leurs ambitions s&rsquo;alignent \u00e9troitement sur celles des misanthropes globalitariens : l&rsquo;\u00e9radication des \u00c9tats-nations, le d\u00e9mant\u00e8lement de la souverainet\u00e9 nationale et, en fin de compte, la destruction de la libert\u00e9 individuelle. Nous avons d\u00e9j\u00e0 vu cela sous les r\u00e9gimes communistes, o\u00f9 les libert\u00e9s personnelles \u00e9taient m\u00e9thodiquement sap\u00e9es afin de priver les individus de leur propre identit\u00e9.<\/p>\n<p>Qu&rsquo;il s&rsquo;agisse de l&rsquo;identit\u00e9 nationale et de l&rsquo;identit\u00e9 culturelle, ou aujourd&rsquo;hui m\u00eame de l&rsquo;identit\u00e9 sexuelle, leur but reste inchang\u00e9 : effacer tout ce qui nous d\u00e9finit. Et lorsqu&rsquo;il ne reste plus rien, que reste-t-il ? Un \u00eatre vid\u00e9 de son essence, mall\u00e9able \u00e0 volont\u00e9, un simple rouage interchangeable dans une machine con\u00e7ue pour exercer un contr\u00f4le absolu. Leur projet est clair : transformer nos soci\u00e9t\u00e9s en une masse amorphe et docile, facilement manipulable, d\u00e9pourvue de toute individualit\u00e9.<\/p>\n<p>Ce n&rsquo;est pas un hasard si communistes et mondialistes poursuivent le m\u00eame objectif final : priver les individus de leur singularit\u00e9. Prenons l&rsquo;exemple de la pouss\u00e9e radicale en faveur de l&rsquo;id\u00e9ologie du genre. Si l&rsquo;identit\u00e9 devient infiniment fluide, changeant au gr\u00e9 des volont\u00e9s, alors qu&rsquo;\u00eates-vous au bout du compte ? Rien. Plus d&rsquo;identit\u00e9 fixe, plus de caract\u00e9ristiques d\u00e9finitoires. C&rsquo;est l&rsquo;essence m\u00eame de leur programme : r\u00e9duire l&rsquo;individu \u00e0 une entit\u00e9 sans visage, sans voix et, en d\u00e9finitive, sans pouvoir.<\/p>\n<p>Il nous faut donc reconnaitre l&rsquo;importance de la coop\u00e9ration internationale, bien s\u00fbr pas au prix de la souverainet\u00e9 nationale. Mais pour contrer les misanthropes globalitariens, nous devons nous organiser \u00e0 l&rsquo;\u00e9chelle mondiale tout en prot\u00e9geant nos nations, nos cultures et nos libert\u00e9s. Leur combat est international, donc notre r\u00e9sistance doit l&rsquo;\u00eatre tout autant.<\/p>\n<p><strong><em>Vous vous \u00eates fait connaitre durant l&rsquo;\u00e8re Covid pour votre combat en faveur de la d\u00e9fense des libert\u00e9s fondamentales. Quel regard portez-vous aujourd&rsquo;hui sur le silence d&rsquo;une grande partie de la droite sur les restrictions notamment de la libert\u00e9 d&rsquo;expression et de circulation durant cette p\u00e9riode ?<\/em><\/strong><\/p>\n<p>Avant tout, il est compr\u00e9hensible que beaucoup n&rsquo;aient pas imm\u00e9diatement per\u00e7u ce qui se passait. Il est difficile d&rsquo;admettre que son propre gouvernement, d\u00e9mocratiquement \u00e9lu et cens\u00e9 prot\u00e9ger nos int\u00e9r\u00eats, nous a trahis. Beaucoup n&rsquo;\u00e9taient tout simplement pas pr\u00eats, et certains ne le sont toujours pas, \u00e0 affronter cette r\u00e9alit\u00e9. Mais une fois qu&rsquo;on l&rsquo;a reconnue, il devient impossible de l&rsquo;ignorer : malgr\u00e9 ses discours, votre gouvernement ne travaille pas pour vous : il travaille contre vous.<\/p>\n<p>Cette r\u00e9ticence \u00e0 admettre la trahison a emp\u00each\u00e9 nombre d&rsquo;entre nous de voir les m\u00e9canismes mis en place pour \u00e9roder nos libert\u00e9s, durant la p\u00e9riode Covid, et aujourd&rsquo;hui par le biais d&rsquo;autres projets.<\/p>\n<p>Qu&rsquo;il s&rsquo;agisse de l&rsquo;id\u00e9ologie transgenre, de l&rsquo;agenda climatique, ou encore d&rsquo;initiatives comme les MNBC <em>(<\/em><em>monnaies num\u00e9riques de banque centrale<\/em><em>)<\/em> et les pr\u00e9tendues \u00ab villes de 15 minutes \u00bb \u2014 tous ces projets sont des instruments visant \u00e0 d\u00e9manteler la libert\u00e9, la d\u00e9mocratie et l&rsquo;\u00c9tat de droit.<\/p>\n<p>Cependant, l&rsquo;\u00e8re du Covid a marqu\u00e9 un v\u00e9ritable tournant. Les populations ont \u00e9t\u00e9 conditionn\u00e9es, de mani\u00e8re m\u00e9thodique, \u00e0 renoncer \u00e0 leurs libert\u00e9s civiles. On nous a dit que nos droits, pourtant garantis par la Constitution, n&rsquo;\u00e9taient plus des droits, mais de simples privil\u00e8ges, accord\u00e9s ou retir\u00e9s \u00e0 la discr\u00e9tion du gouvernement, en fonction de notre soumission. La peur est devenue leur arme principale <em>: \u00ab <\/em><em>Ne portez pas de masque et vous mourrez.<\/em> <em>Restez chez vous ou vous tuerez les autres. \u00bb<\/em> Ce matraquage incessant a bris\u00e9 les r\u00e9sistances, conditionnant les esprits \u00e0 ob\u00e9ir sans poser de questions.<\/p>\n<p>Et regardez la r\u00e9alit\u00e9 scandaleuse des injections \u00e0 ARN messager : des milliards de dollars d\u00e9tourn\u00e9s vers les grandes firmes pharmaceutiques pour un produit qui, au mieux, \u00e9tait inutile, et au pire, nuisible \u2014 voire mortel dans de nombreux cas.<\/p>\n<p><em><strong>\u00c0 ce sujet, la Commission europ\u00e9enne a annonc\u00e9 ce 24 janvier la signature d&rsquo;un contrat aupr\u00e8s du laboratoire Moderna permettant l&rsquo;achat de 146 millions de doses de vaccins ARN messager contre le Covid-19. Quelle a \u00e9t\u00e9 votre r\u00e9action en apprenant cette nouvelle ?<\/strong><\/em><\/p>\n<p>Qu&rsquo;ils continuent encore d&rsquo;essayer d&rsquo;imposer ces injections, malgr\u00e9 leurs effets d\u00e9l\u00e9t\u00e8res aujourd&rsquo;hui ind\u00e9niables&#8230;<\/p>\n<p>Regardez la pr\u00e9tendue commission d&rsquo;enqu\u00eate sp\u00e9ciale sur le Covid au sein du Parlement europ\u00e9en. Une commission sp\u00e9ciale, certes, mais avec des pouvoirs limit\u00e9s. Nous n&rsquo;avions m\u00eame pas l&rsquo;autorit\u00e9 n\u00e9cessaire pour convoquer Ursula von der Leyen afin de l&rsquo;interroger.<\/p>\n<p>Mais m\u00eame dans ce cadre restreint, nous avons r\u00e9ussi \u00e0 exposer d&rsquo;innombrables mensonges : par exemple, Jeanine Small, vice-pr\u00e9sidente de Pfizer, a avou\u00e9 avec une l\u00e9g\u00e8ret\u00e9 effarante que jamais le vaccin n&rsquo;avait \u00e9t\u00e9 test\u00e9 pour v\u00e9rifier s&rsquo;il emp\u00eachait la transmission. Or, tout le narratif covidiste reposait sur ce mensonge : que les non-vaccin\u00e9s devaient rester chez eux, qu&rsquo;ils repr\u00e9sentaient un danger pour les autres.<\/p>\n<p>Mais au bout du compte, cette r\u00e9v\u00e9lation a-t-elle chang\u00e9 quoi que ce soit ? Non. Elle n&rsquo;a eu aucune impact. Le rapport final de cette commission ne vaut m\u00eame pas le papier sur lequel il est imprim\u00e9 : ils ont r\u00e9p\u00e9t\u00e9, sans la moindre honte, chaque mensonge auquel nous avons \u00e9t\u00e9 confront\u00e9s durant cette crise, comme si aucune des preuves existantes ne comptaient. C&rsquo;est \u00e9c\u0153urant. R\u00e9ellement \u00e9c\u0153urant.<\/p>\n<p>Quoi qu&rsquo;il en soit, nous ne pouvons pas laisser passer \u00e7a. En repensant \u00e0 la crise Covid, certains aiment dire : \u00ab <em>Oh, c&rsquo;est fini maintenant. Et ce n&rsquo;\u00e9tait pas si grave \u00bb.<\/em> Mais je ne suis absolument pas d&rsquo;accord. Ce qu&rsquo;il s&rsquo;est pass\u00e9 est tr\u00e8s grave. Des gens ont \u00e9t\u00e9 ostracis\u00e9s, menac\u00e9s, et m\u00eame licenci\u00e9s pour avoir refus\u00e9 l&rsquo;injection.<\/p>\n<p>En outre, le combat n&rsquo;est pas termin\u00e9. Pourquoi ? Parce que toutes les mesures qu&rsquo;ils ont impos\u00e9es, toutes ces lois d&rsquo;urgence qu&rsquo;ils ont fait passer, elles sont toujours en place. L&rsquo;infrastructure de contr\u00f4le social est toujours l\u00e0. Et tant que ce sera le cas, ce combat est loin d&rsquo;\u00eatre fini.<\/p>\n<p>Prenez par exemple la loi allemande sur la protection contre les infections (<em>Infektionsschutzgesetz<\/em>). Elle contient toujours les m\u00eames mesures draconiennes : confinements, tests obligatoires et autres restrictions liberticides. Ils ne l&rsquo;ont jamais abrog\u00e9e. Elle est toujours en vigueur, ce qui signifie qu&rsquo;ils peuvent la r\u00e9activer \u00e0 tout moment.<\/p>\n<p>Pendant ce temps, l&rsquo;OMS continue de pousser agressivement pour obtenir un contr\u00f4le encore plus \u00e9tendu. Ils cherchent \u00e0 s&rsquo;arroger des pouvoirs de gouvernance sur les \u00c9tats membres en cas de future pand\u00e9mie. Et comme par hasard, c&rsquo;est eux qui d\u00e9cident quand une pand\u00e9mie est d\u00e9clar\u00e9e, pour ensuite revendiquer une autorit\u00e9 d&rsquo;urgence sur des nations souveraines. C&rsquo;est de la pure folie.<\/p>\n<p>Soyons honn\u00eates : cette histoire ne sera v\u00e9ritablement termin\u00e9e que lorsque les responsables seront tenus pour compte, lorsqu&rsquo;ils compara\u00eetront devant un tribunal et r\u00e9pondront de leurs actes en justice.<\/p>\n<p><em><strong>Outre-Rhin, les <a target=\"_blank\" href=\"https:\/\/www.epochtimes.fr\/covid-19-ce-que-revelent-les-rki-files-devoiles-en-allemagne-2687021.html\">RKI-files<\/a> ont d\u00e9voil\u00e9 les proc\u00e8s-verbaux des discussions entre l&rsquo;Institut Robert-Koch (RKI) et le gouvernement f\u00e9d\u00e9ral durant la crise du Covid-19, r\u00e9v\u00e9lant que bien des mesures sanitaires ne reposaient sur aucun fondement scientifique. Qu&rsquo;en avez-vous pens\u00e9 ?<\/strong><\/em><\/p>\n<p>Avec la publication des RKI-files, on aurait pu croire que, maintenant que la v\u00e9rit\u00e9 est expos\u00e9e, nous, les soi-disant <em>Covidiots<\/em>, serions enfin r\u00e9habilit\u00e9s. Tout ce que nous avons dit, chaque accusation que nous avons port\u00e9e contre le gouvernement&#8230; Tout \u00e9tait vrai et juste. Et d\u00e9sormais, nous en avons la preuve \u00e9crite.<\/p>\n<p>Pourtant, m\u00eame apr\u00e8s cette fuite, le gouvernement persiste \u00e0 manipuler l&rsquo;opinion : <em>\u00ab Non, non, le RKI a agi en toute ind\u00e9pendance. \u00bb<\/em> Mais la r\u00e9alit\u00e9 est d\u00e9sormais \u00e9vidente. Le gouvernement a impos\u00e9 les restrictions qu&rsquo;il voulait et a ensuite fait pression sur le RKI pour qu&rsquo;il leur trouve une justification pseudo-scientifique.<\/p>\n<p>Ce n&rsquo;\u00e9tait pas le RKI qui conseillait le gouvernement, mais bien l&rsquo;inverse. L&rsquo;institut s&rsquo;est laiss\u00e9 r\u00e9duire \u00e0 un simple instrument, un tampon administratif servant \u00e0 donner un vernis de l\u00e9gitimit\u00e9 \u00e0 un pouvoir autoritaire.<\/p>\n<p><em>Les opinions exprim\u00e9es dans cet article sont celles de l&rsquo;auteur et ne refl\u00e8tent pas n\u00e9cessairement celles d&rsquo;Epoch Times.<\/em><\/p>\n<p><em>[Article publi\u00e9 le 2 f\u00e9vrier 2025]<\/em>\n\t\t<\/p>\n<\/div>\n<p><br \/>\n<br \/><a href=\"https:\/\/fr.sott.net\/article\/44241-Christine-Anderson-AfD-Le-combat-n-est-pas-termine-tant-que-l-infrastructure-de-controle-social-mise-en-place-durant-la-crise-Covid-demeure\" target=\"_blank\"\">Source link <\/a><\/p>\n","protected":false},"excerpt":{"rendered":"<p>ENTRETIEN &#8211; Christine Anderson continue de r\u00e9clamer justice face aux atteintes aux libert\u00e9s fondamentales impos\u00e9es sous couvert de gestion de crise durant le Covid-19. \u00a9 Epoch TimesChristine Anderson, eurod\u00e9put\u00e9e du&hellip; <\/p>\n","protected":false},"author":1,"featured_media":3026,"comment_status":"open","ping_status":"open","sticky":false,"template":"","format":"standard","meta":{"footnotes":""},"categories":[1],"tags":[],"class_list":["post-3025","post","type-post","status-publish","format-standard","has-post-thumbnail","hentry","category-non-classe"],"_links":{"self":[{"href":"https:\/\/monde25.info\/index.php\/wp-json\/wp\/v2\/posts\/3025","targetHints":{"allow":["GET"]}}],"collection":[{"href":"https:\/\/monde25.info\/index.php\/wp-json\/wp\/v2\/posts"}],"about":[{"href":"https:\/\/monde25.info\/index.php\/wp-json\/wp\/v2\/types\/post"}],"author":[{"embeddable":true,"href":"https:\/\/monde25.info\/index.php\/wp-json\/wp\/v2\/users\/1"}],"replies":[{"embeddable":true,"href":"https:\/\/monde25.info\/index.php\/wp-json\/wp\/v2\/comments?post=3025"}],"version-history":[{"count":0,"href":"https:\/\/monde25.info\/index.php\/wp-json\/wp\/v2\/posts\/3025\/revisions"}],"wp:featuredmedia":[{"embeddable":true,"href":"https:\/\/monde25.info\/index.php\/wp-json\/wp\/v2\/media\/3026"}],"wp:attachment":[{"href":"https:\/\/monde25.info\/index.php\/wp-json\/wp\/v2\/media?parent=3025"}],"wp:term":[{"taxonomy":"category","embeddable":true,"href":"https:\/\/monde25.info\/index.php\/wp-json\/wp\/v2\/categories?post=3025"},{"taxonomy":"post_tag","embeddable":true,"href":"https:\/\/monde25.info\/index.php\/wp-json\/wp\/v2\/tags?post=3025"}],"curies":[{"name":"wp","href":"https:\/\/api.w.org\/{rel}","templated":true}]}}