{"id":3029,"date":"2025-02-21T02:19:41","date_gmt":"2025-02-21T01:19:41","guid":{"rendered":"https:\/\/monde25.info\/index.php\/2025\/02\/21\/porcelets-tues-mutilations-l214-porte-plainte-contre-lidl\/"},"modified":"2025-02-21T02:19:41","modified_gmt":"2025-02-21T01:19:41","slug":"porcelets-tues-mutilations-l214-porte-plainte-contre-lidl","status":"publish","type":"post","link":"https:\/\/monde25.info\/index.php\/2025\/02\/21\/porcelets-tues-mutilations-l214-porte-plainte-contre-lidl\/","title":{"rendered":"Porcelets tu\u00e9s, mutilations&#8230; L214 porte plainte contre Lidl"},"content":{"rendered":"<p> <br \/>\n<\/p>\n<div style=\"position:relative;\">\n        <picture><source type=\"image\/webp\" srcset=\"https:\/\/reporterre.net\/local\/cache-vignettes\/L720xH469\/screenshot_2025-02-20_at_15-38-39_3_scandale_lidl_porcs_mutiles_que_vaut_vraiment_son_label_bien-etre_-_youtube-9b176.png@.webp?1740062791\"><img loading=\"lazy\" decoding=\"async\" src=\"https:\/\/reporterre.net\/local\/cache-vignettes\/L720xH469\/screenshot_2025-02-20_at_15-38-39_3_scandale_lidl_porcs_mutiles_que_vaut_vraiment_son_label_bien-etre_-_youtube-9b176.png?1740062791\" width=\"720\" height=\"469\" alt=\"Porcelets tu\u00e9s, mutilations... L214 porte plainte contre Lidl\" class=\"image_logo voir_logo\"\/><\/p>\n<p><\/source><\/picture>\n<p class=\"legende_logo\">Les porcelets jug\u00e9s peu rentables et les cochons malades sont violemment claqu\u00e9s contre un mur de l\u2019\u00e9levage, d\u00e9nonce L214. <span class=\"copyright_logo\">&#8211; L214<\/span><\/p>\n<p class=\"legende_logo_480\">Les porcelets jug\u00e9s peu rentables et les cochons malades sont violemment claqu\u00e9s contre un mur de l\u2019\u00e9levage, d\u00e9nonce L214. <span class=\"copyright_logo\">&#8211; L214<\/span><\/p>\n<\/p><\/div>\n<div>\n        <span class=\"date\">20 f\u00e9vrier 2025  \u00e0 15h46<\/span><\/p>\n<p class=\"duree_lecture\">\n        Dur\u00e9e de lecture : 2 minutes\n      <\/p>\n<\/p><\/div>\n<div>\n<p>Des cochons morts sur le sol, d\u2019autres \u00e0 l\u2019agonie. Des porcelets violemment claqu\u00e9s au sol pour \u00eatre tu\u00e9s. Des queues syst\u00e9matiquement coup\u00e9es. Jeudi 20\u00a0f\u00e9vrier, \u00e0 quelques jours \u00e0 peine du d\u00e9but du Salon de l\u2019agriculture, l\u2019association de d\u00e9fense des animaux, L214, r\u00e9v\u00e8le les r\u00e9sultats de deux de ses enqu\u00eates concernant le traitement de cochon au sein de deux \u00e9levages, l\u2019un situ\u00e9 dans la Sarthe, l\u2019autre dans le Finist\u00e8re.<\/p>\n<p>Tous les deux font partie des \u00e9levages qui alimentent le g\u00e9ant du supermarch\u00e9 <i>\u00ab<small class=\"fine d-inline\">\u00a0<\/small>\u00e0 bas co\u00fbt<small class=\"fine d-inline\">\u00a0<\/small>\u00bb<\/i>, Lidl. Celui situ\u00e9 dans le Finist\u00e8re a m\u00eame \u00e9t\u00e9 s\u00e9lectionn\u00e9e parmi les laur\u00e9ats du programme <i>\u00ab<small class=\"fine d-inline\">\u00a0<\/small>bien-\u00eatre animal +<small class=\"fine d-inline\">\u00a0<\/small>\u00bb<\/i> de Lidl.<\/p>\n<p>\u00c0 la suite de ses r\u00e9v\u00e9lations, l\u2019association L214 a d\u00e9pos\u00e9 plainte contre Lidl pour <i>\u00ab<small class=\"fine d-inline\">\u00a0<\/small>mauvais traitement envers des animaux<small class=\"fine d-inline\">\u00a0<\/small>\u00bb<\/i> ainsi que pour <i>\u00ab<small class=\"fine d-inline\">\u00a0<\/small>tromperie du consommateur<small class=\"fine d-inline\">\u00a0<\/small>\u00bb<\/i>. Deux autres plaintes ont \u00e9galement \u00e9t\u00e9 transmises contre les \u00e9levages concern\u00e9s pour mauvais traitements.<\/p>\n<p><iframe loading=\"lazy\" title=\"SCANDALE LIDL : PORCS MUTIL\u00c9S, QUE VAUT VRAIMENT SON LABEL \u201cBIEN-\u00caTRE\u201d ?\" width=\"1110\" height=\"624\" src=\"https:\/\/www.youtube.com\/embed\/hykyE21JsAI?feature=oembed\" frameborder=\"0\" allow=\"accelerometer; autoplay; clipboard-write; encrypted-media; gyroscope; picture-in-picture; web-share\" referrerpolicy=\"strict-origin-when-cross-origin\" allowfullscreen><\/iframe><\/p>\n<p>L214 appelle la cha\u00eene de magasins \u00e0 prendre des engagements concrets pour les animaux en s\u2019engageant notamment \u00e0 respecter le <a target=\"_blank\" href=\"https:\/\/www.l214.com\/animaux\/cochons\/pig-minimum-standards\/\" class=\"spip_out\" rel=\"external\">Pig minimum Standards<\/a>, une initiative soutenue par plusieurs associations europ\u00e9ennes visant \u00e0 bannir <i>\u00ab<small class=\"fine d-inline\">\u00a0<\/small>les pires pratiques d\u2019\u00e9levage et d\u2019abattage des cochons d\u2019ici 2030<small class=\"fine d-inline\">\u00a0<\/small>\u00bb<\/i>.<\/p>\n<p>Dans ses documents, <a target=\"_blank\" href=\"https:\/\/corporate.lidl.fr\/pdf\/show\/51718\" class=\"spip_out\" rel=\"external\">disponibles en ligne<\/a>, d\u00e9crivant sa politique en mise \u0153uvre depuis 2022 concernant le bien-\u00eatre animal, Lidl explique pourtant ne pas cautionner <i>\u00ab<small class=\"fine d-inline\">\u00a0<\/small>la pratique de la caudectomie [l\u2019ablation de la queue] routini\u00e8re<small class=\"fine d-inline\">\u00a0<\/small>\u00bb<\/i> et enjoint ses fournisseurs <i>\u00ab<small class=\"fine d-inline\">\u00a0<\/small>\u00e0 r\u00e9aliser des tests au sein de leurs \u00e9levages afin de garantir un niveau satisfaisant satisfaisant de <span class=\"caps\">BEA<\/span> [bien-\u00eatre animal] suite \u00e0 son arr\u00eat<small class=\"fine d-inline\">\u00a0<\/small>\u00bb<\/i>. Le sujet a m\u00eame \u00e9t\u00e9 <i>\u00ab<small class=\"fine d-inline\">\u00a0<\/small>identifi\u00e9 prioritaire pour Lidl<small class=\"fine d-inline\">\u00a0<\/small>\u00bb<\/i>, peut-on lire. Force est de constater qu\u2019il reste encore du chemin \u00e0 faire pour l\u2019enseigne.<\/p>\n<aside class=\"boite_encarts\">\n<div class=\"encart encart_gris noprint\">\n<p><strong>Puisque vous \u00eates l\u00e0&#8230;<\/strong><\/p>\n<p>&#8230; nous avons un petit service \u00e0 vous demander.<br class=\"autobr\"\/><br \/>\nEntre la pr\u00e9sence d\u2019un climatosceptique \u00e0 la t\u00eate de la premi\u00e8re puissance mondiale, un gouvernement fran\u00e7ais qui flirte avec l\u2019extr\u00eame-droite, et les catastrophes climatiques qui s\u2019enchainent&#8230; Faire vivre l\u2019\u00e9cologie dans le d\u00e9bat public est un enjeu crucial.<\/p>\n<p>Personne ne modifie ce que nous publions. Nous n\u2019avons ni actionnaire, ni propri\u00e9taire milliardaire \u2014 seulement une \u00e9quipe d\u2019irr\u00e9ductibles journalistes, pleine de d\u00e9termination.<\/p>\n<p>Nous avons la conviction que l\u2019urgence \u00e9cologique est l\u2019enjeu majeur de notre \u00e9poque. Et comme plus de 2 millions de lectrices et lecteurs chaque mois, vous partagez sans doute cette conviction&#8230;<\/p>\n<p><strong>Depuis 12 ans, nous publions des articles de qualit\u00e9 sur l\u2019\u00e9cologie, en acc\u00e8s libre et sans publicit\u00e9, pour tous.<\/strong><br class=\"autobr\"\/><br \/>\nMais ce travail demande beaucoup de temps et de ressources.<\/p>\n<p>Alors, si vous en avez les moyens, sachez qu\u2019un don, m\u00eame d\u20191\u20ac, est un acte de soutien fort pour l\u2019\u00e9cologie et le journalisme ind\u00e9pendant.<br class=\"autobr\"\/><br \/>\n(Et \u00e7a vous prendra moins de temps que la lecture de ce texte).<\/p>\n<p><strong>Si vous le pouvez, choisissez un soutien mensuel. Merci.<\/strong><\/p>\n<p><a target=\"_blank\" href=\"https:\/\/reporterre.net\/dons\" class=\"bt_soutenir\">Je soutiens <i>Reporterre<\/i><\/a><\/p>\n<\/p><\/div>\n<div class=\"encart encart_vert noprint montre_1023\">\n<div class=\"infolettre-form-container noprint\">\n<p>Abonnez-vous \u00e0 la lettre d\u2019info de Reporterre<\/p>\n<\/div><\/div>\n<\/aside>\n<aside class=\"boite_apresarticle encart_note\">\n<h4>Apr\u00e8s cet article<\/h4>\n<p>      <a target=\"_blank\" href=\"https:\/\/reporterre.net\/Cadavres-momifies-porcelets-morts-L-horreur-de-deux-elevages-fournissant-E-Leclerc\" class=\"lien_article\">\n      <picture class=\"vignette_gauche\"><source type=\"image\/webp\" srcset=\"https:\/\/reporterre.net\/local\/cache-vignettes\/L450xH300\/screenshot_2024-03-07_at_10-21-08_l_elevage_de_l_horreur_qui_fournit_les_magasins_e_leclerc-4e6d2.jpg@.webp?1737372761\"><img decoding=\"async\" src=\"https:\/\/reporterre.net\/local\/cache-vignettes\/L450xH300\/screenshot_2024-03-07_at_10-21-08_l_elevage_de_l_horreur_qui_fournit_les_magasins_e_leclerc-4e6d2.jpg?1737372761\" width=\"450\" height=\"300\" alt=\"\" class=\"marge12\" loading=\"lazy\"\/><br \/>\n<\/source><\/picture>\n<p class=\"libelle\">\n<p>      Animaux\n    <\/p>\n<p class=\"titre pol20\">Cadavres momifi\u00e9s, porcelets morts&#8230; L\u2019horreur de deux \u00e9levages fournissant E.Leclerc<\/p>\n<p>      <\/a><br \/>\n    <\/aside>\n<aside class=\"boite_complement texte\">\n<p>      <!-- zone_forum --><br \/>\n          <\/aside>\n<aside class=\"boite_lireaussi noprint\">\n<\/aside>\n<aside class=\"colonne\">\n<div class=\"article_info cache_1023 noprint\">\n        <span class=\"date\">20 f\u00e9vrier 2025  \u00e0 15h46<\/span><\/p>\n<p class=\"duree_lecture\">\n        Dur\u00e9e de lecture : 2 minutes\n      <\/p>\n<\/p><\/div>\n<div class=\"bloc_infolettre\">\n<div class=\"infolettre-form-container noprint\">\n<p>Abonnez-vous \u00e0 la lettre d\u2019info de Reporterre<\/p>\n<\/div><\/div>\n<\/aside>\n<div id=\"galerie\">\n  <img decoding=\"async\" src=\"\" class=\"principale\" id=\"principale\"\/><\/p>\n<p id=\"legende\">legende<\/p>\n<\/div>\n<footer class=\"noprint\">\n<\/footer>\n<\/div>\n<p><br \/>\n<br \/><a href=\"https:\/\/reporterre.net\/L214-porte-plainte-contre-Lidl-pour-mauvais-traitement-d-animaux\" target=\"_blank\"\">Source link <\/a><\/p>\n","protected":false},"excerpt":{"rendered":"<p>Les porcelets jug\u00e9s peu rentables et les cochons malades sont violemment claqu\u00e9s contre un mur de l\u2019\u00e9levage, d\u00e9nonce L214. &#8211; L214 Les porcelets jug\u00e9s peu rentables et les cochons malades&hellip; <\/p>\n","protected":false},"author":1,"featured_media":3030,"comment_status":"open","ping_status":"open","sticky":false,"template":"","format":"standard","meta":{"footnotes":""},"categories":[1],"tags":[],"class_list":["post-3029","post","type-post","status-publish","format-standard","has-post-thumbnail","hentry","category-non-classe"],"_links":{"self":[{"href":"https:\/\/monde25.info\/index.php\/wp-json\/wp\/v2\/posts\/3029","targetHints":{"allow":["GET"]}}],"collection":[{"href":"https:\/\/monde25.info\/index.php\/wp-json\/wp\/v2\/posts"}],"about":[{"href":"https:\/\/monde25.info\/index.php\/wp-json\/wp\/v2\/types\/post"}],"author":[{"embeddable":true,"href":"https:\/\/monde25.info\/index.php\/wp-json\/wp\/v2\/users\/1"}],"replies":[{"embeddable":true,"href":"https:\/\/monde25.info\/index.php\/wp-json\/wp\/v2\/comments?post=3029"}],"version-history":[{"count":0,"href":"https:\/\/monde25.info\/index.php\/wp-json\/wp\/v2\/posts\/3029\/revisions"}],"wp:featuredmedia":[{"embeddable":true,"href":"https:\/\/monde25.info\/index.php\/wp-json\/wp\/v2\/media\/3030"}],"wp:attachment":[{"href":"https:\/\/monde25.info\/index.php\/wp-json\/wp\/v2\/media?parent=3029"}],"wp:term":[{"taxonomy":"category","embeddable":true,"href":"https:\/\/monde25.info\/index.php\/wp-json\/wp\/v2\/categories?post=3029"},{"taxonomy":"post_tag","embeddable":true,"href":"https:\/\/monde25.info\/index.php\/wp-json\/wp\/v2\/tags?post=3029"}],"curies":[{"name":"wp","href":"https:\/\/api.w.org\/{rel}","templated":true}]}}