{"id":303,"date":"2024-11-17T06:38:54","date_gmt":"2024-11-17T05:38:54","guid":{"rendered":"https:\/\/monde25.info\/index.php\/2024\/11\/17\/smsgate-la-cjue-na-aucun-pouvoir-pour-saisir-les-sms-ou-contraindre-la-commission-a-produire-les-sms-entre-von-der-leyen-et-bourla\/"},"modified":"2024-11-17T06:38:54","modified_gmt":"2024-11-17T05:38:54","slug":"smsgate-la-cjue-na-aucun-pouvoir-pour-saisir-les-sms-ou-contraindre-la-commission-a-produire-les-sms-entre-von-der-leyen-et-bourla","status":"publish","type":"post","link":"https:\/\/monde25.info\/index.php\/2024\/11\/17\/smsgate-la-cjue-na-aucun-pouvoir-pour-saisir-les-sms-ou-contraindre-la-commission-a-produire-les-sms-entre-von-der-leyen-et-bourla\/","title":{"rendered":"SMSgate \u2013 la CJUE n\u2019a aucun pouvoir pour saisir les SMS ou contraindre la Commission \u00e0 produire les SMS entre von der Leyen et Bourla"},"content":{"rendered":"<p> <br \/>\n<\/p>\n<div>\n<p><strong>\u00a0<\/strong>Hier se tenait \u00e0 la Cour de Justice de l\u2019Union europ\u00e9enne l\u2019audience dans l\u2019affaire des SMS (\u00a0#SMSGATE). Ces SMS qui ont \u00e9t\u00e9 \u00e9chang\u00e9s entre la pr\u00e9sidente de la Commission Ursula von der Leyen et le pr\u00e9sident de Pfizer, Albert Bourla autour de la n\u00e9gociation des mirobolants contrats des vaccins covid.\u00a0 \u00ab\u00a0<a target=\"_blank\" href=\"https:\/\/www.francesoir.fr\/videos-les-debriefings\/un-contrat-aussi-favorable-lindustriel-cela-me-parait-anormal-olivier-frot\"><em>Des contrats aussi favorables \u00e0 l\u2019industriel, je n\u2019ai jamais vu cela<\/em><\/a>\u00a0\u00bb, avait expliqu\u00e9 le docteur en droit Olivier Frot. <a target=\"_blank\" href=\"https:\/\/www.francesoir.fr\/videos-l-entretien-essentiel\/plainte-contre-u-von-der-leyen-pourquoi-le-parquet-europeen-souhaite-t\">Fr\u00e9d\u00e9ric Baldan et son avocate Me Diane Protat<\/a>\u00a0ont\u00a0fait le d\u00e9placement afin d\u2019\u00e9couter cette audience importante.\u00a0 Ils sont rest\u00e9s sur leur faim et ressortent encore plus convaincus que le p\u00e9nal reste la seule mani\u00e8re de faire la transparence sur ce qui s\u2019est r\u00e9ellement pass\u00e9. Rappelons que Fr\u00e9d\u00e9ric Baldan a d\u00e9pos\u00e9 plainte en mars 2023 contre Ursula von der Leyen, Albert Bourla et Pfizer sur les chefs d\u2019usurpation de titres, de destruction de documents, et de corruption. Plainte \u00e0 laquelle <a target=\"_blank\" href=\"https:\/\/www.francesoir.fr\/politique-monde\/plusieurs-etats-portent-plainte-contre-ursula-von-der-leyen-pour-corruption-dans-le\">se sont jointes la Pologne et la Hongrie,<\/a> comme <a target=\"_blank\" href=\"https:\/\/www.francesoir.fr\/politique-monde\/du-jamais-vu-plusieurs-etats-ont-depose-plainte-contre-ursula-von-der-leyen-macron\">l\u2019avait d\u00e9voil\u00e9 France-Soir le 17 mars 2023<\/a>, ainsi que pr\u00e8s de 1000 autres plaignants. La prochaine audition dans cette proc\u00e9dure aura lieu le 6 d\u00e9cembre 2024 au Tribunal de Li\u00e8ge. Avec en sus quelques questions. Pourquoi une telle <a target=\"_blank\" href=\"https:\/\/www.francesoir.fr\/politique-monde\/plaintes-visant-ursula-von-der-leyen-silence-omerta-et-mysteres-interview-complete\">omerta<\/a> de <a target=\"_blank\" href=\"https:\/\/www.francesoir.fr\/politique-monde\/omerta-censure-et-mysteres-autour-des-plaintes-visant-ursula-von-der-leyen\">la part des m\u00e9dias mainstream fran\u00e7ais sur la plainte p\u00e9nale visant von der Leyen<\/a>\u00a0et quels jeux troubles <a target=\"_blank\" href=\"https:\/\/www.francesoir.fr\/politique-monde-societe-justice\/quels-jeux-troubles-joue-le-parquet-europeen-dans-la-plainte-contre\">le Parquet europ\u00e9en joue-t-il dans cette affaire<\/a> ?<\/p>\n<p>\u00a0<\/p>\n<p><strong>Couverture en direct d\u00e9taill\u00e9e de France-Soir sur X<\/strong><\/p>\n<p>France-Soir a couvert l\u2019audience sur le r\u00e9seau social X rapportant les 4\u00a0h\u00a030 de l\u2019audience, qui <a target=\"_blank\" href=\"https:\/\/threadreaderapp.com\/thread\/1857343073165980132.html#google_vignette\">peuvent \u00eatre lus en d\u00e9tail dans le fil suivant<\/a>\u00a0:<\/p>\n<blockquote class=\"twitter-tweet\">\n<p lang=\"fr\" dir=\"ltr\">Affaire de SMS entre <a target=\"_blank\" href=\"https:\/\/twitter.com\/vonderleyen?ref_src=twsrc%5Etfw\">@vonderleyen<\/a> et <a target=\"_blank\" href=\"https:\/\/twitter.com\/AlbertBourla?ref_src=twsrc%5Etfw\">@AlbertBourla<\/a> demand\u00e9 par le New York Times et Matina Stevis. L&rsquo;audience se tient aujourd&rsquo;hui \u00e0 la Cour de justice de l&rsquo;Union europ\u00e9enne. <a target=\"_blank\" href=\"https:\/\/twitter.com\/france_soir?ref_src=twsrc%5Etfw\">@france_soir<\/a> est pr\u00e9sent. L&rsquo;audience a commenc\u00e9 \u00e0 9h30. <a target=\"_blank\" href=\"https:\/\/t.co\/Tp4DA97p9c\">pic.twitter.com\/Tp4DA97p9c<\/a><\/p>\n<p>\u2014 France-Soir (@france_soir) <a target=\"_blank\" href=\"https:\/\/twitter.com\/france_soir\/status\/1857343073165980132?ref_src=twsrc%5Etfw\">November 15, 2024<\/a><\/p>\n<\/blockquote>\n<p>Notons l&rsquo;absence des m\u00e9dias mainstream fran\u00e7ais lors de cette audience.<\/p>\n<p>Interrog\u00e9s \u00e0 la sortie, Ma\u00eetre Diane Protat et Fr\u00e9d\u00e9ric Baldan ont comment\u00e9 l\u2019audience\u00a0:<\/p>\n<p><iframe style=\"left:0;position:absolute;top:0;\" width=\"100%\" height=\"100%\" frameborder=\"0\" allow=\"accelerometer; autoplay; encrypted-media; gyroscope; picture-in-picture\" allowfullscreen=\"true\" referrerpolicy=\"unsafe-url\" class=\"lazyload\" data-src=\"https:\/\/app.videas.fr\/embed\/media\/9c88804b-25b6-4c6c-ac3f-3a503c14d9c5\/\"><\/iframe><\/p>\n<p>\u00a0<\/p>\n<p>\u00a0<\/p>\n<p><strong>R\u00e9sum\u00e9 de Fr\u00e9d\u00e9ric Baldan : L&rsquo;AUDIENCE SMSGATE EN R\u00c9SUM\u00c9<\/strong>\u00a0<\/p>\n<p>C\u2019est par le biais d\u2019un tweet que Fr\u00e9d\u00e9ric Baldan r\u00e9sumait l\u2019audience du <a target=\"_blank\" href=\"https:\/\/x.com\/hashtag\/smsgate?src=hashtag_click\">#smsgate<\/a> du 15 novembre 2024. Il est reproduit ci-apr\u00e8s avec son accord.<\/p>\n<p>La CJUE n&rsquo;a aucun pouvoir pour saisir les \u00ab SMS \u00bb ou contraindre la Commission von der Leyen \u00e0 produire ses messages secrets \u00e9chang\u00e9s avec <a target=\"_blank\" href=\"https:\/\/x.com\/AlbertBourla\">@AlbertBourla<\/a>. C&rsquo;est <a target=\"_blank\" href=\"https:\/\/x.com\/vonderleyen\">@vonderleyen<\/a> qui semble les d\u00e9tenir seule et\/ou les avoir d\u00e9truits.<\/p>\n<p>La seule juridiction capable de le faire est la <strong>juridiction p\u00e9nale belge<\/strong>, la juridiction o\u00f9 les faits se sont d&rsquo;ailleurs produits. La Commission qui refuse de se pr\u00e9senter devant les tribunaux essaye de ne pas affirmer ou infirmer que les messages existent. Elle refuse d&rsquo;en pr\u00e9ciser le support (quel t\u00e9l\u00e9phone, ordinateur\u2009 ?), elle refuse d&rsquo;en pr\u00e9ciser le format (Whatsapp, signal, texto, &#8230;), elle pr\u00e9tend les avoir cherch\u00e9s, mais sans pouvoir pr\u00e9ciser o\u00f9 et comment&#8230;<\/p>\n<p>Bref, <strong>la Commission agit de mani\u00e8re arbitraire et malhonn\u00eate<\/strong>. Puisque le secr\u00e9tariat g\u00e9n\u00e9ral de la \u00a0<a target=\"_blank\" href=\"https:\/\/x.com\/EU_Commission\">@EU_Commission<\/a> et le cabinet d&rsquo;UVDL (dirig\u00e9 par <strong>Bj\u00f6rn Seibert<\/strong>) pr\u00e9tendent qu&rsquo;ils ne d\u00e9tiennent pas ces messages, cela veut dire qu&rsquo;il n&rsquo;y a que la pr\u00e9sidente qui les d\u00e9tient et qu&rsquo;ils n&rsquo;ont fait l&rsquo;objet d&rsquo;aucune recherche effective. Madame von der Leyen est la seule \u00e0 pouvoir les consulter, et a organis\u00e9 le fait de <strong>faire \u00e9chapper ses communications \u00e0 l&rsquo;enregistrement par la Commission, et donc \u00e0 la transparence<\/strong>.<\/p>\n<p>Pour prot\u00e9ger sa pr\u00e9sidente, la Commission von der Leyen a invent\u00e9 un faux concept juridique de \u00ab\u00a0short leave message\u00a0\u00bb qui la dispenserait de l&rsquo;obligation d&rsquo;archiver les messages.<\/p>\n<p>La seule mani\u00e8re de l&rsquo;interpr\u00e9ter, c&rsquo;est que madame von der Leyen a utilis\u00e9 une <strong>application qu&rsquo;elle avait configur\u00e9e pour effacer ses propres messages apr\u00e8s une courte p\u00e9riode de temps<\/strong>. Puisqu&rsquo;elle a pr\u00e9tendu agir dans le cadre de ses fonctions, cela veut donc dire qu&rsquo;elle a organis\u00e9 la destruction de documents administratifs. <strong>Ce que nous lui reprochons au p\u00e9nal<\/strong>.<\/p>\n<p>La Commission a \u00e9galement sorti un nouveau storytelling en arguant que le<strong> t\u00e9l\u00e9phone de madame von der Leyen avait peut-\u00eatre \u00e9t\u00e9 remplac\u00e9 en 2022 sans effectuer le transfert des messages<\/strong>. Pour ma part, j&rsquo;ai rencontr\u00e9 une professionnelle des m\u00e9dias qui me rapportait qu&rsquo;Ursula von der Leyen lui avait affirm\u00e9 que sa petite fille avait jou\u00e9 avec son t\u00e9l\u00e9phone et supprim\u00e9 ses messages par accident.<\/p>\n<p><strong>Bref, Ursula von der Leyen et ses subordonn\u00e9s ont d\u00e9cid\u00e9 de mentir et de fuir tant la transparence que la justice.<\/strong> M\u00eame si la CJUE annule le refus de la Commission de donner ces messages, le NYT ne les obtiendra manifestement pas, et la Commission produira une nouvelle d\u00e9cision de refus qui finira encore devant la CJUE. Une boucle sans fin.<\/p>\n<p><strong>LA CONCLUSION \u00c0 EN TIRER :<\/strong> Ursula von der Leyen a viol\u00e9 le code de bonne conduite des commissaires europ\u00e9ens en violant notamment la charte des droits fondamentaux de l&rsquo;UE (dont le droit \u00e0 la transparence). La seule d\u00e9cision utile que peut prendre la CJUE, c&rsquo;est la suspension d&rsquo;Ursula von der Leyen qui a <strong>manqu\u00e9 \u00e0 sa mission en violant les trait\u00e9s et qui n&rsquo;a plus aucune apparence d&rsquo;honn\u00eatet\u00e9.<\/strong><\/p>\n<p>Nous avions demand\u00e9 sa suspension en 2023, mais la juridiction administrative de l&rsquo;UE avait prot\u00e9g\u00e9 Ursula von der Leyen. Hier, ils n&rsquo;ont fait que reprendre en pleine face les cons\u00e9quences de leur d\u00e9cision contraire au droit de 2023. Nous allons donc voir si, cette fois, les juges vont finalement dire le droit au lieu de prot\u00e9ger Ursula von der Leyen.<\/p>\n<p><em>Pour m\u00e9moire, le NYT ne demande pas la suspension d&rsquo;Ursula von der Leyen et ne nous a pas rejoints au p\u00e9nal, ce qu&rsquo;ils auraient pu faire en utilisant l&rsquo;Art 151 du Code p\u00e9nal belge (l&rsquo;atteinte arbitraire aux droits garantis par la constitution).<\/em><\/p>\n<blockquote class=\"twitter-tweet\">\n<p lang=\"fr\" dir=\"ltr\">L&rsquo;AUDIENCE SMSGATE EN R\u00c9SUM\u00c9<\/p>\n<p>Le r\u00e9sum\u00e9 de l&rsquo;audience du <a target=\"_blank\" href=\"https:\/\/twitter.com\/hashtag\/smsgate?src=hash&amp;ref_src=twsrc%5Etfw\">#smsgate<\/a> du 15 novembre 2024 :\u00a0<\/p>\n<p>La CJUE n&rsquo;a aucun pouvoir pour saisir les \u00ab\u00a0SMS\u00a0\u00bb ou contraindre la Commission von der Leyen \u00e0 produire ses messages secrets \u00e9chang\u00e9s avec <a target=\"_blank\" href=\"https:\/\/twitter.com\/AlbertBourla?ref_src=twsrc%5Etfw\">@AlbertBourla<\/a> . C&rsquo;est <a target=\"_blank\" href=\"https:\/\/twitter.com\/vonderleyen?ref_src=twsrc%5Etfw\">@vonderleyen<\/a> qui semble les\u2026 <a target=\"_blank\" href=\"https:\/\/t.co\/ufb71aIZRZ\">pic.twitter.com\/ufb71aIZRZ<\/a><\/p>\n<p>\u2014 Fr\u00e9d\u00e9ric BALDAN (@BaldanFrederic) <a target=\"_blank\" href=\"https:\/\/twitter.com\/BaldanFrederic\/status\/1857682183588131188?ref_src=twsrc%5Etfw\">November 16, 2024<\/a><\/p>\n<\/blockquote>\n<p>\u00a0<\/p>\n<\/div>\n<p><script async src=\"\/\/platform.twitter.com\/widgets.js\" charset=\"utf-8\"><\/script><script>(function(d, s, id) {  var js, fjs = d.getElementsByTagName(s)[0];  if (d.getElementById(id)) return;  js = d.createElement(s); js.id = id;  js.src = \"\/\/connect.facebook.net\/fr_FR\/sdk.js#xfbml=1&version=v2.3\";  fjs.parentNode.insertBefore(js, fjs);}(document, \"script\", \"facebook-jssdk\"));<\/script><br \/>\n<br \/><br \/>\n<br \/><a href=\"https:\/\/www.francesoir.fr\/videos-les-debriefings-societe-justice\/smsgate-la-cjue-n-aucun-pouvoir-pour-saisir-les-sms-ou\" target=\"_blank\"\">Source link <\/a><\/p>\n","protected":false},"excerpt":{"rendered":"<p>\u00a0Hier se tenait \u00e0 la Cour de Justice de l\u2019Union europ\u00e9enne l\u2019audience dans l\u2019affaire des SMS (\u00a0#SMSGATE). Ces SMS qui ont \u00e9t\u00e9 \u00e9chang\u00e9s entre la pr\u00e9sidente de la Commission Ursula&hellip; <\/p>\n","protected":false},"author":1,"featured_media":0,"comment_status":"open","ping_status":"open","sticky":false,"template":"","format":"standard","meta":{"footnotes":""},"categories":[1],"tags":[],"class_list":["post-303","post","type-post","status-publish","format-standard","hentry","category-non-classe"],"_links":{"self":[{"href":"https:\/\/monde25.info\/index.php\/wp-json\/wp\/v2\/posts\/303","targetHints":{"allow":["GET"]}}],"collection":[{"href":"https:\/\/monde25.info\/index.php\/wp-json\/wp\/v2\/posts"}],"about":[{"href":"https:\/\/monde25.info\/index.php\/wp-json\/wp\/v2\/types\/post"}],"author":[{"embeddable":true,"href":"https:\/\/monde25.info\/index.php\/wp-json\/wp\/v2\/users\/1"}],"replies":[{"embeddable":true,"href":"https:\/\/monde25.info\/index.php\/wp-json\/wp\/v2\/comments?post=303"}],"version-history":[{"count":0,"href":"https:\/\/monde25.info\/index.php\/wp-json\/wp\/v2\/posts\/303\/revisions"}],"wp:attachment":[{"href":"https:\/\/monde25.info\/index.php\/wp-json\/wp\/v2\/media?parent=303"}],"wp:term":[{"taxonomy":"category","embeddable":true,"href":"https:\/\/monde25.info\/index.php\/wp-json\/wp\/v2\/categories?post=303"},{"taxonomy":"post_tag","embeddable":true,"href":"https:\/\/monde25.info\/index.php\/wp-json\/wp\/v2\/tags?post=303"}],"curies":[{"name":"wp","href":"https:\/\/api.w.org\/{rel}","templated":true}]}}