{"id":3050,"date":"2025-02-21T10:03:40","date_gmt":"2025-02-21T09:03:40","guid":{"rendered":"https:\/\/monde25.info\/index.php\/2025\/02\/21\/cooperation-ou-collaboration-par-lionel-richard-le-monde-diplomatique-mars-2023\/"},"modified":"2025-02-21T10:03:40","modified_gmt":"2025-02-21T09:03:40","slug":"cooperation-ou-collaboration-par-lionel-richard-le-monde-diplomatique-mars-2023","status":"publish","type":"post","link":"https:\/\/monde25.info\/index.php\/2025\/02\/21\/cooperation-ou-collaboration-par-lionel-richard-le-monde-diplomatique-mars-2023\/","title":{"rendered":"Coop\u00e9ration ou collaboration ?, par Lionel Richard (Le Monde diplomatique, mars 2023)"},"content":{"rendered":"<p> <br \/>\n<\/p>\n<div couleurfade=\"e5e5e6\" couleurclaire=\"e5e4e6\" couleurpale=\"c7c5d2\" couleurmi=\"646368\" couleurfoncee=\"423d5b\" couleursombre=\"19181a\" couleurfond=\"4c4c4f\" couleurtexte=\"ffffff\">\n<figure class=\"spip_document_31078 spip_documents spip_documents_right\" style=\"float:right; width:200px;\">\n<div class=\"limage\">\n<p>            <img loading=\"lazy\" decoding=\"async\" src=\"https:\/\/www.monde-diplomatique.fr\/\/local\/cache-vignettes\/L200xH311\/download-14-77386.jpg?1677602477\" width=\"200\" alt=\"\" height=\"311\"\/><\/p><\/div>\n<\/figure>\n<p><span class=\"mot-lettrine\"><span class=\"lettrine\">L<\/span>es<\/span> archives militaires de l\u2019occupant allemand n\u2019ont gu\u00e8re \u00e9t\u00e9 exploit\u00e9es par les historiens fran\u00e7ais. Bernd Kasten les a, lui, attentivement d\u00e9pouill\u00e9es. Paru en 1993, enfin traduit, son livre est donc exceptionnel<span class=\"spip_note_ref\">\u00a0(<a target=\"_blank\" href=\"http:\/\/www.monde-diplomatique.fr\/2023\/03\/RICHARD\/65572#nb1\" class=\"spip_note\" rel=\"appendix\" title=\"Bernd Kasten, \u00ab\u00a0De bons Fran\u00e7ais\u00a0\u00bb. Les polices fran\u00e7aises et les autorit\u00e9s\u00a0(...)\" id=\"nh1\">1<\/a>)<\/span>. Des faits historiques capitaux y sont \u00e9tablis, \u00e0 int\u00e9grer dans les manuels d\u2019enseignement.<\/p>\n<p>D\u2019abord, les occupants ont octroy\u00e9 une illusion de pouvoir au mar\u00e9chal Philippe P\u00e9tain et \u00e0 ses acolytes en conc\u00e9dant \u00e0 la France vaincue ses propres forces de police pour piliers. La strat\u00e9gie des Allemands a consist\u00e9 \u00e0 placer enti\u00e8rement ces forces sous leur contr\u00f4le. Ils ont ainsi men\u00e9 le jeu dans l\u2019\u00e9laboration de la plupart des mesures prises en France d\u00e8s juin\u00a01940. Ce sont leurs services qui ont \u00ab<small class=\"fine\">\u00a0<\/small>mont\u00e9<small class=\"fine\">\u00a0<\/small>\u00bb les premi\u00e8res manifestations antis\u00e9mites. Sans la coop\u00e9ration loyale des policiers et des gendarmes fran\u00e7ais, indique un rapport de 1943, les commandos allemands d\u2019intervention ne sont capables que d\u2019exercer <i>\u00ab<small class=\"fine\">\u00a0<\/small>une m\u00e9diocre activit\u00e9 de surveillance<small class=\"fine\">\u00a0<\/small>\u00bb.<\/i> L\u2019administration militaire allemande appr\u00e9cie particuli\u00e8rement l\u2019<i>\u00ab<small class=\"fine\">\u00a0<\/small>esprit de corps<small class=\"fine\">\u00a0<\/small>\u00bb<\/i> des gendarmes fran\u00e7ais, 37\u00a0000\u00a0hommes en\u00a01944.<\/p>\n<p>Ensuite, ces occupants ont consid\u00e9r\u00e9 que leurs adversaires, ceux qui devaient \u00eatre d\u00e9truits en premier lieu, \u00e9taient les communistes fran\u00e7ais. En f\u00e9vrier\u00a01941, quatre mois avant la rupture du pacte germano-sovi\u00e9tique, ils se montrent satisfaits\u00a0: plus de 1\u00a0500\u00a0arrestations dans la seule zone directement administr\u00e9e par eux.<\/p>\n<p>Enfin, il n\u2019y a jamais eu de France \u00ab<small class=\"fine\">\u00a0<\/small>p\u00e9tainiste<small class=\"fine\">\u00a0<\/small>\u00bb. Les documents le prouvent, la majorit\u00e9 de la population fran\u00e7aise, en d\u00e9pit d\u2019une faible participation \u00e0 la R\u00e9sistance, est rest\u00e9e de bout en bout <i>\u00ab<small class=\"fine\">\u00a0<\/small>profond\u00e9ment ancr\u00e9e dans ses traditions d\u00e9mocratiques et r\u00e9publicaines<small class=\"fine\">\u00a0<\/small>\u00bb.<\/i><\/p>\n<p>Qu\u2019en a-t-il \u00e9t\u00e9 de ladite \u00ab<small class=\"fine\">\u00a0<\/small>\u00e9puration<small class=\"fine\">\u00a0<\/small>\u00bb en 1945-1946<small class=\"fine\">\u00a0<\/small>? Le sujet n\u2019est pas directement abord\u00e9 par Bernd Kasten. Dommage. Mais sa conclusion en dit long, c\u2019est un beau morceau d\u2019ironie\u00a0: <i>\u00ab<small class=\"fine\">\u00a0<\/small>Les policiers fran\u00e7ais \u00e9taient de \u201cbons Fran\u00e7ais\u201d<small class=\"fine\">\u00a0<\/small>; le reproche de trahison adress\u00e9 apr\u00e8s la guerre aux vrais collaborateurs ne les concerne pas.<small class=\"fine\">\u00a0<\/small>\u00bb<\/i><\/p>\n<figure class=\"spip_document_31080 spip_documents spip_documents_right\" style=\"float:right; width:200px;\">\n<div class=\"limage\">\n<p>            <img loading=\"lazy\" decoding=\"async\" src=\"https:\/\/www.monde-diplomatique.fr\/\/local\/cache-vignettes\/L200xH300\/la-police-de-vichy-b2661.jpg?1677602477\" width=\"200\" alt=\"\" height=\"300\"\/><\/p><\/div>\n<\/figure>\n<p>Cette \u00ab<small class=\"fine\">\u00a0<\/small>\u00e9puration<small class=\"fine\">\u00a0<\/small>\u00bb, en revanche, a \u00e9t\u00e9 un durable sujet d\u2019interrogation pour Maurice Rajsfus. Disparu en 2020, il \u00e9tait de ces Juifs parisiens qui, le 16\u00a0juillet\u00a01942, ont \u00e9t\u00e9 embarqu\u00e9s lors de la grande rafle du Vel\u2019d\u2019Hiv. Il \u00e9vita la d\u00e9portation. Ses parents, eux, sont morts \u00e0 Auschwitz. Savoir comment fut g\u00e9n\u00e9r\u00e9e en France la r\u00e9pression \u00ab<small class=\"fine\">\u00a0<\/small>antijuive<small class=\"fine\">\u00a0<\/small>\u00bb a \u00e9t\u00e9 sa constante pr\u00e9occupation. Son livre <i>La Police de Vichy,<\/i> publi\u00e9 en 1995, s\u2019ouvre ainsi\u00a0: <i>\u00ab<small class=\"fine\">\u00a0<\/small>Les policiers fran\u00e7ais ont \u00e9t\u00e9 fid\u00e8les \u00e0 la consigne de l\u2019occupant nazi, de juin\u00a01940 \u00e0 ao\u00fbt\u00a01944.<small class=\"fine\">\u00a0<\/small>\u00bb<\/i> Suivent les preuves, archives \u00e0 l\u2019appui.<\/p>\n<p>Dans la conclusion de ce livre r\u00e9cemment r\u00e9\u00e9dit\u00e9<span class=\"spip_note_ref\">\u00a0(<a target=\"_blank\" href=\"http:\/\/www.monde-diplomatique.fr\/2023\/03\/RICHARD\/65572#nb2\" class=\"spip_note\" rel=\"appendix\" title=\"Maurice Rajsfus, La Police de Vichy, pr\u00e9face d\u2019Ari\u00e9 Alimi, \u00c9ditions du D\u00e9tour,\u00a0(...)\" id=\"nh2\">2<\/a>)<\/span>, Rajsfus analyse les mesures prises de 1945 \u00e0 1947. Bilan acerbe. Seulement 3<small class=\"fine\">\u00a0<\/small>% des effectifs de la police fran\u00e7aise ont \u00e9t\u00e9 <i>\u00ab<small class=\"fine\">\u00a0<\/small>mis \u00e0 l\u2019\u00e9cart<small class=\"fine\">\u00a0<\/small>\u00bb.<\/i> Rajsfus a \u00e9t\u00e9 stup\u00e9fait, surtout, quand il a d\u00e9couvert que, des d\u00e9cennies apr\u00e8s l\u2019Occupation, les compromissions criminelles des policiers et gendarmes \u00e9taient \u00e0 peine abord\u00e9es dans les ouvrages de r\u00e9f\u00e9rence.<\/p>\n<\/p><\/div>\n<p><br \/>\n<br \/><a href=\"https:\/\/www.monde-diplomatique.fr\/2023\/03\/RICHARD\/65572\" target=\"_blank\"\">Source link <\/a><\/p>\n","protected":false},"excerpt":{"rendered":"<p>Les archives militaires de l\u2019occupant allemand n\u2019ont gu\u00e8re \u00e9t\u00e9 exploit\u00e9es par les historiens fran\u00e7ais. Bernd Kasten les a, lui, attentivement d\u00e9pouill\u00e9es. Paru en 1993, enfin traduit, son livre est donc&hellip; <\/p>\n","protected":false},"author":1,"featured_media":3051,"comment_status":"open","ping_status":"open","sticky":false,"template":"","format":"standard","meta":{"footnotes":""},"categories":[1],"tags":[],"class_list":["post-3050","post","type-post","status-publish","format-standard","has-post-thumbnail","hentry","category-non-classe"],"_links":{"self":[{"href":"https:\/\/monde25.info\/index.php\/wp-json\/wp\/v2\/posts\/3050","targetHints":{"allow":["GET"]}}],"collection":[{"href":"https:\/\/monde25.info\/index.php\/wp-json\/wp\/v2\/posts"}],"about":[{"href":"https:\/\/monde25.info\/index.php\/wp-json\/wp\/v2\/types\/post"}],"author":[{"embeddable":true,"href":"https:\/\/monde25.info\/index.php\/wp-json\/wp\/v2\/users\/1"}],"replies":[{"embeddable":true,"href":"https:\/\/monde25.info\/index.php\/wp-json\/wp\/v2\/comments?post=3050"}],"version-history":[{"count":0,"href":"https:\/\/monde25.info\/index.php\/wp-json\/wp\/v2\/posts\/3050\/revisions"}],"wp:featuredmedia":[{"embeddable":true,"href":"https:\/\/monde25.info\/index.php\/wp-json\/wp\/v2\/media\/3051"}],"wp:attachment":[{"href":"https:\/\/monde25.info\/index.php\/wp-json\/wp\/v2\/media?parent=3050"}],"wp:term":[{"taxonomy":"category","embeddable":true,"href":"https:\/\/monde25.info\/index.php\/wp-json\/wp\/v2\/categories?post=3050"},{"taxonomy":"post_tag","embeddable":true,"href":"https:\/\/monde25.info\/index.php\/wp-json\/wp\/v2\/tags?post=3050"}],"curies":[{"name":"wp","href":"https:\/\/api.w.org\/{rel}","templated":true}]}}