{"id":3066,"date":"2025-02-21T14:33:14","date_gmt":"2025-02-21T13:33:14","guid":{"rendered":"https:\/\/monde25.info\/index.php\/2025\/02\/21\/les-dirigeants-chretiens-condamnent-la-saisie-des-terres-de-leglise-armenienne-a-jerusalem-rt-en-francais\/"},"modified":"2025-02-21T14:33:14","modified_gmt":"2025-02-21T13:33:14","slug":"les-dirigeants-chretiens-condamnent-la-saisie-des-terres-de-leglise-armenienne-a-jerusalem-rt-en-francais","status":"publish","type":"post","link":"https:\/\/monde25.info\/index.php\/2025\/02\/21\/les-dirigeants-chretiens-condamnent-la-saisie-des-terres-de-leglise-armenienne-a-jerusalem-rt-en-francais\/","title":{"rendered":"Les dirigeants chr\u00e9tiens condamnent la saisie des terres de l&rsquo;\u00c9glise arm\u00e9nienne \u00e0 J\u00e9rusalem \u2014 RT en fran\u00e7ais"},"content":{"rendered":"<p> <br \/>\n<br \/><img decoding=\"async\" src=\"https:\/\/mf.b37mrtl.ru\/french\/images\/2025.02\/thumbnail\/67b855956f7ccc7f7112c9a5.jpg\" \/><\/p>\n<div>\n<p class=\"text__summary\">\n                                        Dans une lettre adress\u00e9e \u00e0 Benjamin Netanyahou, les patriarches et chefs des \u00e9glises locales de J\u00e9rusalem s&rsquo;insurgent contre les mesures isra\u00e9liennes prises \u00e0 l&rsquo;encontre du patriarcat arm\u00e9nien. Un ordre de saisie des terres arm\u00e9niennes a \u00e9t\u00e9 \u00e9mis par la municipalit\u00e9 de la ville.\n                                    <\/p>\n<p>\u00abC\u2019est avec une grande inqui\u00e9tude que nous, les Patriarches et Chefs des \u00c9glises de J\u00e9rusalem, exprimons notre solidarit\u00e9 ind\u00e9fectible avec le Patriarcat arm\u00e9nien orthodoxe de J\u00e9rusalem dans sa qu\u00eate de justice contre un ordre de saisie injuste \u00e9mis par la municipalit\u00e9 de J\u00e9rusalem\u00bb, ont indiqu\u00e9 les\u00a0Patriarches et Chefs des \u00c9glises de J\u00e9rusalem dans <a target=\"_blank\" href=\"https:\/\/en.jerusalem-patriarchate.info\/announcements\/patriarchs-and-heads-of-churches-in-jerusalem-condemn-unjust-foreclosure-against-armenian-patriarchate-urge-immediate-intervention\/\" target=\"_blank\" rel=\"noopener noreferrer\">une lettre adress\u00e9e<\/a> au Premier ministre isra\u00e9lien Benjamin Netanyahou le 19 f\u00e9vrier dernier.<\/p>\n<p>Le texte souligne que les mesures prises \u00e0 l&rsquo;encontre\u00a0du Patriarcat\u00a0\u00absont juridiquement contestables et moralement inacceptables\u00bb, pr\u00e9cisant qu&rsquo;il est\u00a0\u00abinconcevable que des institutions chr\u00e9tiennes, dont la mission s\u00e9culaire est de pr\u00e9server la foi, de servir les communaut\u00e9s et de prot\u00e9ger le patrimoine sacr\u00e9 de la Terre Sainte, soient menac\u00e9es de confiscation de leurs biens en raison de d\u00e9cisions administratives bafouant le droit \u00e0 une proc\u00e9dure \u00e9quitable\u00bb.<\/p>\n<p>Le Patriarcat a ni\u00e9 devoir des imp\u00f4ts \u00e0 l&rsquo;autorit\u00e9 et a d\u00e9pos\u00e9 une requ\u00eate l\u00e9gale pour emp\u00eacher la confiscation de biens qu&rsquo;il poss\u00e8de depuis des centaines d&rsquo;ann\u00e9es.\u00a0Une audience sur la p\u00e9tition du patriarcat aura lieu le 24 f\u00e9vrier.\u00a0<\/p>\n<h2>1 \u00e0 2% de Chr\u00e9tiens \u00e0 J\u00e9rusalem<\/h2>\n<p>\u00abCette saisie met en p\u00e9ril l\u2019avenir du Patriarcat arm\u00e9nien orthodoxe et ouvre la porte \u00e0 un dangereux pr\u00e9c\u00e9dent pouvant affecter l\u2019ensemble des institutions chr\u00e9tiennes en Terre Sainte\u00bb, ont d\u00e9plor\u00e9 les eccl\u00e9siastiques dans leur\u00a0lettre adress\u00e9e aux autorit\u00e9s isra\u00e9liennes.<\/p>\n<p>Il s&rsquo;agit du dernier d\u00e9veloppement d&rsquo;une longue confrontation entre les Chr\u00e9tiens et les autorit\u00e9s isra\u00e9liennes, qui menacent depuis des ann\u00e9es de supprimer l&rsquo;exon\u00e9ration de la taxe fonci\u00e8re, ou \u00abArnona\u00bb, dont b\u00e9n\u00e9ficient les \u00e9glises depuis des si\u00e8cles.<\/p>\n<p>\u00abUne attaque contre une \u00c9glise est une attaque contre toutes. Nous ne pouvons rester silencieux alors que les fondements de notre t\u00e9moignage chr\u00e9tien en Terre Sainte sont menac\u00e9s\u00bb, a alert\u00e9 le communiqu\u00e9.\u00a0<\/p>\n<p>Aujourd\u2019hui, les Chr\u00e9tiens ne repr\u00e9sentent qu\u2019environ 1 \u00e0 2% de la population de J\u00e9rusalem. La majorit\u00e9 appartient aux \u00e9glises orthodoxes (grecque, arm\u00e9nienne, syriaque, copte), tandis que le reste est form\u00e9 de catholiques et de protestants.<\/p>\n<\/div>\n<p><br \/>\n<br \/><a href=\"https:\/\/francais.rt.com\/international\/117123-dirigeants-chretiens-condamnent-saisie-terres\" target=\"_blank\"\">Source link <\/a><\/p>\n","protected":false},"excerpt":{"rendered":"<p>Dans une lettre adress\u00e9e \u00e0 Benjamin Netanyahou, les patriarches et chefs des \u00e9glises locales de J\u00e9rusalem s&rsquo;insurgent contre les mesures isra\u00e9liennes prises \u00e0 l&rsquo;encontre du patriarcat arm\u00e9nien. Un ordre de&hellip; <\/p>\n","protected":false},"author":1,"featured_media":3067,"comment_status":"open","ping_status":"open","sticky":false,"template":"","format":"standard","meta":{"footnotes":""},"categories":[1],"tags":[],"class_list":["post-3066","post","type-post","status-publish","format-standard","has-post-thumbnail","hentry","category-non-classe"],"_links":{"self":[{"href":"https:\/\/monde25.info\/index.php\/wp-json\/wp\/v2\/posts\/3066","targetHints":{"allow":["GET"]}}],"collection":[{"href":"https:\/\/monde25.info\/index.php\/wp-json\/wp\/v2\/posts"}],"about":[{"href":"https:\/\/monde25.info\/index.php\/wp-json\/wp\/v2\/types\/post"}],"author":[{"embeddable":true,"href":"https:\/\/monde25.info\/index.php\/wp-json\/wp\/v2\/users\/1"}],"replies":[{"embeddable":true,"href":"https:\/\/monde25.info\/index.php\/wp-json\/wp\/v2\/comments?post=3066"}],"version-history":[{"count":0,"href":"https:\/\/monde25.info\/index.php\/wp-json\/wp\/v2\/posts\/3066\/revisions"}],"wp:featuredmedia":[{"embeddable":true,"href":"https:\/\/monde25.info\/index.php\/wp-json\/wp\/v2\/media\/3067"}],"wp:attachment":[{"href":"https:\/\/monde25.info\/index.php\/wp-json\/wp\/v2\/media?parent=3066"}],"wp:term":[{"taxonomy":"category","embeddable":true,"href":"https:\/\/monde25.info\/index.php\/wp-json\/wp\/v2\/categories?post=3066"},{"taxonomy":"post_tag","embeddable":true,"href":"https:\/\/monde25.info\/index.php\/wp-json\/wp\/v2\/tags?post=3066"}],"curies":[{"name":"wp","href":"https:\/\/api.w.org\/{rel}","templated":true}]}}