{"id":3072,"date":"2025-02-21T16:14:10","date_gmt":"2025-02-21T15:14:10","guid":{"rendered":"https:\/\/monde25.info\/index.php\/2025\/02\/21\/17-20-par-gregory-rzepski-le-monde-diplomatique-mars-2023\/"},"modified":"2025-02-21T16:14:10","modified_gmt":"2025-02-21T15:14:10","slug":"17-20-par-gregory-rzepski-le-monde-diplomatique-mars-2023","status":"publish","type":"post","link":"https:\/\/monde25.info\/index.php\/2025\/02\/21\/17-20-par-gregory-rzepski-le-monde-diplomatique-mars-2023\/","title":{"rendered":"17\/20, par Gr\u00e9gory Rzepski (Le Monde diplomatique, mars 2023)"},"content":{"rendered":"<p> <br \/>\n<\/p>\n<div couleurfade=\"fde9e5\" couleurclaire=\"f5e7d5\" couleurpale=\"f3d0a4\" couleurmi=\"be2e0d\" couleurfoncee=\"8e220a\" couleursombre=\"2f0b03\" couleurfond=\"7b554c\" couleurtexte=\"ffffff\">\n<div class=\"spip_documents spip_documents_right\">\n\t\t\t\t\t\t\t<img decoding=\"async\" src=\"https:\/\/www.monde-diplomatique.fr\/\/squelettes\/images\/cavalier.png\" alt=\"\" width=\"250\" height=\"161px\"\/>\n\t\t\t\t\t\t<\/div>\n<p><span class=\"mot-lettrine\"><span class=\"lettrine\"><span class=\"guillemet\">\u00ab<\/span>P<\/span>ourquoi<\/span>, au regard des enjeux de finances publiques, r\u00e9former les retraites<small class=\"fine\">\u00a0<\/small>?<small class=\"fine\">\u00a0<\/small>\u00bb En 2022, les candidats au concours d\u2019entr\u00e9e \u00e0 l\u2019Institut national du service public (INSP), l\u2019ancienne \u00c9cole nationale d\u2019administration (ENA), devaient r\u00e9pondre \u00e0 une question d\u2019actualit\u00e9. Le site de l\u2019\u00e9cole a mis en ligne <a target=\"_blank\" href=\"https:\/\/insp.gouv.fr\/sites\/default\/files\/2023-02\/CE%20-%20Meilleure%20copie%20Finances%20publiques%20-%202022.pdf\" class=\"spip_out\" rel=\"external\">la meilleure copie<\/a>. On admirera son savoir-faire\u00a0: trois heures seulement pour composer<small class=\"fine\">\u00a0<\/small>; il faut rassembler ses id\u00e9es, privil\u00e9gier les mots-cl\u00e9s. Qui dit <i>\u00ab<small class=\"fine\">\u00a0<\/small>vieillissement de la population<small class=\"fine\">\u00a0<\/small>\u00bb<\/i> dit <i>\u00ab<small class=\"fine\">\u00a0<\/small>d\u00e9gradation du ratio actifs\/retrait\u00e9s<small class=\"fine\">\u00a0<\/small>\u00bb,<\/i> dit <i>\u00ab<small class=\"fine\">\u00a0<\/small>soutenabilit\u00e9 du r\u00e9gime<small class=\"fine\">\u00a0<\/small>\u00bb<\/i>\u2026<\/p>\n<p>Poser la probl\u00e9matique<small class=\"fine\">\u00a0<\/small>? Facile, des mois, des ann\u00e9es qu\u2019on le lit ou qu\u2019on l\u2019entend\u00a0: <i>\u00ab<small class=\"fine\">\u00a0<\/small>une hausse de l\u2019\u00e2ge minimal de d\u00e9part \u00e0 la retraite, une modification du calcul de la pension en prenant en compte tous les semestres ou une diminution des pensions pourraient \u00eatre envisag\u00e9es<small class=\"fine\">\u00a0<\/small>\u00bb.<\/i> Le plan, comme d\u2019habitude\u00a0: bilan, perspectives. Et toujours du balancement circonspect\u00a0: si <i>\u00ab<small class=\"fine\">\u00a0<\/small>plusieurs leviers de r\u00e9forme sont envisageables<small class=\"fine\">\u00a0<\/small>\u00bb, \u00ab<small class=\"fine\">\u00a0<\/small>une hausse de la capitalisation participerait d\u2019une augmentation des in\u00e9galit\u00e9s<small class=\"fine\">\u00a0<\/small>\u00bb.<\/i> De l\u2019humanisme aussi. Un futur d\u00e9cideur ne n\u00e9glige ni la sant\u00e9 des <i>\u00ab<small class=\"fine\">\u00a0<\/small>seniors<small class=\"fine\">\u00a0<\/small>\u00bb,<\/i> ni le \u00ab<small class=\"fine\">\u00a0<\/small>trou<small class=\"fine\">\u00a0<\/small>\u00bb de la S\u00e9curit\u00e9 sociale<small class=\"fine\">\u00a0<\/small>; <i>\u00ab<small class=\"fine\">\u00a0<\/small>allonger la dur\u00e9e de cotisation n\u00e9cessite une meilleure pr\u00e9vention<\/i> (\u2026) <i>afin d\u2019\u00e9viter une hausse des accidents du travail et maladies professionnelles qui p\u00e8seraient<small class=\"fine\">\u00a0<\/small>\u00bb<\/i> sur les comptes sociaux.<\/p>\n<p>Il est grand temps de r\u00e9diger. Trois cents mots de vocabulaire font l\u2019affaire\u00a0: un <i>\u00ab<small class=\"fine\">\u00a0<\/small>syst\u00e8me<small class=\"fine\">\u00a0<\/small>\u00bb<\/i> et ses <i>\u00ab<small class=\"fine\">\u00a0<\/small>enjeux<small class=\"fine\">\u00a0<\/small>\u00bb, \u00ab<small class=\"fine\">\u00a0<\/small>complexes<small class=\"fine\">\u00a0<\/small>\u00bb<\/i> ou <i>\u00ab<small class=\"fine\">\u00a0<\/small>connexes<small class=\"fine\">\u00a0<\/small>\u00bb,<\/i> des <i>\u00ab<small class=\"fine\">\u00a0<\/small>mesures<small class=\"fine\">\u00a0<\/small>\u00bb<\/i> pour un <i>\u00ab<small class=\"fine\">\u00a0<\/small>retour \u00e0 l\u2019\u00e9quilibre \u00e0 horizon\u00a02070<small class=\"fine\">\u00a0<\/small>\u00bb.<\/i> Ne reste plus qu\u2019\u00e0 conclure. La r\u00e9forme est <i>\u00ab<small class=\"fine\">\u00a0<\/small>n\u00e9cessaire pour r\u00e9pondre aux enjeux de soutenabilit\u00e9, \u00e9galit\u00e9 et lisibilit\u00e9 des finances publiques dans un contexte d\u00e9grad\u00e9 des finances des administrations publiques, l\u2019endettement atteignant 114,5<small class=\"fine\">\u00a0<\/small>% du PIB<\/i> [produit int\u00e9rieur brut] <i>et plus de 2\u00a0900\u00a0milliards d\u2019euros<small class=\"fine\">\u00a0<\/small>\u00bb.<\/i> Point final.<\/p>\n<p>C\u2019est froid. C\u2019est mal \u00e9crit. 17\/20 bien entendu.<\/p>\n<\/p><\/div>\n<p><br \/>\n<br \/><a href=\"https:\/\/www.monde-diplomatique.fr\/2023\/03\/RZEPSKI\/65558\" target=\"_blank\"\">Source link <\/a><\/p>\n","protected":false},"excerpt":{"rendered":"<p>\u00abPourquoi, au regard des enjeux de finances publiques, r\u00e9former les retraites\u00a0?\u00a0\u00bb En 2022, les candidats au concours d\u2019entr\u00e9e \u00e0 l\u2019Institut national du service public (INSP), l\u2019ancienne \u00c9cole nationale d\u2019administration (ENA),&hellip; <\/p>\n","protected":false},"author":1,"featured_media":3073,"comment_status":"open","ping_status":"open","sticky":false,"template":"","format":"standard","meta":{"footnotes":""},"categories":[1],"tags":[],"class_list":["post-3072","post","type-post","status-publish","format-standard","has-post-thumbnail","hentry","category-non-classe"],"_links":{"self":[{"href":"https:\/\/monde25.info\/index.php\/wp-json\/wp\/v2\/posts\/3072","targetHints":{"allow":["GET"]}}],"collection":[{"href":"https:\/\/monde25.info\/index.php\/wp-json\/wp\/v2\/posts"}],"about":[{"href":"https:\/\/monde25.info\/index.php\/wp-json\/wp\/v2\/types\/post"}],"author":[{"embeddable":true,"href":"https:\/\/monde25.info\/index.php\/wp-json\/wp\/v2\/users\/1"}],"replies":[{"embeddable":true,"href":"https:\/\/monde25.info\/index.php\/wp-json\/wp\/v2\/comments?post=3072"}],"version-history":[{"count":0,"href":"https:\/\/monde25.info\/index.php\/wp-json\/wp\/v2\/posts\/3072\/revisions"}],"wp:featuredmedia":[{"embeddable":true,"href":"https:\/\/monde25.info\/index.php\/wp-json\/wp\/v2\/media\/3073"}],"wp:attachment":[{"href":"https:\/\/monde25.info\/index.php\/wp-json\/wp\/v2\/media?parent=3072"}],"wp:term":[{"taxonomy":"category","embeddable":true,"href":"https:\/\/monde25.info\/index.php\/wp-json\/wp\/v2\/categories?post=3072"},{"taxonomy":"post_tag","embeddable":true,"href":"https:\/\/monde25.info\/index.php\/wp-json\/wp\/v2\/tags?post=3072"}],"curies":[{"name":"wp","href":"https:\/\/api.w.org\/{rel}","templated":true}]}}