{"id":3098,"date":"2025-02-22T01:13:37","date_gmt":"2025-02-22T00:13:37","guid":{"rendered":"https:\/\/monde25.info\/index.php\/2025\/02\/22\/un-pour-tous-tous-pourris-en-marche-forcee-direction-lart-16-de-la-constitution\/"},"modified":"2025-02-22T01:13:37","modified_gmt":"2025-02-22T00:13:37","slug":"un-pour-tous-tous-pourris-en-marche-forcee-direction-lart-16-de-la-constitution","status":"publish","type":"post","link":"https:\/\/monde25.info\/index.php\/2025\/02\/22\/un-pour-tous-tous-pourris-en-marche-forcee-direction-lart-16-de-la-constitution\/","title":{"rendered":"\u00ab Un pour tous, tous pourris\u00a0!\u00a0\u00bb En marche (forc\u00e9e) direction l&rsquo;art.16 de la Constitution ?"},"content":{"rendered":"<p> <br \/>\n<\/p>\n<div>\n<p>Aux \u00c9tats-Unis, Kash Patel a \u00e9t\u00e9 confirm\u00e9 hier comme directeur du FBI par un vote au S\u00e9nat (51-49). Cette nomination compl\u00e8te un \u00ab\u00a0hat trick\u00a0\u00bb (coup du chapeau) des mousquetaires tri\u00e9s sur le volet par Donald Trump pour leur volont\u00e9 implacable de rendre sa grandeur \u00e0 l\u2019Am\u00e9rique (avec Elon Musk, Tulsi Gabbard et Robert Kennedy Jr.). Alors qu\u2019outre Atlantique, les incorruptibles s\u2019illustrent par leurs actes pour la transparence, pour les \u00e9conomies budg\u00e9taires dans l\u2019int\u00e9r\u00eat des Am\u00e9ricains, en Macronie, les jours passent et se ressemblent, et c&rsquo;est le r\u00e8gne du \u00ab\u00a0un pour tous, tous pourris\u00a0!\u00a0\u00bb<\/p>\n<p>C&rsquo;est malheureux \u00e0 dire, mais les derniers en date (en attendant les suivants) petits (et grands) arrangements entre amis (tous membres de la \u00ab\u00a0ripoublique\u00a0\u00bb des copains) qui sont intervenus ces deux derni\u00e8res semaines, d\u00e9montrent que l&rsquo;analyse synth\u00e9tique de la classe politique fran\u00e7aise donn\u00e9e par Coluche en 1980, dont j&rsquo;ai repris la conclusion et derni\u00e8re tirade en titre, est toujours pleinement pertinente 45 ans plus tard. (1)<\/p>\n<p>Pire\u00a0! On peut r\u00e9solument affirmer que ces derniers arrangements (non-censure du Gouvernement Bayrou par le PS et le RN, et validation de la nomination de Richard Ferrand au poste de Pr\u00e9sident du Conseil constitutionnel par un RN qui s&rsquo;est abstenu de voter contre) confirment que la pertinence de cette tirade (\u00ab\u00a0<em>Un pour tous, tous pourris\u00a0!<\/em>\u00a0\u00bb) a \u00e9t\u00e9 port\u00e9e \u00e0 son paroxysme sous l&rsquo;\u00e8re Macron. En attendant que la nomination de Philippe Bas \u00e0 ce m\u00eame Conseil constitutionnel vienne une fois de plus illustrer la tirade. Philippe Bas, s\u00e9nateur LR, pactise depuis longtemps avec BigPharma. En aout 2021, il s\u2019est illustr\u00e9 comme <a target=\"_blank\" href=\"https:\/\/www.senat.fr\/cra\/s20210725\/s20210725.pdf\">rapporteur de la commission mixte paritaire (CMP) au S\u00e9nat<\/a>, cette CMP <a target=\"_blank\" href=\"https:\/\/www.francesoir.fr\/politique-france\/projet-de-loi-passe-sanitaire-la-commission-mixte-paritaire-remballe-les-avis-du\">qui ayant remball\u00e9 l\u2019avis du S\u00e9nat, <strong>a vot\u00e9 le passe sanitaire pour les Fran\u00e7ais et l\u2019obligation vaccinale des soignants<\/strong><\/a><strong> <\/strong>sur des donn\u00e9es incompl\u00e8tes de la science et sans vraisemblablement avoir pris connaissance des contrats des vaccins\u00a0! Mais qu\u2019\u00e0 cela ne tienne, \u00ab\u00a0<em>tout est bon pour plaire au roitelet <\/em>\u00bb. Comment faire confiance \u00e0 cette CMP cens\u00e9e arbitrer une d\u00e9cision si importante pour les Fran\u00e7ais venue leur imposer un choix en violation des lois et des conventions internationales sur le consentement libre et \u00e9clair\u00e9e. Alors, il fallait bien remercier le S\u00e9nateur Bas pour son soutien sans faille des actes contraires aux donn\u00e9es de la science, puisque <a target=\"_blank\" href=\"https:\/\/www.francesoir.fr\/videos-les-debriefings\/analyse-des-assertions-scientifiques-demmanuel-macron-par-le-pr-peter\">d\u00e8s le 14 juillet 2021, le Dr McCullough avait d\u00e9mont\u00e9 une \u00e0 une toutes les assertions scientifiques du pr\u00e9sident Macron<\/a>. Ce n\u2019\u00e9tait donc pas de la science.<\/p>\n<p>Et, si cela n&rsquo;\u00e9tait pas triste \u00e0 pleurer, on pourrait consid\u00e9rer que c&rsquo;est \u00ab\u00a0marrant\u00a0\u00bb, qu&rsquo;effectivement \u00ab\u00a0<em>Les hommes politiques sont marrants<\/em>\u00a0\u00bb, et accorder pareillement \u00e0 la premi\u00e8re tirade du sketch (2)\u00a0de parfaitement coller \u00e0 l&rsquo;actualit\u00e9\u00a0:<\/p>\n<blockquote>\n<p>\u00ab\u00a0<em>Encore que je ne pense pas qu&rsquo;ils nous feront un jour autant marrer qu&rsquo;ils nous emmerdent. Alors on se dit, hommes politiques \u00e7a doit \u00eatre un m\u00e9tier difficile.\u00a0C&rsquo;est pas vrai\u00a0! Les \u00e9tudes c&rsquo;est tr\u00e8s simple. Les \u00e9tudes c&rsquo;est 5 ans de droit tout le reste de travers<\/em>.\u00a0\u00bb<\/p>\n<\/blockquote>\n<p>H\u00e9las, elle est on ne peut plus triste, cette collusion politique g\u00e9n\u00e9rale dont je vous ai d\u00e9j\u00e0 parl\u00e9 dans mon \u00e9dito pr\u00e9c\u00e9dent \u00ab <a target=\"_blank\" href=\"https:\/\/www.francesoir.fr\/opinions-editos\/faire-du-journalisme-autrement-c-est-possible\">faire du journalisme autrement, c&rsquo;est possible<\/a>\u00bb et sur laquelle il me faut revenir aujourd&rsquo;hui.<\/p>\n<p>Pourquoi\u00a0? Parce que les deux derniers faits d&rsquo;actualit\u00e9 dont cette collusion politique g\u00e9n\u00e9rale vient d&rsquo;accoucher, sont, premi\u00e8rement le maintien en place d&rsquo;un Gouvernement Bayrou qui est pourtant totalement ill\u00e9gitime au regard du r\u00e9sultat des urnes (\u00e9lections l\u00e9gislatives 2024), et deuxi\u00e8mement la nomination de Richard Ferrand au poste de Pr\u00e9sident du Conseil constitutionnel.<\/p>\n<p>En effet, le maintien du Gouvernement Bayrou permet \u00e0 Emmanuel Macron de poursuivre et m\u00eame\u00a0 d&rsquo;aggraver la politique catastrophique pour la France et les Fran\u00e7ais qu&rsquo;il m\u00e8ne depuis 7 ans et demi.\u00a0<\/p>\n<p>Et la nomination de Richard Ferrand au poste de Pr\u00e9sident du Conseil constitutionnel, est sans doute la filouterie via laquelle Emmanuel Macron va pouvoir donner le dernier coup de fion \u00e0 son \u0153uvre destructrice.<\/p>\n<p>Je m&rsquo;explique.<\/p>\n<p><a target=\"_blank\" href=\"https:\/\/x.com\/yannlbone\/status\/1892321825524224018\"><img decoding=\"async\" data-entity-uuid=\"44e5733d-345a-4dbc-869c-e15f4488a944\" data-entity-type=\"file\" alt=\"Petite tambouille entre amis\" width=\"856\" height=\"439\" loading=\"lazy\" class=\"lazyload\" src=\"https:\/\/www.francesoir.fr\/sites\/default\/files\/inline-images\/Petite%20tambouille%20entre%20amis.png\"\/><\/a><\/p>\n<p>L\u00e9gende : <em>petite tambouille entre ami ?<\/em><\/p>\n<p>Outre le fait avanc\u00e9 selon moi fort \u00e0 propos par bon nombre d&rsquo;observateurs politiques, que la raison pour laquelle, en s&rsquo;abstenant de voter contre, le RN a valid\u00e9 la nomination de Richard Ferrand, demand\u00e9e par Emmanuel Macron, au poste de Pr\u00e9sident du Conseil constitutionnel, serait en fait l&rsquo;accord pass\u00e9 entre Emmanuel Macron et Marine Le Pen. Qu&rsquo;en \u00e9change de cela Richard Ferrand (comme on le dit commun\u00e9ment) \u00ab\u00a0renverra l&rsquo;ascenseur\u00a0\u00bb \u00e0 Marine Le Pen ! \u00c0 savoir que le Conseil constitutionnel, lui, validera la demande d&rsquo;annulation, pour inconstitutionnalit\u00e9, de la d\u00e9cision d\u2019in\u00e9ligibilit\u00e9 pour 3 ans prononc\u00e9e contre elle par le Tribunal correctionnel de Paris, que la Cour d&rsquo;appel de Paris va tr\u00e8s certainement confirmer le 31 mars 2025, \u00e0 savoir trois semaines et demie apr\u00e8s la prise de fonction de Richard Ferrand au Conseil constitutionnel, le 8 mars 2025.<\/p>\n<p>Outre ce fait, vous dis-je, voil\u00e0 ce qui risque fort d&rsquo;arriver avec un Conseil constitutionnel pr\u00e9sid\u00e9 par Richard Ferrand, et qui est d\u00e9sormais compos\u00e9 tr\u00e8s majoritairement de partisans d&rsquo;Emmanuel Macron, ou de personnes qu\u2019Emmanuel Macron tient sous son joug. Qu&rsquo;importe si c&rsquo;est en violation \u00e9vidente des conditions impos\u00e9es par l&rsquo;article 16 de la Constitution, qu&rsquo;Emmanuel Macron d\u00e9cide de recourir \u00e0 cet article\u00a0; article qui conf\u00e8re les pleins pouvoirs au pr\u00e9sident de la R\u00e9publique\u00a0; le Conseil constitutionnel n\u2019aura de cesse, en guise de remerciement, de valider cette d\u00e9cision !<\/p>\n<p>Pardi\u00a0! C&rsquo;est un fait connu de tout le monde\u00a0: Richard Ferrand, qui serait un tricheur et menteur officiel, est un des plus fid\u00e8les soutiens d&rsquo;Emmanuel Macron. Ceci depuis le tout d\u00e9but de son entr\u00e9e en campagne en contribuant \u00e0 la recherche de financement et \u00e0 la mise en lumi\u00e8re quoiqu\u2019il en coute du pr\u00e9tendant au tr\u00f4ne. En cela, dans l&rsquo;exercice ou plus exactement \u00ab\u00a0les s\u00e9vices\u00a0\u00bb de ses fonctions de Pr\u00e9sident du Conseil constitutionnel, c&rsquo;est couru d&rsquo;avance, il aura autant que besoin une \u00ab\u00a0lecture\u00a0\u00bb de la Constitution qui ira dans ce sens. (3)<\/p>\n<p>Eh oui\u00a0! La d\u00e9fiance et le m\u00e9contentement du peuple contre la caste politique tout enti\u00e8re, et contre Emmanuel Macron tout particuli\u00e8rement, sont parvenus \u00e0 un niveau tellement haut, que dor\u00e9navant la collusion politique g\u00e9n\u00e9rale ne peut pas suffire en elle-m\u00eame pour permettre \u00e0 Emmanuel Macron de finaliser son funeste au possible \u00ab\u00a0Parce que c&rsquo;est notre projet\u00a0!\u00a0\u00bb pour la France et les Fran\u00e7ais, sans que ceux-ci ne se r\u00e9voltent. Prennent les armes contre lui. Il faut donc \u00e0 Emmanuel Macron, qu&rsquo;il fasse en sorte qu&rsquo;ils les prennent contre quelqu&rsquo;un d&rsquo;autre. <strong>Un ennemi invent\u00e9 ah hoc, et invoqu\u00e9 fallacieusement comme un danger mortel pour le pays et pour ses habitants<\/strong>. \u00ab\u00a0<a target=\"_blank\" href=\"https:\/\/www.francesoir.fr\/opinions-editos\/objectif-guerre-mais-laquelle\">Objectif guerre oui mais laquelle\u00a0?<\/a>\u00a0\u00bb avais-je \u00e9crit en octobre 2022, en ce qui s\u2019apparentait \u00e0 une <a target=\"_blank\" href=\"https:\/\/www.francesoir.fr\/opinions-editos\/la-guerre-des-mots\">Guerre des mots<\/a>, une rh\u00e9torique guerri\u00e8re \u00e0 laquelle il fallait un ennemi. Et, un ennemi contre lequel d\u00e8s lors la France se doit d&rsquo;entrer en guerre, pour sauver la R\u00e9publique, sauver la d\u00e9mocratie.<\/p>\n<p>Et quel est ce faux ennemi invent\u00e9 par la macronie\u00a0? La Russie.<\/p>\n<p><img decoding=\"async\" data-entity-uuid=\"466c8574-5201-44bb-a2cf-e197c1196762\" data-entity-type=\"file\" alt=\"Menace russe....\" width=\"612\" height=\"702\" loading=\"lazy\" class=\"lazyload\" src=\"https:\/\/www.francesoir.fr\/sites\/default\/files\/inline-images\/Macron%20d%C3%A9nonce%20la%20menace%20russe.png\"\/><\/p>\n<p>\u00a0<\/p>\n<p>Diable\u00a0! Pourquoi croyez-vous que la macronie attise le risque de guerre contre la Russie, si ce n&rsquo;est pour g\u00e9n\u00e9rer artificiellement une menace qui justifierait le recours \u00e0 l&rsquo;article 16 de la Constitution par Emmanuel Macron\u00a0? Une menace 100% bidon en r\u00e9alit\u00e9, mais dont Emmanuel Macron se sert, avons-nous appris ce jeudi 20 f\u00e9vrier 2025\u00a0pour justifier similairement, de mani\u00e8re fallacieuse, d&rsquo;\u00ab\u00a0utiliser l&rsquo;\u00e9pargne des fran\u00e7ais\u00a0\u00bb pour aider les entreprises de la d\u00e9fense \u00e0 se financer. Je traduis\u00a0: \u00ab\u00a0voler l&rsquo;argent des Fran\u00e7ais.\u00a0\u00bb Leur voler l&rsquo;argent que la politique men\u00e9e par Emmanuel Macron depuis sept ans et demi n&rsquo;a pas d\u00e9j\u00e0 transf\u00e9r\u00e9, du patrimoine des 68 millions de Fran\u00e7ais les moins riches que nous sommes, nous \u00ab\u00a0les gueux\u00a0\u00bb, au patrimoine des 6 ou 8 Fran\u00e7ais les plus riches. La petite dizaine de milliardaires, grands patrons du CAC40 qui ont port\u00e9 Emmanuel Macron au pouvoir en 2017, pr\u00e9cis\u00e9ment pour nous d\u00e9pouiller. Nous d\u00e9pouiller de tout. J&rsquo;entends par l\u00e0 pour que ce transfert de richesses op\u00e9r\u00e9 \u00e0 leur profit, intervienne \u00e0 hauteur de tout ce que nous, citoyens de base, actifs et retrait\u00e9s, artisans, commer\u00e7ants, travailleurs ind\u00e9pendants autres et patrons de PME, nous poss\u00e9dions avant qu&rsquo;Emmanuel Macron ne fut port\u00e9, au pouvoir, en 2017.<\/p>\n<p>L&rsquo;information a \u00e9t\u00e9 confirm\u00e9e par Thomas Goussilloud, d\u00e9put\u00e9 \u00ab\u00a0Ensemble pour la R\u00e9publique\u00a0\u00bb\u00a0:<\/p>\n<blockquote>\n<p>\u00ab\u00a0<em>Effectivement, on l&rsquo;a propos\u00e9 par voie l\u00e9gislative, notamment dans le cadre de la loi de programmation militaire. Aujourd&rsquo;hui le Gouvernement a pris la balle au bond, et S\u00e9bastien Lecornu et \u00c9ric Lombard feront sans doute des annonces, \u00e0 la fois coordonn\u00e9es, Bercy et ministre des Arm\u00e9es, sans doute dans les derni\u00e8res semaines<\/em>.\u00a0\u00bb<\/p>\n<\/blockquote>\n<p>Quant \u00e0 Emmanuel Macron, il a ajout\u00e9 ceci \u00e0 ce sujet\u00a0:<\/p>\n<blockquote>\n<p>\u00ab\u00a0<em>Je l&rsquo;ai dit quand j&rsquo;ai re\u00e7u le Pr\u00e9sident Zelensky, on doit aujourd&rsquo;hui (\u00e9tablir) comment cr\u00e9dibiliser le fait que <strong>la Russie ne peut pas gagner en Ukraine<\/strong>, et que maintenant <strong>elle a d\u00e9cid\u00e9 de nous attaquer nous-m\u00eames<\/strong><\/em><strong>.<\/strong>\u00a0\u00bb<\/p>\n<\/blockquote>\n<p>Comme le Conseil constitutionnel, pr\u00e9sid\u00e9 par Richard Ferrand (\u00e0 compter du 8 mars 2025) est d\u00e9sormais totalement \u00e0 la botte d&rsquo;Emmanuel Macron, cette menace d&rsquo;une attaque de la France par la Russie a beau \u00eatre 100\u2009% bidon, le Conseil constitutionnel validera la d\u00e9cision qu&rsquo;Emmanuel Macron va prendre, recourir \u00e0 l&rsquo;article 16 de la Constitution, au pr\u00e9texte de cette menace 100 % bidon. Y recourir pour finaliser, son funeste \u00ab\u00a0Parce que c&rsquo;est notre projet\u00a0!\u00a0\u00bb, sans risque qu&rsquo;une contestation populaire puisse s&rsquo;y opposer. \u00c0 savoir en la r\u00e9primant dans le sang si n\u00e9cessaire, et sans passer pour le despote qu&rsquo;il est. Au contraire. Si le recours \u00e0 l&rsquo;article 16 de la Constitution s&rsquo;appuie officiellement sur la d\u00e9fense de la patrie, qu&rsquo;importe le nombre de citoyens fran\u00e7ais opposants \u00e0 cette folie, manifestant \u00e0 ce titre dans la rue et impliqu\u00e9s ailleurs, qui pourraient \u00eatre les victimes de la police, les m\u00e9dias fran\u00e7ais acolytes d&rsquo;Emmanuel Macron qu&rsquo;ils sont en \u00e9change de subventions substantielles, le feront faussement passer pour un h\u00e9ros.<\/p>\n<p>Un de Gaulle invers\u00e9 en l&rsquo;occurrence. Car contrairement \u00e0 un Emmanuel Macron, \u00ab\u00a0Jupiter 1<sup>er<\/sup>\u00a0\u00bb\u00a0 qui se r\u00eave en Pr\u00e9sident, Empereur de l&rsquo;Europe des va-t-en-guerre contre la Russie, de Gaulle, lui, s&rsquo;est oppos\u00e9 au projet de Communaut\u00e9 europ\u00e9enne de d\u00e9fense, le \u00ab\u00a0Parce que c&rsquo;est notre projet\u00a0!\u00a0\u00bb de <a target=\"_blank\" href=\"https:\/\/fresques.ina.fr\/de-gaulle\/parcours\/0004\/de-gaulle-et-l-europe.html\">l&rsquo;\u00e9poque (dans les ann\u00e9es 50) qui lui aussi \u00e9tait d&rsquo;inspiration supranationaliste<\/a>.<\/p>\n<p>\u00c0 cet \u00e9gard, saluons la tentative en cours, de construire la paix en Ukraine \u00e0 laquelle se sont attabl\u00e9s Donald Trump et Vladimir Poutine. Si cette tentative est r\u00e9ussie, Emmanuel Macron devra trouver autre chose que la guerre contre la Russie qu&rsquo;il manigance en coulisses, pour pouvoir recourir \u00e0 l&rsquo;article 16 de la Constitution.<\/p>\n<p>Plus ils avancent, plus il recule, Macron, dans sa tentative, lui, de mystification d&rsquo;une \u00e9ni\u00e8me violation de la Constitution.<br \/>\u00a0<\/p>\n<blockquote>\n<p>Aussi, voici le message personnel que j&rsquo;adresse ici \u00e0 ces deux messieurs, en guise de conclusion\u00a0:<\/p>\n<p>\u00ab\u00a0Merci Donald\u00a0! Merci Vladimir\u00a0!\u00a0\u00bb<\/p>\n<\/blockquote>\n<p>1) texte int\u00e9gral de la tirade \u00ab\u00a0<em>Parce que les quatre leaders des grandes formations politiques fran\u00e7aises ne sont pas les uns contre les autres, mais bien unis, comme les trois mousquetaires des cinq doigts de la main\u00a0: un pour tous tous pourris\u00a0<\/em>!\u00a0\u00bb<\/p>\n<p>2) titre du sketch de Coluche\u00a0: <a target=\"_blank\" href=\"https:\/\/youtu.be\/scik5f-SIdc\">\u00ab\u00a0<em><strong>Votez nul\u00a0!<\/strong><\/em>\u00a0\u00bb<\/a><\/p>\n<p class=\"text-align-center\"><iframe loading=\"lazy\" title=\"Coluche - Votez nul (Audio)\" width=\"1110\" height=\"624\" src=\"https:\/\/www.youtube.com\/embed\/scik5f-SIdc?feature=oembed\" frameborder=\"0\" allow=\"accelerometer; autoplay; clipboard-write; encrypted-media; gyroscope; picture-in-picture; web-share\" referrerpolicy=\"strict-origin-when-cross-origin\" allowfullscreen><\/iframe><\/p>\n<p>3) Richard Ferrand \u00ab\u00a0tricheur et menteur officiel\u00a0\u00bb, dans ces deux vid\u00e9os-ci figurent des \u00e9l\u00e9ments qui en attestent incontestablement\u00a0:<\/p>\n<p><a target=\"_blank\" href=\"https:\/\/youtu.be\/35opVUw941I?si=0xphR9jF1JH0j-Ea\">Richard Ferrand passe\u2026 gr\u00e2ce au RN ? Les gens p\u00e8tent les plombs ! On se fout de nous ?<\/a><\/p>\n<p>Cette video fait \u00e9tat du mensonge public dont Richard Ferrand s&rsquo;est rendu coupable sous serment devant la Commission d&rsquo;investiture de l&rsquo;Assembl\u00e9e nationale\u00a0: avoir affirm\u00e9 que jamais il n&rsquo;a milit\u00e9 pour un troisi\u00e8me mandat d&rsquo;Emmanuel Macron.<\/p>\n<p class=\"text-align-center\"><iframe loading=\"lazy\" title=\"Richard Ferrand passe\u2026 gr\u00e2ce au RN ? Les gens p\u00e8tent les plombs ! On se fout de nous ?\" width=\"1110\" height=\"624\" src=\"https:\/\/www.youtube.com\/embed\/35opVUw941I?feature=oembed\" frameborder=\"0\" allow=\"accelerometer; autoplay; clipboard-write; encrypted-media; gyroscope; picture-in-picture; web-share\" referrerpolicy=\"strict-origin-when-cross-origin\" allowfullscreen><\/iframe><\/p>\n<p><a target=\"_blank\" href=\"https:\/\/youtu.be\/FbcHB53_3-Y?si=_jjDr2QXjcrOOAG4\">Richard Ferrand accus\u00e9 d&rsquo;avoir fauss\u00e9 un vote sur la PMA<\/a><\/p>\n<p>La deuxi\u00e8me relate la tricherie \u00e9galement publique \u00e0 laquelle Richard Ferrand s&rsquo;est livr\u00e9, tandis qu&rsquo;il \u00e9tait Pr\u00e9sident de l&rsquo;Assembl\u00e9e nationale\u00a0: avoir d\u00e9clar\u00e9 \u00ab\u00a0adopt\u00e9\u00a0\u00bb un amendement macronien qui pourtant avait \u00e9t\u00e9 rejet\u00e9 par les d\u00e9put\u00e9s lors du vote \u00e0 main lev\u00e9e qui s&rsquo;est tenu \u00e0 cette occasion, comme on peut le voir dans cette s\u00e9quence.<\/p>\n<p class=\"text-align-center\"><iframe loading=\"lazy\" title=\"Richard Ferrand accus\u00e9 d&#039;avoir fauss\u00e9 un vote sur la PMA\" width=\"1110\" height=\"624\" src=\"https:\/\/www.youtube.com\/embed\/FbcHB53_3-Y?feature=oembed\" frameborder=\"0\" allow=\"accelerometer; autoplay; clipboard-write; encrypted-media; gyroscope; picture-in-picture; web-share\" referrerpolicy=\"strict-origin-when-cross-origin\" allowfullscreen><\/iframe><\/p>\n<p>D&rsquo;ailleurs, m\u00eame France-Soir en avait parl\u00e9 !\u00a0<\/p>\n<p><img decoding=\"async\" data-entity-uuid=\"eb6f6f85-d083-40ef-a256-b17815822baa\" data-entity-type=\"file\" alt=\"Ferrand veut modifier la constitution\" width=\"605\" height=\"724\" loading=\"lazy\" class=\"lazyload\" src=\"https:\/\/www.francesoir.fr\/sites\/default\/files\/inline-images\/Ferrand%20veut%20modifier%20la%20constitution.png\"\/><\/div>\n<p><script>(function(d, s, id) {  var js, fjs = d.getElementsByTagName(s)[0];  if (d.getElementById(id)) return;  js = d.createElement(s); js.id = id;  js.src = \"\/\/connect.facebook.net\/fr_FR\/sdk.js#xfbml=1&version=v2.3\";  fjs.parentNode.insertBefore(js, fjs);}(document, \"script\", \"facebook-jssdk\"));<\/script><br \/>\n<br \/><br \/>\n<br \/><a href=\"https:\/\/www.francesoir.fr\/opinions-editos\/un-pour-tous-tous-pourris-en-marche-forcee-direction-l-article-16-de-la\" target=\"_blank\"\">Source link <\/a><\/p>\n","protected":false},"excerpt":{"rendered":"<p>Aux \u00c9tats-Unis, Kash Patel a \u00e9t\u00e9 confirm\u00e9 hier comme directeur du FBI par un vote au S\u00e9nat (51-49). Cette nomination compl\u00e8te un \u00ab\u00a0hat trick\u00a0\u00bb (coup du chapeau) des mousquetaires tri\u00e9s&hellip; <\/p>\n","protected":false},"author":1,"featured_media":3099,"comment_status":"open","ping_status":"open","sticky":false,"template":"","format":"standard","meta":{"footnotes":""},"categories":[1],"tags":[],"class_list":["post-3098","post","type-post","status-publish","format-standard","has-post-thumbnail","hentry","category-non-classe"],"_links":{"self":[{"href":"https:\/\/monde25.info\/index.php\/wp-json\/wp\/v2\/posts\/3098","targetHints":{"allow":["GET"]}}],"collection":[{"href":"https:\/\/monde25.info\/index.php\/wp-json\/wp\/v2\/posts"}],"about":[{"href":"https:\/\/monde25.info\/index.php\/wp-json\/wp\/v2\/types\/post"}],"author":[{"embeddable":true,"href":"https:\/\/monde25.info\/index.php\/wp-json\/wp\/v2\/users\/1"}],"replies":[{"embeddable":true,"href":"https:\/\/monde25.info\/index.php\/wp-json\/wp\/v2\/comments?post=3098"}],"version-history":[{"count":0,"href":"https:\/\/monde25.info\/index.php\/wp-json\/wp\/v2\/posts\/3098\/revisions"}],"wp:featuredmedia":[{"embeddable":true,"href":"https:\/\/monde25.info\/index.php\/wp-json\/wp\/v2\/media\/3099"}],"wp:attachment":[{"href":"https:\/\/monde25.info\/index.php\/wp-json\/wp\/v2\/media?parent=3098"}],"wp:term":[{"taxonomy":"category","embeddable":true,"href":"https:\/\/monde25.info\/index.php\/wp-json\/wp\/v2\/categories?post=3098"},{"taxonomy":"post_tag","embeddable":true,"href":"https:\/\/monde25.info\/index.php\/wp-json\/wp\/v2\/tags?post=3098"}],"curies":[{"name":"wp","href":"https:\/\/api.w.org\/{rel}","templated":true}]}}