{"id":3102,"date":"2025-02-22T02:20:27","date_gmt":"2025-02-22T01:20:27","guid":{"rendered":"https:\/\/monde25.info\/index.php\/2025\/02\/22\/macron-sexprime-sur-lukraine-et-suscite-de-nombreuses-moqueries-rt-en-francais\/"},"modified":"2025-02-22T02:20:27","modified_gmt":"2025-02-22T01:20:27","slug":"macron-sexprime-sur-lukraine-et-suscite-de-nombreuses-moqueries-rt-en-francais","status":"publish","type":"post","link":"https:\/\/monde25.info\/index.php\/2025\/02\/22\/macron-sexprime-sur-lukraine-et-suscite-de-nombreuses-moqueries-rt-en-francais\/","title":{"rendered":"Macron s\u2019exprime sur l\u2019Ukraine et suscite de nombreuses moqueries \u2014 RT en fran\u00e7ais"},"content":{"rendered":"<p> <br \/>\n<br \/><img decoding=\"async\" src=\"https:\/\/mf.b37mrtl.ru\/french\/images\/2025.02\/thumbnail\/67b839ea87f3ec36482ab95c.jpg\" \/><\/p>\n<div>\n<p class=\"text__summary\">\n                                        Emmanuel Macron s\u2019est exprim\u00e9 le 20 f\u00e9vrier sur ses r\u00e9seaux sociaux \u00e0 propos du conflit en Ukraine. La mise en sc\u00e8ne et le contenu du message d\u00e9livr\u00e9 par le pr\u00e9sident fran\u00e7ais ont suscit\u00e9 de nombreuses moqueries chez les internautes.\n                                    <\/p>\n<p>\u00ab#MacronD\u00e9mission\u00bb, c\u2019est la tendance observ\u00e9e sur le r\u00e9seau social X quelques heures apr\u00e8s la prise de parole du pr\u00e9sident fran\u00e7ais sur ce m\u00eame r\u00e9seau, le\u00a020 f\u00e9vrier en d\u00e9but de soir\u00e9e.<\/p>\n<p>Le chef de l\u2019\u00c9tat fran\u00e7ais a \u00e9t\u00e9 particuli\u00e8rement raill\u00e9 lorsqu\u2019il a confi\u00e9 ce qu\u2019il avait l&rsquo;intention de dire \u00e0 son homologue am\u00e9ricain, qu\u2019il doit rencontrer le 24 f\u00e9vrier \u00e0 Washington : \u00abje lui dirai : tu ne peux pas \u00eatre faible face \u00e0 Poutine !\u00bb. Le compte tr\u00e8s suivi du militant de gauche <a target=\"_blank\" href=\"https:\/\/x.com\/realmarcel1\/status\/1892641950731214944\">Marcel Aiphan<\/a> a ironis\u00e9 sur le \u00abMozart de la diplomatie\u00bb.<\/p>\n<p>Aux moqueries des internautes se sont ajout\u00e9es quelques critiques de personnalit\u00e9s politiques souverainistes.<\/p>\n<h2>\u00abNarcisse\u00bb, \u00abfolie\u00bb, le pr\u00e9sident fran\u00e7ais chahut\u00e9 sur les r\u00e9seaux sociaux<\/h2>\n<p>\u00ab<a target=\"_blank\" href=\"https:\/\/x.com\/CParents04\/status\/1892848317467422944\">Narcisse parle \u00e0 vos enfants sur Instagram<\/a>\u00bb, a ainsi critiqu\u00e9 un internaute sur le r\u00e9seau social X, relayant un passage o\u00f9 Emmanuel Macron appelle les\u00a0Fran\u00e7ais qui le souhaitent\u00a0\u00e0 s\u2019investir dans la r\u00e9serve. Un autre a ironis\u00e9 sur \u00ab<a target=\"_blank\" href=\"https:\/\/x.com\/FredGaulois\/status\/1892654651859992849\">la taille de la table<\/a>\u00bb qui attend le pr\u00e9sident fran\u00e7ais \u00e0 Washington, en r\u00e9f\u00e9rence \u00e0 la longue table qui le s\u00e9parait de Vladimir Poutine lors d\u2019une rencontre \u00e0 Moscou d\u00e9but 2022.<\/p>\n<p>L\u2019ancien Gilet Jaune J\u00e9r\u00f4me Rodrigues a, de son c\u00f4t\u00e9, moqu\u00e9 la pr\u00e9sentation d\u2019une carte de l\u2019Ukraine par le pr\u00e9sident fran\u00e7ais, apparaissant \u00e0 l&rsquo;envers. \u00abQuand tu sais pas g\u00e9rer le \u00ab\u00a0FaceCam\u00a0\u00bb sur un live\u00bb a-t-il comment\u00e9, et d&rsquo;ajouter que \u00ab<a target=\"_blank\" href=\"https:\/\/x.com\/J_Rodrigues_Off\/status\/1892657563562373199\">la Russie est pass\u00e9e \u00e0 l\u2019Ouest\u00a0!<\/a>\u00bb.<\/p>\n<p>Aux critiques des internautes se sont ajout\u00e9es celles de meneurs souverainistes. Ainsi, l\u2019ancien eurod\u00e9put\u00e9 <a target=\"_blank\" href=\"https:\/\/x.com\/f_philippot\/status\/1892642982156697666\">Florian Philippot<\/a>, pr\u00e9sident des Patriotes, a r\u00e9agi \u00e0 l\u2019hypoth\u00e8se de l\u2019envoi de troupes fran\u00e7aises en Ukraine en commentant : \u00abFolie. L\u2019heure est \u00e0 la paix ! Nos soldats doivent rester \u00e0 la maison !\u00bb.<\/p>\n<p>\u00abMacron doit \u00eatre destitu\u00e9\u00bb a d\u00e9plor\u00e9, de son c\u00f4t\u00e9, le pr\u00e9sident de l\u2019Union populaire r\u00e9publicaine\u00a0<a target=\"_blank\" href=\"https:\/\/x.com\/f_asselineau\/status\/1892657323044200548\">Fran\u00e7ois Asselineau<\/a>. Le reste de la classe politique est rest\u00e9 tr\u00e8s discret sur cette intervention pr\u00e9sidentielle, alors que le chef de l\u2019\u00c9tat avait re\u00e7u les chefs des partis disposant d\u2019une repr\u00e9sentation parlementaire le matin m\u00eame \u00e0 l\u2019\u00c9lys\u00e9e.<\/p>\n<\/div>\n<p><br \/>\n<br \/><a href=\"https:\/\/francais.rt.com\/france\/117118-emmanuel-macron-exprime-ukraine-moqueries\" target=\"_blank\"\">Source link <\/a><\/p>\n","protected":false},"excerpt":{"rendered":"<p>Emmanuel Macron s\u2019est exprim\u00e9 le 20 f\u00e9vrier sur ses r\u00e9seaux sociaux \u00e0 propos du conflit en Ukraine. La mise en sc\u00e8ne et le contenu du message d\u00e9livr\u00e9 par le pr\u00e9sident&hellip; <\/p>\n","protected":false},"author":1,"featured_media":3103,"comment_status":"open","ping_status":"open","sticky":false,"template":"","format":"standard","meta":{"footnotes":""},"categories":[1],"tags":[],"class_list":["post-3102","post","type-post","status-publish","format-standard","has-post-thumbnail","hentry","category-non-classe"],"_links":{"self":[{"href":"https:\/\/monde25.info\/index.php\/wp-json\/wp\/v2\/posts\/3102","targetHints":{"allow":["GET"]}}],"collection":[{"href":"https:\/\/monde25.info\/index.php\/wp-json\/wp\/v2\/posts"}],"about":[{"href":"https:\/\/monde25.info\/index.php\/wp-json\/wp\/v2\/types\/post"}],"author":[{"embeddable":true,"href":"https:\/\/monde25.info\/index.php\/wp-json\/wp\/v2\/users\/1"}],"replies":[{"embeddable":true,"href":"https:\/\/monde25.info\/index.php\/wp-json\/wp\/v2\/comments?post=3102"}],"version-history":[{"count":0,"href":"https:\/\/monde25.info\/index.php\/wp-json\/wp\/v2\/posts\/3102\/revisions"}],"wp:featuredmedia":[{"embeddable":true,"href":"https:\/\/monde25.info\/index.php\/wp-json\/wp\/v2\/media\/3103"}],"wp:attachment":[{"href":"https:\/\/monde25.info\/index.php\/wp-json\/wp\/v2\/media?parent=3102"}],"wp:term":[{"taxonomy":"category","embeddable":true,"href":"https:\/\/monde25.info\/index.php\/wp-json\/wp\/v2\/categories?post=3102"},{"taxonomy":"post_tag","embeddable":true,"href":"https:\/\/monde25.info\/index.php\/wp-json\/wp\/v2\/tags?post=3102"}],"curies":[{"name":"wp","href":"https:\/\/api.w.org\/{rel}","templated":true}]}}