{"id":312,"date":"2024-11-17T09:27:22","date_gmt":"2024-11-17T08:27:22","guid":{"rendered":"https:\/\/monde25.info\/index.php\/2024\/11\/17\/naitre-medium-lextraordinaire-temoignage-dune-guerisseuse-dame-annabelle-de-villedieu\/"},"modified":"2024-11-17T09:27:22","modified_gmt":"2024-11-17T08:27:22","slug":"naitre-medium-lextraordinaire-temoignage-dune-guerisseuse-dame-annabelle-de-villedieu","status":"publish","type":"post","link":"https:\/\/monde25.info\/index.php\/2024\/11\/17\/naitre-medium-lextraordinaire-temoignage-dune-guerisseuse-dame-annabelle-de-villedieu\/","title":{"rendered":"Na\u00eetre m\u00e9dium : L\u2019extraordinaire t\u00e9moignage d\u2019une gu\u00e9risseuse d\u2019\u00e2me | Annabelle de villedieu"},"content":{"rendered":"<p> <br \/>\n<\/p>\n<div>\n<p>Source <a target=\"_blank\" href=\"https:\/\/geopolitique-profonde.com\/articles\/medium-temoignage-gptv\" data-type=\"link\" data-id=\"https:\/\/geopolitique-profonde.com\/articles\/medium-temoignage-gptv\">G\u00e9opolitique-Profonde<\/a><\/p>\n<div class=\"wp-block-image\">\n<figure class=\"aligncenter size-large is-resized\"><img fetchpriority=\"high\" decoding=\"async\" width=\"550\" height=\"309\" src=\"https:\/\/lesmoutonsenrages.fr\/wp-content\/uploads\/2024\/11\/image-67-550x309.png\" alt=\"\" class=\"wp-image-163566\" style=\"width:400px;height:auto\" srcset=\"https:\/\/lesmoutonsenrages.fr\/wp-content\/uploads\/2024\/11\/image-67-550x309.png 550w, https:\/\/lesmoutonsenrages.fr\/wp-content\/uploads\/2024\/11\/image-67-250x141.png 250w, https:\/\/lesmoutonsenrages.fr\/wp-content\/uploads\/2024\/11\/image-67-768x432.png 768w, https:\/\/lesmoutonsenrages.fr\/wp-content\/uploads\/2024\/11\/image-67-150x84.png 150w, https:\/\/lesmoutonsenrages.fr\/wp-content\/uploads\/2024\/11\/image-67.png 1024w\" sizes=\"(max-width: 550px) 100vw, 550px\"\/><\/figure>\n<\/div>\n<p><strong>Annabelle de Villedieu<\/strong>, m\u00e9dium clairvoyante depuis plus de 20 ans, est l\u2019auteure du livre <strong>\u00ab\u00a0<em>Na\u00eetre m\u00e9dium<\/em>\u00ab\u00a0<\/strong>, o\u00f9 elle partage son parcours et ses enseignements spirituels. Th\u00e9rapeute accomplie, elle se sp\u00e9cialise dans la d\u00e9programmation des m\u00e9moires cellulaires. \u00c9galement musicoth\u00e9rapeute et praticienne en soins chamaniques et tantrisme, Annabelle de Villedieu combine des approches spirituelles et th\u00e9rapeutiques pour accompagner ceux qui souhaitent se reconnecter \u00e0 leur essence profonde.<\/p>\n<p><span id=\"more-163564\"\/><\/p>\n<h3 class=\"wp-block-heading\"><strong>Transformez vos \u00e9preuves en force int\u00e9rieure<\/strong><\/h3>\n<p>Les \u00e9preuves que nous rencontrons ne sont jamais l\u00e0 par hasard. Elles jouent un r\u00f4le cl\u00e9 dans notre \u00e9volution personnelle, en nous for\u00e7ant \u00e0 <strong>faire face \u00e0 nos peurs et \u00e0 nos failles<\/strong> pour mieux nous comprendre. Ces moments difficiles, parfois insoutenables sur le moment, peuvent devenir des sources inestimables de croissance, \u00e0 condition de les aborder avec une ouverture d\u2019esprit et une volont\u00e9 de transformation.<\/p>\n<p>La r\u00e9silience, loin d\u2019\u00eatre une qualit\u00e9 r\u00e9serv\u00e9e \u00e0 une \u00e9lite, est une <strong>capacit\u00e9 accessible \u00e0 chacun<\/strong>. Il s\u2019agit de regarder les difficult\u00e9s non pas comme des obstacles, mais comme des opportunit\u00e9s d\u00e9guis\u00e9es. \u00c0 travers un regard introspectif, ces exp\u00e9riences deviennent des cl\u00e9s pour avancer avec une force renouvel\u00e9e. Rien dans la vie n\u2019est fig\u00e9 ; tout est en perp\u00e9tuel mouvement, et cette dynamique nous permet de transmuter nos douleurs en une \u00e9nergie nouvelle et positive.<\/p>\n<p>Nos parcours individuels sont uniques, mais tous sont marqu\u00e9s par cette alternance entre lumi\u00e8re et obscurit\u00e9. Accepter cette r\u00e9alit\u00e9, c\u2019est d\u00e9j\u00e0 commencer \u00e0 grandir et \u00e0 embrasser pleinement le potentiel de transformation qu\u2019offre la vie.<\/p>\n<h3 class=\"wp-block-heading\"><strong>Les vibrations qui fa\u00e7onnent notre r\u00e9alit\u00e9<\/strong><\/h3>\n<p>Tout dans l\u2019univers repose sur des <strong>fr\u00e9quences<\/strong> et des <strong>vibrations<\/strong>. Ces \u00e9l\u00e9ments invisibles mais omnipr\u00e9sents fa\u00e7onnent notre r\u00e9alit\u00e9. Comprendre ces principes revient \u00e0 comprendre comment nos pens\u00e9es, nos \u00e9motions et m\u00eame nos choix influencent directement notre environnement. Cette prise de conscience est essentielle pour retrouver un \u00e9quilibre personnel et collectif.<\/p>\n<p>Nos \u00e9motions, qu\u2019elles soient positives ou n\u00e9gatives, \u00e9mettent des vibrations qui r\u00e9sonnent avec celles des personnes et des situations qui nous entourent. Lorsqu\u2019on se sent bloqu\u00e9 ou en d\u00e9saccord avec soi-m\u00eame, cela indique souvent une dissonance vibratoire. Revenir \u00e0 un \u00e9tat d\u2019harmonie n\u00e9cessite une \u00e9coute attentive de ces signaux subtils et une volont\u00e9 d\u2019ajuster notre \u00e9nergie int\u00e9rieure.<\/p>\n<p>La puissance de ces interconnexions est telle qu\u2019elle peut transformer des blocages profonds en opportunit\u00e9s de <strong>r\u00e9paration et de renaissance<\/strong>. En cultivant cette conscience des vibrations, chacun peut apprendre \u00e0 se lib\u00e9rer des influences n\u00e9gatives pour cr\u00e9er une vie plus sereine et align\u00e9e avec ses aspirations profondes. Loin d\u2019\u00eatre un concept abstrait, cette compr\u00e9hension peut devenir un outil concret pour transformer son quotidien.<\/p>\n<h3 class=\"wp-block-heading\"><strong>Devenez l\u2019architecte de votre vie<\/strong><\/h3>\n<p>Le v\u00e9ritable pouvoir r\u00e9side en nous. Pourtant, il est fr\u00e9quent de se sentir d\u00e9poss\u00e9d\u00e9, comme si les \u00e9v\u00e9nements ext\u00e9rieurs dictaient le cours de notre existence. Cette illusion, renforc\u00e9e par des structures sociales rigides et des croyances limitantes, nous maintient souvent dans un \u00e9tat d\u2019impuissance apparente. Pourtant, il est possible de sortir de cette spirale en se reconnectant \u00e0 son <strong>pouvoir cr\u00e9ateur<\/strong>.<\/p>\n<p>Reprendre ce pouvoir demande un travail sur soi en profondeur. Cela commence par reconna\u00eetre ses blessures, les accepter, et travailler \u00e0 les gu\u00e9rir. Ce processus peut sembler intimidant, mais il est la cl\u00e9 pour d\u00e9passer ses limitations et acc\u00e9der \u00e0 une <strong>libert\u00e9 int\u00e9rieure totale<\/strong>. Ce n\u2019est qu\u2019en prenant pleinement conscience de ses forces et de ses faiblesses que l\u2019on peut devenir l\u2019architecte de sa propre vie.<\/p>\n<p>Cr\u00e9er sa r\u00e9alit\u00e9, c\u2019est aussi faire des choix align\u00e9s avec ses valeurs et ses aspirations. Chaque d\u00e9cision, m\u00eame la plus petite, peut devenir une pierre angulaire d\u2019une existence construite sur la coh\u00e9rence et l\u2019int\u00e9grit\u00e9. Ce chemin demande de la discipline, du courage et une volont\u00e9 in\u00e9branlable, mais il offre en retour une s\u00e9r\u00e9nit\u00e9 et une confiance profondes dans la vie et ses possibilit\u00e9s infinies.<\/p>\n<p><iframe loading=\"lazy\" title=\"NA\u00ceTRE M\u00c9DIUM : L\u2019EXTRAORDINAIRE T\u00c9MOIGNAGE D\u2019UNE GU\u00c9RISSEUSE D\u2019\u00c2ME | ANNABELLE DE VILLEDIEU | GPTV\" width=\"1110\" height=\"624\" src=\"https:\/\/www.youtube.com\/embed\/DGB_JM4wY84?feature=oembed\" frameborder=\"0\" allow=\"accelerometer; autoplay; clipboard-write; encrypted-media; gyroscope; picture-in-picture; web-share\" referrerpolicy=\"strict-origin-when-cross-origin\" allowfullscreen><\/iframe><\/p>\n<p>Voir aussi :<\/p>\n<p>Tous les articles, la tribune libre et commentaires sont sous la responsabilit\u00e9 de leurs auteurs. Les Moutons Enrag\u00e9s ne sauraient \u00eatre tenus responsables de leur contenu ou orientation.<\/p>\n<\/p><\/div>\n<p><br \/>\n<br \/><a href=\"https:\/\/lesmoutonsenrages.fr\/2024\/11\/17\/naitre-medium-lextraordinaire-temoignage-dune-guerisseuse-dame-annabelle-de-villedieu-gptv\/\" target=\"_blank\"\">Source link <\/a><\/p>\n","protected":false},"excerpt":{"rendered":"<p>Source G\u00e9opolitique-Profonde Annabelle de Villedieu, m\u00e9dium clairvoyante depuis plus de 20 ans, est l\u2019auteure du livre \u00ab\u00a0Na\u00eetre m\u00e9dium\u00ab\u00a0, o\u00f9 elle partage son parcours et ses enseignements spirituels. Th\u00e9rapeute accomplie, elle&hellip; <\/p>\n","protected":false},"author":1,"featured_media":313,"comment_status":"open","ping_status":"open","sticky":false,"template":"","format":"standard","meta":{"footnotes":""},"categories":[1],"tags":[],"class_list":["post-312","post","type-post","status-publish","format-standard","has-post-thumbnail","hentry","category-non-classe"],"_links":{"self":[{"href":"https:\/\/monde25.info\/index.php\/wp-json\/wp\/v2\/posts\/312","targetHints":{"allow":["GET"]}}],"collection":[{"href":"https:\/\/monde25.info\/index.php\/wp-json\/wp\/v2\/posts"}],"about":[{"href":"https:\/\/monde25.info\/index.php\/wp-json\/wp\/v2\/types\/post"}],"author":[{"embeddable":true,"href":"https:\/\/monde25.info\/index.php\/wp-json\/wp\/v2\/users\/1"}],"replies":[{"embeddable":true,"href":"https:\/\/monde25.info\/index.php\/wp-json\/wp\/v2\/comments?post=312"}],"version-history":[{"count":0,"href":"https:\/\/monde25.info\/index.php\/wp-json\/wp\/v2\/posts\/312\/revisions"}],"wp:featuredmedia":[{"embeddable":true,"href":"https:\/\/monde25.info\/index.php\/wp-json\/wp\/v2\/media\/313"}],"wp:attachment":[{"href":"https:\/\/monde25.info\/index.php\/wp-json\/wp\/v2\/media?parent=312"}],"wp:term":[{"taxonomy":"category","embeddable":true,"href":"https:\/\/monde25.info\/index.php\/wp-json\/wp\/v2\/categories?post=312"},{"taxonomy":"post_tag","embeddable":true,"href":"https:\/\/monde25.info\/index.php\/wp-json\/wp\/v2\/tags?post=312"}],"curies":[{"name":"wp","href":"https:\/\/api.w.org\/{rel}","templated":true}]}}