{"id":3144,"date":"2025-02-22T17:46:46","date_gmt":"2025-02-22T16:46:46","guid":{"rendered":"https:\/\/monde25.info\/index.php\/2025\/02\/22\/laporie-democratique-enfant-de-la-societe-sott-net\/"},"modified":"2025-02-22T17:46:46","modified_gmt":"2025-02-22T16:46:46","slug":"laporie-democratique-enfant-de-la-societe-sott-net","status":"publish","type":"post","link":"https:\/\/monde25.info\/index.php\/2025\/02\/22\/laporie-democratique-enfant-de-la-societe-sott-net\/","title":{"rendered":"l&rsquo;aporie d\u00e9mocratique \u2014 Enfant de la Soci\u00e9t\u00e9 \u2014 Sott.net"},"content":{"rendered":"<p> <br \/>\n<\/p>\n<div>\n      Parfois, nous entendons des personnes critiquer certains aspects de la d\u00e9mocratie et nous nous disons, \u00ab si seulement ils avaient lu Gu\u00e9non attentivement, ils auraient la r\u00e9ponse \u00e0 leurs questionnements \u00bb. Certains se demandent, par exemple, pourquoi les membres du gouvernement sont si incomp\u00e9tents. Voici quelques \u00e9l\u00e9ments de r\u00e9ponse, tir\u00e9s de <a target=\"_blank\" href=\"https:\/\/kontrekulture.com\/produit\/la-crise-du-monde-moderne\/\">La Crise du monde moderne<\/a> de Ren\u00e9 Guenon.<\/p>\n<div class=\"article-image-super to-center\"><a target=\"_blank\" href=\"https:\/\/fr.sott.net\/image\/s36\/722410\/full\/maxresdefault_12_.jpg\" target=\"_blank\"><img decoding=\"async\" src=\"https:\/\/fr.sott.net\/image\/s36\/722410\/super\/maxresdefault_12_.jpg\" alt=\"ghjk\" title=\"Cliquer pour agrandir\"\/><\/a><\/div>\n<p>Le peuple ne peut pas se gouverner lui-m\u00eame, car on ne peut \u00eatre \u00e0 la fois gouvernant et gouvern\u00e9.<br \/>\n      <\/p>\n<blockquote class=\"typ1\"><p>\n <em>Si l&rsquo;on d\u00e9finit la \u00ab d\u00e9mocratie \u00bb comme le gouvernement du peuple par lui-m\u00eame, c&rsquo;est l\u00e0 une v\u00e9ritable impossibilit\u00e9, une chose qui ne peut pas m\u00eame avoir une simple existence de fait&#8230; il est contradictoire d&rsquo;admettre que les m\u00eames hommes puissent \u00eatre \u00e0 la fois gouvernants et gouvern\u00e9s&#8230; il ne pourrait y avoir de gouvern\u00e9s s&rsquo;il n&rsquo;y avait aussi des gouvernants, fussent-ils ill\u00e9gitimes et sans autre droit au pouvoir que celui qu&rsquo;ils se sont attribu\u00e9s eux-m\u00eames ;<\/em> <strong><em>mais la grande habilet\u00e9 des dirigeants, dans le monde moderne, est de faire croire au peuple qu&rsquo;il se gouverne lui-m\u00eame ; et le peuple se laisse persuader d&rsquo;autant plus volontiers qu&rsquo;il en est flatt\u00e9 et que d&rsquo;ailleurs, il est incapable de r\u00e9fl\u00e9chir assez pour voir ce qu&rsquo;il y a l\u00e0 d&rsquo;impossible.<\/em><\/strong> <em>C&rsquo;est pour cr\u00e9er cette illusion qu&rsquo;on a invent\u00e9 le \u00ab suffrage universel \u00bb : c&rsquo;est l&rsquo;opinion de la majorit\u00e9 qui est suppos\u00e9e faire la loi ; mais ce dont on ne s&rsquo;aper\u00e7oit pas, c&rsquo;est que l&rsquo;opinion est quelque chose que l&rsquo;on peut tr\u00e8s facilement diriger et modifier ; on peut toujours, \u00e0 l&rsquo;aide de suggestions appropri\u00e9es, y provoquer des courants allant dans tel ou tel sens d\u00e9termin\u00e9 ; nous ne savons plus qui a parl\u00e9 de \u00ab fabriquer l&rsquo;opinion \u00bb, et cette expression est tout \u00e0 fait juste, bien qu&rsquo;il faille dire, d&rsquo;ailleurs, que ce ne sont pas toujours les dirigeants apparents qui ont en r\u00e9alit\u00e9 \u00e0 leur disposition les moyens n\u00e9cessaires pour obtenir ce r\u00e9sultat.<\/em>\n<\/p><\/blockquote>\n<p> C&rsquo;est cela \u2014 le fait que les dirigeants apparents ne sont pas toujours les dirigeants r\u00e9els \u2014 qui explique que l&rsquo;incomp\u00e9tence des politiciens importe peu : car ce qui importe, ce n&rsquo;est pas qu&rsquo;ils soient comp\u00e9tents, mais qu&rsquo;ils agissent selon le plan qui leur a \u00e9t\u00e9 impos\u00e9 \u2014 et dont ils ne sont pas toujours conscients : <\/p>\n<blockquote class=\"typ1\"><p>\n Cette derni\u00e8re remarque [sur les dirigeants apparents, qui n&rsquo;ont pas toujours les \u00ab moyens n\u00e9cessaires \u00bb pour \u00ab fabriquer l&rsquo;opinion \u00bb] donne sans doute la raison pour laquelle l&rsquo;incomp\u00e9tence des politiciens les plus \u00ab en vue \u00bb semble n&rsquo;avoir qu&rsquo;une importance tr\u00e8s relative&#8230; [car ils ne sont que des pions et, en v\u00e9rit\u00e9, ce ne sont pas leurs comp\u00e9tences qui importent, mais celles de leurs ma\u00eetres]\n<\/p><\/blockquote>\n<p> Mais alors, comment expliquer qu&rsquo;une id\u00e9e aussi absurde, comme celle de la d\u00e9mocratie, se soit install\u00e9e dans le peuple ? Nous allons r\u00e9sumer la pens\u00e9e de Guenon : l&rsquo;id\u00e9al d\u00e9mocratique n&rsquo;a pu acqu\u00e9rir de l&rsquo;importance que lorsque l&rsquo;\u00e9lite intellectuelle (repr\u00e9sent\u00e9e auparavant par l&rsquo;aristocratie) fut remplac\u00e9e, dans un premier temps, par la bourgeoisie \u2014 en France, \u00e0 travers la R\u00e9volution fran\u00e7aise. C&rsquo;est \u00e0 ce moment que l&rsquo;ordre hi\u00e9rarchique (repr\u00e9sent\u00e9 par les trois ordres : clerg\u00e9, noblesse et tiers \u00e9tat) fut renvers\u00e9 et que l&rsquo;\u00ab avis de la majorit\u00e9 \u00bb (qui est n\u00e9cessairement incomp\u00e9tente, puisque la comp\u00e9tence \u2014 en n&rsquo;importe quelle mati\u00e8re \u2014 est toujours le luxe d&rsquo;une poign\u00e9e d&rsquo;individus), c&rsquo;est \u00e0 ce moment (durant la R\u00e9volution) disions-nous, que l&rsquo;avis de la majorit\u00e9 a pu devenir important et, forc\u00e9ment, cette majorit\u00e9 \u00e9tant n\u00e9cessairement ignorante, tout ce qui \u00e9mane d&rsquo;elle est une r\u00e9flexion de cette ignorance, <\/p>\n<blockquote><p>\n car la majorit\u00e9, sur n&rsquo;importe quel sujet qu&rsquo;elle soit appel\u00e9e \u00e0 donner son avis, est toujours constitu\u00e9e par les incomp\u00e9tents, dont le nombre est incomparablement plus grand que celui des hommes qui sont capables de se prononcer en parfaite connaissance de cause.\n<\/p><\/blockquote>\n<p> Le fond m\u00eame de l&rsquo;\u00ab id\u00e9e d\u00e9mocratique \u00bb porte sur la notion d&rsquo;\u00ab \u00e9galit\u00e9 \u00bb, or l&rsquo;\u00e9galit\u00e9 suppose une n\u00e9gation des diff\u00e9rences entre les hommes, et aussi, elle suppose que le plus nul puisse occuper la place du meilleur. <\/p>\n<blockquote><p>\n <em>[&#8230;] le fond m\u00eame de l&rsquo;id\u00e9e \u00ab d\u00e9mocratique \u00bb c&rsquo;est qu&rsquo;un individu quelconque en vaut un autre, parce qu&rsquo;ils sont \u00e9gaux num\u00e9riquement, et bien qu&rsquo;ils ne puissent jamais l&rsquo;\u00eatre que num\u00e9riquement<\/em>.\n<\/p><\/blockquote>\n<p> L\u00e0 o\u00f9 l&rsquo;incomp\u00e9tence est n\u00e9cessairement la plus manifeste dans la soci\u00e9t\u00e9, c&rsquo;est au niveau du gouvernement, puisque celui-ci est le reflet le plus direct de l&rsquo;id\u00e9al d\u00e9mocratique : le gouvernement fran\u00e7ais, qui tire ses valeurs de la R\u00e9volution, ne peut \u00eatre que la manifestation la plus radicale de l&rsquo;incomp\u00e9tence, \u00e9tant lui-m\u00eame le produit du renversement de l&rsquo;ordre traditionnel \u2014 qui voulait que les individus occupent une place en rapport avec les qualit\u00e9s de leur essence.<\/p>\n<p>Nous ajouterons que, en r\u00e9alit\u00e9, s&rsquo;il devait y avoir un jour une \u00ab \u00e9galisation \u00bb quelconque, celle-ci ne pourrait se faire que par le bas, puisque, \u00e9tant donn\u00e9 les limites qui existent naturellement entre les hommes (et qui font que certains ont un potentiel intellectuel \u00e9lev\u00e9 alors que d&rsquo;autres sont tr\u00e8s limit\u00e9s), la seule mani\u00e8re de rendre tout le monde \u00e9gal, ce serait de niveler le niveau intellectuel moyen afin que tout le monde soit m\u00e9diocre. C&rsquo;est ce qui explique l&rsquo;existence politique d&rsquo;une personne comme Sandrine Rousseau, qui ne repr\u00e9sente qu&rsquo;une parmi tant d&rsquo;autres de ces individus sans comp\u00e9tences et dont la pr\u00e9sence (en politique et \u00e0 la t\u00e9l\u00e9vision) ne s&rsquo;explique que par une volont\u00e9 (consciente ou non) de niveler le niveau intellectuel g\u00e9n\u00e9ral. C&rsquo;est aussi cela qui explique cette \u00ab haine du talent \u00bb dont parlait Xavier Poussard ; car comment ces gens pourraient aimer le talent quand ils n&rsquo;en ont pas et quand ils sont tous, d&rsquo;une mani\u00e8re ou d&rsquo;une autre, les repr\u00e9sentants de la \u00ab m\u00e9diocratie moderne \u00bb, si on peut appeler les choses ainsi.<\/p>\n<p><strong>Alors que dans la soci\u00e9t\u00e9 traditionnelle l&rsquo;\u00e9lite intellectuelle tire le peuple par le haut, en d\u00e9mocratie le peuple est tir\u00e9 vers le bas.<\/strong> C&rsquo;est pr\u00e9cis\u00e9ment cela qui explique la m\u00e9diocrit\u00e9 de la classe politique. Cette m\u00e9diocrit\u00e9 est une cons\u00e9quence normale du syst\u00e8me d\u00e9mocratique, qui la produit de par sa nature m\u00eame.\n\t\t<\/p>\n<\/div>\n<p><br \/>\n<br \/><a href=\"https:\/\/fr.sott.net\/article\/44213-Rene-Guenon-l-aporie-democratique\" target=\"_blank\"\">Source link <\/a><\/p>\n","protected":false},"excerpt":{"rendered":"<p>Parfois, nous entendons des personnes critiquer certains aspects de la d\u00e9mocratie et nous nous disons, \u00ab si seulement ils avaient lu Gu\u00e9non attentivement, ils auraient la r\u00e9ponse \u00e0 leurs questionnements&hellip; <\/p>\n","protected":false},"author":1,"featured_media":3145,"comment_status":"open","ping_status":"open","sticky":false,"template":"","format":"standard","meta":{"footnotes":""},"categories":[1],"tags":[],"class_list":["post-3144","post","type-post","status-publish","format-standard","has-post-thumbnail","hentry","category-non-classe"],"_links":{"self":[{"href":"https:\/\/monde25.info\/index.php\/wp-json\/wp\/v2\/posts\/3144","targetHints":{"allow":["GET"]}}],"collection":[{"href":"https:\/\/monde25.info\/index.php\/wp-json\/wp\/v2\/posts"}],"about":[{"href":"https:\/\/monde25.info\/index.php\/wp-json\/wp\/v2\/types\/post"}],"author":[{"embeddable":true,"href":"https:\/\/monde25.info\/index.php\/wp-json\/wp\/v2\/users\/1"}],"replies":[{"embeddable":true,"href":"https:\/\/monde25.info\/index.php\/wp-json\/wp\/v2\/comments?post=3144"}],"version-history":[{"count":0,"href":"https:\/\/monde25.info\/index.php\/wp-json\/wp\/v2\/posts\/3144\/revisions"}],"wp:featuredmedia":[{"embeddable":true,"href":"https:\/\/monde25.info\/index.php\/wp-json\/wp\/v2\/media\/3145"}],"wp:attachment":[{"href":"https:\/\/monde25.info\/index.php\/wp-json\/wp\/v2\/media?parent=3144"}],"wp:term":[{"taxonomy":"category","embeddable":true,"href":"https:\/\/monde25.info\/index.php\/wp-json\/wp\/v2\/categories?post=3144"},{"taxonomy":"post_tag","embeddable":true,"href":"https:\/\/monde25.info\/index.php\/wp-json\/wp\/v2\/tags?post=3144"}],"curies":[{"name":"wp","href":"https:\/\/api.w.org\/{rel}","templated":true}]}}