{"id":3148,"date":"2025-02-22T20:03:01","date_gmt":"2025-02-22T19:03:01","guid":{"rendered":"https:\/\/monde25.info\/index.php\/2025\/02\/22\/tout-savoir-sur-le-monde-paysan-2\/"},"modified":"2025-02-22T20:03:01","modified_gmt":"2025-02-22T19:03:01","slug":"tout-savoir-sur-le-monde-paysan-2","status":"publish","type":"post","link":"https:\/\/monde25.info\/index.php\/2025\/02\/22\/tout-savoir-sur-le-monde-paysan-2\/","title":{"rendered":"tout savoir sur le monde paysan"},"content":{"rendered":"<p> <br \/>\n<\/p>\n<div>\n<h2 class=\"spip\"><span class=\"caps\">LIVRES<\/span><\/h2>\n<h2 class=\"spip\">\u2022 <i>Berg\u00e8re des collines<\/i> <\/h2>\n<p>La quarantaine venue, Florence Robert a quitt\u00e9 sa r\u00e9sidence du Gers pour une installation sommaire dans les Corbi\u00e8res, devenant berg\u00e8re et \u00e9leveuse de brebis. N\u00e9 durant les longues heures de garde de son troupeau, <i>Berg\u00e8re des collines<\/i> dit la duret\u00e9 du m\u00e9tier, mais surtout la profondeur d\u2019une vie <i>avec<\/i> les b\u00eates, les oiseaux\u2026 Bref, cette <i>\u00ab<small class=\"fine d-inline\">\u00a0<\/small>biodiversit\u00e9<small class=\"fine d-inline\">\u00a0<\/small>\u00bb<\/i> qu\u2019elle veut soutenir par son activit\u00e9.<\/p>\n<p>Que de phrases et de pages inoubliables dans ce r\u00e9cit-journal, sur la mise-bas des brebis, les relations interesp\u00e8ces ou la richesse d\u2019une connivence \u00e9troite avec le vivant\u00a0: <i>\u00ab<small class=\"fine d-inline\">\u00a0<\/small>Le temps passe diff\u00e9remment, indiff\u00e9rent \u00e0 l\u2019heure, alternativement \u00e9pais ou \u00e9vanescent. Ce quart d\u2019heure a dur\u00e9 une heure, ces deux heures se sont d\u00e9j\u00e0 \u00e9vapor\u00e9es, dissoutes dans une liesse int\u00e9rieure indescriptible.<small class=\"fine d-inline\">\u00a0<\/small>\u00bb<\/i> Florence Robert poursuit aujourd\u2019hui sa r\u00e9flexion sensible sur le site <a target=\"_blank\" href=\"https:\/\/www.termater.fr\/\" class=\"spip_out\" rel=\"external\">Termater<\/a>. <strong>C.M.<\/strong><\/p>\n<table>\n<tr>\n<td style=\"width:50%;\">\n<div class=\"spip_document_88903 spip_document spip_documents spip_document_image spip_documents_left spip_document_left\">\n<figure class=\"spip_doc_inner\">\n      <picture>\n<p>        <img decoding=\"async\" src=\"https:\/\/reporterre.net\/IMG\/jpg\/31aq02w6zhl.jpg\" width=\"250\" height=\"398\" loading=\"lazy\" alt=\"\"\/>\n    <\/picture>\n  <\/figure>\n<\/p><\/div>\n<\/td>\n<td>\n<strong>Berg\u00e8re des collines<\/strong>, de Florence Robert, \u00e9ditions <a target=\"_blank\" href=\"https:\/\/www.jose-corti.fr\/titres\/bergere-des-colline.html\" class=\"spip_out\" rel=\"external\">Corti<\/a>, 2020, 200\u00a0pages, 18\u00a0euros.\n<\/td>\n<\/tr>\n<\/table>\n<h2 class=\"spip\"><span class=\"caps\">ESSAIS<\/span><\/h2>\n<h2 class=\"spip\">\u2022 <i>Ne tirons plus la chasse<small class=\"fine d-inline\">\u00a0<\/small>!<\/i> <\/h2>\n<p>\u00c0 <i>Reporterre<\/i>, c\u2019est un de mes dadas\u00a0: montrer l\u2019absurdit\u00e9 de ces toilettes qui nous conduisent \u00e0 d\u00e9f\u00e9quer dans l\u2019eau potable. Quel n\u2019a donc pas \u00e9t\u00e9 mon plaisir en d\u00e9couvrant le nouvel ouvrage de l\u2019agronome Christophe Gatineau, d\u00e9di\u00e9 \u00e0 ce sujet souvent tabou. Le sous-titre de son livre \u2014 <i>\u00ab<small class=\"fine d-inline\">\u00a0<\/small>Nos d\u00e9jections au secours des sols<small class=\"fine d-inline\">\u00a0<\/small>\u00bb<\/i> \u2014 pose d\u2019embl\u00e9e l\u2019enjeu. Recycler notre urine et nos excr\u00e9ments <i>\u00ab<small class=\"fine d-inline\">\u00a0<\/small>permettrait de r\u00e9soudre deux probl\u00e8mes \u00e9cologiques majeurs<small class=\"fine d-inline\">\u00a0<\/small>\u00bb<\/i>\u00a0: la pr\u00e9servation de l\u2019humus \u2014 fine couche de sol essentielle \u00e0 la vie \u2014 et de l\u2019eau potable. 130 pages pour comprendre les multiples facettes de ce d\u00e9fi du 21<sup class=\"typo_exposants\">e<\/sup> si\u00e8cle, et une s\u00e9rie de conseils et d\u2019astuces pour que tous et toutes, nous arr\u00eations de tirer la chasse. <strong>L.L.<\/strong><\/p>\n<table>\n<tr>\n<td style=\"width:50%;\">\n<div class=\"spip_document_88900 spip_document spip_documents spip_document_image spip_documents_left spip_document_left\">\n<figure class=\"spip_doc_inner\">\n      <picture>\n<p>        <img decoding=\"async\" src=\"https:\/\/reporterre.net\/IMG\/jpg\/9782379224317-gd.jpg\" width=\"250\" height=\"374\" loading=\"lazy\" alt=\"\"\/>\n    <\/picture>\n  <\/figure>\n<\/p><\/div>\n<\/td>\n<td>\n<strong>Ne tirons plus la chasse<small class=\"fine d-inline\">\u00a0<\/small>!<\/strong>, de Christophe Gatineau, aux \u00e9ditions <a target=\"_blank\" href=\"https:\/\/www.editions-ulmer.fr\/editions-ulmer\/ne-tirons-plus-la-chasse-nos-dejections-au-secours-des-sols-1004-cl.htm\" class=\"spip_out\" rel=\"external\">Ulmer<\/a>, 2025, 176\u00a0pages, 18\u00a0euros.\n<\/td>\n<\/tr>\n<\/table>\n<h2 class=\"spip\">\u2022 <i>Agriculture industrielle<\/i> <\/h2>\n<p>Apr\u00e8s nous avoir convaincu que l\u2019agriculture biologique pouvait nourrir l\u2019humanit\u00e9, l\u2019agronome Jacques Caplat reprend sa plume pour d\u00e9zinguer avec pr\u00e9cision et p\u00e9dagogie la principale responsable de la crise agricole contemporaine\u00a0: l\u2019industrialisation. Une d\u00e9monstration magistrale, m\u00ealant histoire, \u00e9conomie et (bien s\u00fbr) agronomie. Mais aussi un texte plein d\u2019espoir. Car l\u2019auteur prend soin de montrer que ce mod\u00e8le mortif\u00e8re n\u2019a rien d\u2019in\u00e9luctable. Et nous invite \u00e0 soutenir les centaines d\u2019initiatives visant \u00e0 <i>\u00ab<small class=\"fine d-inline\">\u00a0<\/small>r\u00e9concilier l\u2019agriculture avec le vivant et les humains<small class=\"fine d-inline\">\u00a0<\/small>\u00bb<\/i>. <strong>L.L.<\/strong><\/p>\n<table>\n<tr>\n<td style=\"width:50%;\">\n<div class=\"spip_document_88906 spip_document spip_documents spip_document_image spip_documents_left spip_document_left\">\n<figure class=\"spip_doc_inner\">\n      <picture>\n<p>        <img decoding=\"async\" src=\"https:\/\/reporterre.net\/IMG\/jpg\/agriculture-industrielle-on-arrete-tout-et-on-reflechit.jpg\" width=\"250\" height=\"459\" loading=\"lazy\" alt=\"\"\/>\n    <\/picture>\n  <\/figure>\n<\/p><\/div>\n<\/td>\n<td>\n<strong>Agriculture industrielle \u2014 On arr\u00eate tout et on r\u00e9fl\u00e9chit<small class=\"fine d-inline\">\u00a0<\/small>!<\/strong>, de Jacques Caplat, aux \u00e9ditions <a target=\"_blank\" href=\"https:\/\/www.ruedelechiquier.net\/essais\/512-agriculture-industrielle-on-arrete-tout-et-on-reflechit.html\" class=\"spip_out\" rel=\"external\">Rue de l\u2019Echiquier<\/a>, 2025, 144\u00a0pages, 13,90\u00a0euros.\n<\/td>\n<\/tr>\n<\/table>\n<h2 class=\"spip\"><span class=\"caps\">BANDES<\/span> <span class=\"caps\">DESSIN<\/span>\u00c9<span class=\"caps\">ES<\/span><\/h2>\n<h2 class=\"spip\">\u2022 <i>Les Cerveaux de la ferme<\/i> <\/h2>\n<p>Les animaux de ferme communiquent beaucoup entre eux, aiment \u00eatre ensemble et ma\u00eetriser leur environnement. On le savait d\u00e9j\u00e0 plus ou moins, mais on en d\u00e9couvrira les modalit\u00e9s pr\u00e9cises dans cette bande dessin\u00e9e de l\u2019illustratrice Layla Benabid et du vulgarisateur scientifique S\u00e9bastien Moro. Avec humour et tendresse, ils d\u00e9voilent les d\u00e9couvertes scientifiques faites depuis les ann\u00e9es 1980 sur la vie et l\u2019intelligence de ces animaux trop souvent d\u00e9consid\u00e9r\u00e9s et exploit\u00e9s. Pourtant <i>\u00ab<small class=\"fine d-inline\">\u00a0<\/small>eux aussi ont des vies \u00e0 eux, et qui comptent pour eux<small class=\"fine d-inline\">\u00a0<\/small>\u00bb<\/i>, <a target=\"_blank\" href=\"https:\/\/www.youtube.com\/watch?v=MdgjshEJaII\" class=\"spip_out\" rel=\"external\">expliquait<\/a><span class=\"spip_note_ref\">\u00a0[<a target=\"_blank\" href=\"#nb1\" class=\"spip_note\" rel=\"appendix\" title=\"\u00e0 30 min.\" id=\"nh1\">1<\/a>]<\/span>, \u00e9mouvant, S\u00e9bastien Moro lors de la Journ\u00e9e mondiale des intelligences animales, le 8\u00a0f\u00e9vrier dernier. <strong>C.M.<\/strong><\/p>\n<table>\n<tr>\n<td style=\"width:50%;\">\n<div class=\"spip_document_88905 spip_document spip_documents spip_document_image spip_documents_left spip_document_left\">\n<figure class=\"spip_doc_inner\">\n      <picture>\n<p>        <img decoding=\"async\" src=\"https:\/\/reporterre.net\/IMG\/webp\/animaux.webp\" width=\"250\" height=\"345\" loading=\"lazy\" alt=\"\"\/>\n    <\/picture>\n  <\/figure>\n<\/p><\/div>\n<\/td>\n<td>\n<strong>Les Cerveaux de la ferme \u2014 Au c\u0153ur des \u00e9motions et des perceptions animales<\/strong>, de Layla Benabid et S\u00e9bastien Moro, aux \u00e9ditions <a target=\"_blank\" href=\"https:\/\/www.laplage.fr\/produit\/183\/9782842219567\/les-cerveaux-de-la-ferme\" class=\"spip_out\" rel=\"external\">La Plage<\/a>, 2021, 176\u00a0pages, 22\u00a0euros.\n<\/td>\n<\/tr>\n<\/table>\n<h2 class=\"spip\"><span class=\"caps\">FILMS<\/span><\/h2>\n<h2 class=\"spip\">\u2022 <i>Sur la paille<\/i> <\/h2>\n<p>L\u2019angoisse, jour apr\u00e8s jour\u00a0: c\u2019est ce que vit Olivier, paysan breton. Il avait longtemps travaill\u00e9 dans des \u00e9levages industriels de porcs, et puis, voici quelques ann\u00e9es, il a d\u00e9cid\u00e9 de changer de voie\u00a0: pour mieux traiter les animaux et pour respecter l\u2019environnement, il s\u2019est lanc\u00e9 dans l\u2019agriculture biologique, qui \u00e9tait alors porteuse. Reprise d\u2019un \u00e9levage, transformation pour l\u2019adapter au bio, emprunts&#8230; Tout est d\u2019abord bien all\u00e9, et puis la crise du bio est arriv\u00e9e, avec une brutale chute des prix. Depuis, Olivier se bat face aux traites qui s\u2019accumulent, aux factures \u00e0 payer, aux banques \u00e0 convaincre. Ce n\u2019est pas un grand causeur, mais la cam\u00e9ra d\u2019\u00c9ric Gu\u00e9ret le suit avec une grande attention, en douceur, faisant ressortir le d\u00e9sarroi d\u2019un homme dans le droit chemin et qui ne comprend pas pourquoi la soci\u00e9t\u00e9 l\u2019abandonne.<\/p>\n<p>\u00c0 travers ce portrait, c\u2019est l\u2019absurdit\u00e9 d\u2019un syst\u00e8me que le film donne \u00e0 voir, un syst\u00e8me qui pr\u00e9f\u00e8re soutenir l\u2019agriculture productiviste que ceux qui proposent une alternative. Il en r\u00e9sulte des vies cass\u00e9es, des \u00e9preuves, des abandons, parfois des suicides. Une bonne nouvelle, quand m\u00eame\u00a0: Olivier a tenu le coup, il va mieux, il ne l\u00e2che pas<small class=\"fine d-inline\">\u00a0<\/small>! <strong>H.K.<\/strong><\/p>\n<table>\n<tr>\n<td style=\"width:50%;\">\n<div class=\"spip_document_88911 spip_document spip_documents spip_document_image spip_documents_left spip_document_left\">\n<figure class=\"spip_doc_inner\">\n      <picture>\n<p>        <img decoding=\"async\" src=\"https:\/\/reporterre.net\/IMG\/jpg\/sur-la-paille-def-test-60x80-1-640x853.jpg\" width=\"250\" height=\"333\" loading=\"lazy\" alt=\"\"\/>\n    <\/picture>\n  <\/figure>\n<\/p><\/div>\n<\/td>\n<td>\n<strong>Sur la paille<\/strong>, d\u2019\u00c9ric Gu\u00e9ret, <a target=\"_blank\" href=\"https:\/\/www.hautetcourt.com\/documentaires\/sur-la-paille\/\" class=\"spip_out\" rel=\"external\">sur France\u00a02<\/a>, mercredi 26\u00a0f\u00e9vrier \u00e0 23\u00a0heures.\n<\/td>\n<\/tr>\n<\/table>\n<h2 class=\"spip\"><span class=\"caps\">PODCASTS<\/span><\/h2>\n<h2 class=\"spip\">\u2022 <i>Manuel D\u00e9terre<\/i> <\/h2>\n<p>Il y a Marie, dont le fils qui avait repris le flambeau de l\u2019\u00e9levage de vaches laiti\u00e8res a fini par se suicider, accabl\u00e9 par les dettes et le labeur. Imen, jeune femme musulmane, qui s\u2019est heurt\u00e9e au racisme \u00e0 chaque \u00e9tape de son installation en mara\u00eechage dans l\u2019Aveyron. Ma\u00eft\u00e9, confront\u00e9e aux violences sexuelles et au viol pendant les dix ann\u00e9es qu\u2019elle a pass\u00e9es comme berg\u00e8re salari\u00e9e&#8230; Dans <i>\u00ab<small class=\"fine d-inline\">\u00a0<\/small>Manuel D\u00e9terre<small class=\"fine d-inline\">\u00a0<\/small>\u00bb<\/i>, la journaliste radio L\u00e9a Arson et l\u2019animatrice en Civam (Centre d\u2019initiatives pour valoriser l\u2019agriculture et le milieu rural) \u00c9milie Serpossian brossent les portraits saisissants de cinq agricultrices debout, envers et contre tout.<\/p>\n<p>Les t\u00e9moignages sont poignants, la documentation est riche et la r\u00e9alisation somptueuse. <i>\u00c0 la gloire des femmes en deuil<\/i>, de Mathilde, interpr\u00e9t\u00e9e par la chorale f\u00e9ministe Le chant des d\u00e9ferlantes dans l\u2019\u00e9pisode <i>\u00ab<small class=\"fine d-inline\">\u00a0<\/small>Produire au prix de sa vie<small class=\"fine d-inline\">\u00a0<\/small>\u00bb<\/i>, vous fera dresser les poils. \u00c0 \u00e9couter absolument<small class=\"fine d-inline\">\u00a0<\/small>! <strong>E.M.<\/strong><\/p>\n<table>\n<tr>\n<td style=\"width:50%;\">\n<div class=\"spip_document_88919 spip_document spip_documents spip_document_image spip_documents_left spip_document_left\">\n<figure class=\"spip_doc_inner\">\n      <picture>\n<p>        <img decoding=\"async\" src=\"https:\/\/reporterre.net\/IMG\/webp\/hero-manuel-deterre-jmyhms76smcn0vpeps95gw-2.webp\" width=\"250\" height=\"250\" loading=\"lazy\" alt=\"\"\/>\n    <\/picture>\n  <\/figure>\n<\/p><\/div>\n<\/td>\n<td>\n<strong>Manuel D\u00e9terre<\/strong>, d\u2019\u00c9milie Serpossian et L\u00e9a Arson, mix\u00e9e par Baptiste Veilhan <a target=\"_blank\" href=\"https:\/\/www.blast-info.fr\/podcasts\/manuel-deterre-JmYhmS76SMCN0Vpeps95gw\" class=\"spip_out\" rel=\"external\">sur <i>Blast<\/i><\/a>.\n<\/td>\n<\/tr>\n<\/table>\n<h2 class=\"spip\"><span class=\"caps\">LIVRES<\/span> <span class=\"caps\">JEUNESSE<\/span><\/h2>\n<h2 class=\"spip\">\u2022 <i>Les gestes de la ferme<\/i> <\/h2>\n<p>La traite d\u2019une vache, la moissonneuse-batteuse en action, le moulage du fromage, la r\u00e9colte des l\u00e9gumes&#8230; Une vingtaine de photographies donnent \u00e0 voir la vie et le travail d\u2019une ferme. Un travail documentaire riche et sensible, accessible pour les tout-petits. L\u2019ensemble de l\u2019imagier traduit l\u2019amour de ces paysans et paysannes pour leur travail, leurs terres, leurs b\u00eates. <strong>L.L.<\/strong><\/p>\n<table>\n<tr>\n<td style=\"width:50%;\">\n<div class=\"spip_document_88917 spip_document spip_documents spip_document_image spip_documents_left spip_document_left\">\n<figure class=\"spip_doc_inner\">\n      <picture>\n<p>        <img decoding=\"async\" src=\"https:\/\/reporterre.net\/IMG\/jpg\/gestes_de_ferme_new-rvb-270x203.jpg\" width=\"250\" height=\"187\" loading=\"lazy\" alt=\"\"\/>\n    <\/picture>\n  <\/figure>\n<\/p><\/div>\n<\/td>\n<td>\n<strong>Les gestes de la ferme<\/strong>, de, pour les 0-3 ans, de <a target=\"_blank\" href=\"https:\/\/www.blast-info.fr\/podcasts\/manuel-deterre-JmYhmS76SMCN0Vpeps95gw\" class=\"spip_out\" rel=\"external\">sur <i>Blast<\/i><\/a> 2022, 18 p., 12 euros.\n<\/td>\n<\/tr>\n<\/table>\n<h2 class=\"spip\">\u2022 <i>Cochonrama\u00a0: encyclop\u00e9die des cochons<\/i> <\/h2>\n<p>Un livre pour devenir copain comme cochon. Cette encyclop\u00e9die en images propose  un panorama tr\u00e8s complet de cette star de la ferme \u2014 souvent mal aim\u00e9e \u2014  avec une incursion du c\u00f4t\u00e9 des mythes et de la culture populaire. Pourquoi a-t-on des cochons tirelires<small class=\"fine d-inline\">\u00a0<\/small>? Qu\u2019est-ce que la g\u00e9latine<small class=\"fine d-inline\">\u00a0<\/small>? De la p\u00e9dagogie vivante, accompagn\u00e9e d\u2019illustrations dr\u00f4les et pr\u00e9cises. <strong>L.L.<\/strong><\/p>\n<table>\n<tr>\n<td style=\"width:50%;\">\n<div class=\"spip_document_88914 spip_document spip_documents spip_document_image spip_documents_left spip_document_left\">\n<figure class=\"spip_doc_inner\">\n      <picture>\n<p>        <img decoding=\"async\" src=\"https:\/\/reporterre.net\/IMG\/jpg\/9782330162511.jpg\" width=\"250\" height=\"338\" loading=\"lazy\" alt=\"\"\/>\n    <\/picture>\n  <\/figure>\n<\/p><\/div>\n<\/td>\n<td>\n<strong>Cochonrama\u00a0: encyclop\u00e9die des cochons<\/strong>, de Daisy Bird, \u00c9lodie Leplat (traduction)<br \/>\nCamilla Pintonato (illustration), \u00e0 partir de 6 ans, aux \u00e9ditions <a target=\"_blank\" href=\"https:\/\/www.blast-info.fr\/podcasts\/manuel-deterre-JmYhmS76SMCN0Vpeps95gw\" class=\"spip_out\" rel=\"external\">Actes Sud<\/a>\n<\/td>\n<\/tr>\n<\/table>\n<h2 class=\"spip\">\u2022 <i>Les pieds dans la terre, cinq histoires de paysans <\/i> <\/h2>\n<p>Depuis des mill\u00e9naires, les paysans \u00e9l\u00e8vent des animaux, cultivent la terre, r\u00e9coltent fruits, l\u00e9gumes et c\u00e9r\u00e9ales. Ces 100 derni\u00e8res ann\u00e9es, leur travail a totalement chang\u00e9. M\u00e9canisation, engrais, pesticides&#8230; \u00c0 travers les t\u00e9moignages de plusieurs g\u00e9n\u00e9rations d\u2019hommes et de femmes se succ\u00e9dant sur la m\u00eame ferme, cet ouvrage retrace l\u2019\u00e9volution du m\u00e9tier de paysan. Le grand-p\u00e8re, la m\u00e8re, les enfants&#8230; Tous nous racontent la difficult\u00e9 mais aussi le bonheur de vivre de sa terre, et le d\u00e9sir aujourd\u2019hui de revenir \u00e0 des pratiques plus respectueuses de la nature et de l\u2019humain. Un livre politique et humaniste. <strong>L.L.<\/strong><\/p>\n<table>\n<tr>\n<td style=\"width:50%;\">\n<div class=\"spip_document_88915 spip_document spip_documents spip_document_image spip_documents_left spip_document_left\">\n<figure class=\"spip_doc_inner\">\n      <picture>\n<p>        <img decoding=\"async\" src=\"https:\/\/reporterre.net\/IMG\/jpg\/pieds-dans-la-terre-ok00.jpg\" width=\"250\" height=\"197\" loading=\"lazy\" alt=\"\"\/>\n    <\/picture>\n  <\/figure>\n<\/p><\/div>\n<\/td>\n<td>\n<strong>Les pieds dans la terre, cinq histoires de paysans<\/strong>, pour adolescents, de Claire Lec\u0153uvre et Arnaud T\u00e9telin, <a target=\"_blank\" href=\"https:\/\/www.les-editions-des-elephants.com\/produit\/les-pieds-dans-la-terre\/\" class=\"spip_out\" rel=\"external\">\u00e9ditions Les \u00c9l\u00e9phants<\/a>, 2022, 80 p., 18 euros.\n<\/td>\n<\/tr>\n<\/table>\n<aside class=\"boite_encarts\">\n<div class=\"encart encart_gris noprint\">\n<p><strong>Puisque vous \u00eates l\u00e0&#8230;<\/strong><\/p>\n<p>&#8230; nous avons un petit service \u00e0 vous demander.<br class=\"autobr\"\/><br \/>\nEntre la pr\u00e9sence d\u2019un climatosceptique \u00e0 la t\u00eate de la premi\u00e8re puissance mondiale, un gouvernement fran\u00e7ais qui flirte avec l\u2019extr\u00eame-droite, et les catastrophes climatiques qui s\u2019enchainent&#8230; Faire vivre l\u2019\u00e9cologie dans le d\u00e9bat public est un enjeu crucial.<\/p>\n<p>Personne ne modifie ce que nous publions. Nous n\u2019avons ni actionnaire, ni propri\u00e9taire milliardaire \u2014 seulement une \u00e9quipe d\u2019irr\u00e9ductibles journalistes, pleine de d\u00e9termination.<\/p>\n<p>Nous avons la conviction que l\u2019urgence \u00e9cologique est l\u2019enjeu majeur de notre \u00e9poque. Et comme plus de 2 millions de lectrices et lecteurs chaque mois, vous partagez sans doute cette conviction&#8230;<\/p>\n<p><strong>Depuis 12 ans, nous publions des articles de qualit\u00e9 sur l\u2019\u00e9cologie, en acc\u00e8s libre et sans publicit\u00e9, pour tous.<\/strong><br class=\"autobr\"\/><br \/>\nMais ce travail demande beaucoup de temps et de ressources.<\/p>\n<p>Alors, si vous en avez les moyens, sachez qu\u2019un don, m\u00eame d\u20191\u20ac, est un acte de soutien fort pour l\u2019\u00e9cologie et le journalisme ind\u00e9pendant.<br class=\"autobr\"\/><br \/>\n(Et \u00e7a vous prendra moins de temps que la lecture de ce texte).<\/p>\n<p><strong>Si vous le pouvez, choisissez un soutien mensuel. Merci.<\/strong><\/p>\n<p><a target=\"_blank\" href=\"https:\/\/reporterre.net\/dons\" class=\"bt_soutenir\">Je soutiens <i>Reporterre<\/i><\/a><\/p>\n<\/p><\/div>\n<div class=\"encart encart_vert noprint montre_1023\">\n<div class=\"infolettre-form-container noprint\">\n<p>Abonnez-vous \u00e0 la lettre d\u2019info de Reporterre<\/p>\n<\/div><\/div>\n<\/aside>\n<aside class=\"boite_apresarticle encart_note\">\n<h4>Apr\u00e8s cet article<\/h4>\n<p>      <a target=\"_blank\" href=\"https:\/\/reporterre.net\/Rien-pour-la-bio-rien-pour-les-jeunes-paysans-la-loi-d-orientation-agricole-est-un-tres\" class=\"lien_article\">\n      <picture class=\"vignette_gauche\"><source type=\"image\/webp\" srcset=\"https:\/\/reporterre.net\/local\/cache-vignettes\/L450xH300\/pexels-pixabay-163752_1_1_-df0e1.jpg@.webp?1739894287\"><img decoding=\"async\" src=\"https:\/\/reporterre.net\/local\/cache-vignettes\/L450xH300\/pexels-pixabay-163752_1_1_-df0e1.jpg?1739894287\" width=\"450\" height=\"300\" alt=\"\" class=\"marge12\" loading=\"lazy\"\/><br \/>\n<\/source><\/picture>\n<p class=\"libelle\">\n<p>          Entretien \u2014<\/p>\n<p>      Agriculture\n    <\/p>\n<p class=\"titre pol20\">Rien pour la bio, rien pour les jeunes paysans\u00a0: la loi d\u2019orientation agricole est \u00ab<small class=\"fine d-inline\">\u00a0<\/small>un tr\u00e8s mauvais signal<small class=\"fine d-inline\">\u00a0<\/small>\u00bb<\/p>\n<p>      <\/a><br \/>\n    <\/aside>\n<aside class=\"boite_complement texte\">\n<p>      <!-- zone_forum --><br \/>\n          <\/aside>\n<aside class=\"boite_lireaussi noprint\">\n<\/aside>\n<aside class=\"colonne\">\n<div class=\"article_info cache_1023 noprint\">\n<p>    <span class=\"date\">22 f\u00e9vrier 2025  \u00e0 08h30<\/span><\/p>\n<p>    <span class=\"date_modif\">Mis \u00e0 jour le 22 f\u00e9vrier 2025 \u00e0 15h27<\/span>      <\/p>\n<p class=\"duree_lecture\">\n        Dur\u00e9e de lecture : 7 minutes\n      <\/p>\n<\/p><\/div>\n<div class=\"bloc_infolettre\">\n<div class=\"infolettre-form-container noprint\">\n<p>Abonnez-vous \u00e0 la lettre d\u2019info de Reporterre<\/p>\n<\/div><\/div>\n<\/aside>\n<div id=\"galerie\">\n  <img decoding=\"async\" src=\"\" class=\"principale\" id=\"principale\"\/><\/p>\n<p id=\"legende\">legende<\/p>\n<\/div>\n<footer class=\"noprint\">\n<\/footer>\n<\/div>\n<p><br \/>\n<br \/><a href=\"https:\/\/reporterre.net\/Livres-docu-podcast-tout-savoir-sur-le-monde-paysan\" target=\"_blank\"\">Source link <\/a><\/p>\n","protected":false},"excerpt":{"rendered":"<p>LIVRES \u2022 Berg\u00e8re des collines La quarantaine venue, Florence Robert a quitt\u00e9 sa r\u00e9sidence du Gers pour une installation sommaire dans les Corbi\u00e8res, devenant berg\u00e8re et \u00e9leveuse de brebis. N\u00e9&hellip; <\/p>\n","protected":false},"author":1,"featured_media":3131,"comment_status":"open","ping_status":"open","sticky":false,"template":"","format":"standard","meta":{"footnotes":""},"categories":[1],"tags":[],"class_list":["post-3148","post","type-post","status-publish","format-standard","has-post-thumbnail","hentry","category-non-classe"],"_links":{"self":[{"href":"https:\/\/monde25.info\/index.php\/wp-json\/wp\/v2\/posts\/3148","targetHints":{"allow":["GET"]}}],"collection":[{"href":"https:\/\/monde25.info\/index.php\/wp-json\/wp\/v2\/posts"}],"about":[{"href":"https:\/\/monde25.info\/index.php\/wp-json\/wp\/v2\/types\/post"}],"author":[{"embeddable":true,"href":"https:\/\/monde25.info\/index.php\/wp-json\/wp\/v2\/users\/1"}],"replies":[{"embeddable":true,"href":"https:\/\/monde25.info\/index.php\/wp-json\/wp\/v2\/comments?post=3148"}],"version-history":[{"count":0,"href":"https:\/\/monde25.info\/index.php\/wp-json\/wp\/v2\/posts\/3148\/revisions"}],"wp:featuredmedia":[{"embeddable":true,"href":"https:\/\/monde25.info\/index.php\/wp-json\/wp\/v2\/media\/3131"}],"wp:attachment":[{"href":"https:\/\/monde25.info\/index.php\/wp-json\/wp\/v2\/media?parent=3148"}],"wp:term":[{"taxonomy":"category","embeddable":true,"href":"https:\/\/monde25.info\/index.php\/wp-json\/wp\/v2\/categories?post=3148"},{"taxonomy":"post_tag","embeddable":true,"href":"https:\/\/monde25.info\/index.php\/wp-json\/wp\/v2\/tags?post=3148"}],"curies":[{"name":"wp","href":"https:\/\/api.w.org\/{rel}","templated":true}]}}