{"id":31590,"date":"2026-08-31T02:01:05","date_gmt":"2026-08-31T00:01:05","guid":{"rendered":"https:\/\/monde25.info\/index.php\/2026\/08\/31\/algues-vertes-en-bretagne-letat-renforce-la-lutte-sans-toucher-a-lelevage-intensif\/"},"modified":"2026-08-31T02:01:05","modified_gmt":"2026-08-31T00:01:05","slug":"algues-vertes-en-bretagne-letat-renforce-la-lutte-sans-toucher-a-lelevage-intensif","status":"publish","type":"post","link":"https:\/\/monde25.info\/index.php\/2026\/08\/31\/algues-vertes-en-bretagne-letat-renforce-la-lutte-sans-toucher-a-lelevage-intensif\/","title":{"rendered":"Algues vertes en Bretagne : l\u2019\u00c9tat renforce la lutte, sans toucher \u00e0 l\u2019\u00e9levage intensif"},"content":{"rendered":"<div style=\"max-width: 760px;margin: 0 auto;line-height: 1.8;font-family: system-ui, -apple-system, &apos;Segoe UI&apos;, sans-serif;color: #1a1a2e;font-size: 16px\">\n<div style=\"background: linear-gradient(135deg,#1e3a5f 0%,#2563eb 100%);color:#fff;padding:18px 22px;border-radius:8px;margin-bottom:24px\">\n  <span style=\"background:#fef2f2;color:#b91c1c;font-size:12px;font-weight:bold;padding:4px 10px;border-radius:20px;text-transform:uppercase;letter-spacing:0.5px\">Environnement<\/span><\/p>\n<div style=\"font-size:14px;margin-top:8px;opacity:0.9\">28 ao\u00fbt 2026<\/div>\n<\/div>\n<div style=\"background:#fff7ed;border-left:4px solid #fb923c;padding:16px 20px;border-radius:4px;margin-bottom:24px\">\n  <strong><img decoding=\"async\" src=\"https:\/\/s.w.org\/images\/core\/emoji\/17.0.2\/72x72\/26a0.png\" alt=\"\u26a0\" class=\"wp-smiley\" style=\"height: 1em;max-height: 1em\" \/> En bref :<\/strong> la pr\u00e9fecture de Bretagne a annonc\u00e9 le <strong>28 ao\u00fbt 2026<\/strong> un nouveau programme de lutte contre les algues vertes, contrainte par une d\u00e9cision de justice obtenue par l&rsquo;association Eau et rivi\u00e8res de Bretagne. L&rsquo;association juge la r\u00e9ponse insuffisante : le mod\u00e8le d&rsquo;\u00e9levage intensif \u00e0 l&rsquo;origine de la pollution aux nitrates n&rsquo;est pas remis en cause.\n<\/div>\n<div style=\"background:#f8fafc;border:1px solid #e2e8f0;border-radius:8px;padding:18px 22px;margin-bottom:28px\">\n  <strong style=\"color:#1e3a5f\"><img decoding=\"async\" src=\"https:\/\/s.w.org\/images\/core\/emoji\/17.0.2\/72x72\/1f4cb.png\" alt=\"\ud83d\udccb\" class=\"wp-smiley\" style=\"height: 1em;max-height: 1em\" \/> Sommaire<\/strong><\/p>\n<ol style=\"margin:10px 0 0 0;padding-left:20px\">\n<li><a href=\"#reponse\" style=\"color:#2563eb\">Quelles mesures la pr\u00e9fecture a-t-elle annonc\u00e9es le 28 ao\u00fbt ?<\/a><\/li>\n<li><a href=\"#justice\" style=\"color:#2563eb\">L&rsquo;injonction du tribunal administratif de Rennes<\/a><\/li>\n<li><a href=\"#mesures-detail\" style=\"color:#2563eb\">Le d\u00e9tail du 7e programme d&rsquo;actions r\u00e9gional nitrates<\/a><\/li>\n<li><a href=\"#critique\" style=\"color:#2563eb\">Pourquoi l&rsquo;association plaignante juge la r\u00e9ponse insuffisante<\/a><\/li>\n<li><a href=\"#chiffres\" style=\"color:#2563eb\">L&rsquo;ampleur du probl\u00e8me en chiffres<\/a><\/li>\n<li><a href=\"#historique\" style=\"color:#2563eb\">Quinze ans de plans, un ph\u00e9nom\u00e8ne persistant<\/a><\/li>\n<li><a href=\"#comparaison\" style=\"color:#2563eb\">Ce que d&rsquo;autres r\u00e9gions agricoles europ\u00e9ennes ont fait diff\u00e9remment<\/a><\/li>\n<li><a href=\"#suite\" style=\"color:#2563eb\">Ce qu&rsquo;il faut surveiller maintenant<\/a><\/li>\n<li><a href=\"#limites\" style=\"color:#2563eb\">Rappel sur les limites de cet article<\/a><\/li>\n<li><a href=\"#faq\" style=\"color:#2563eb\">Questions fr\u00e9quentes<\/a><\/li>\n<li><a href=\"#sources\" style=\"color:#2563eb\">Sources<\/a><\/li>\n<\/ol>\n<\/div>\n<div style=\"background:#fefce8;border-left:4px solid #facc15;padding:18px 22px;border-radius:4px;margin-bottom:28px;font-style:italic\">\n  La justice avait donn\u00e9 dix mois \u00e0 l&rsquo;\u00c9tat pour agir. Dix-sept mois plus tard, la pr\u00e9fecture de Bretagne a pr\u00e9sent\u00e9, le <strong>28 ao\u00fbt 2026<\/strong>, un septi\u00e8me programme d&rsquo;actions contre les nitrates agricoles responsables des mar\u00e9es vertes. Bandes enherb\u00e9es \u00e9largies, zones \u00e0 enjeu couvrant <strong>20 %<\/strong> de la surface agricole bretonne, plafonds d&rsquo;azote et sanctions financi\u00e8res : la liste est longue. Mais pour l&rsquo;association qui a saisi la justice, <em>\u00ab Eau et rivi\u00e8res de Bretagne \u00bb<\/em>, l&rsquo;essentiel n&rsquo;y est pas \u2014 le mod\u00e8le d&rsquo;\u00e9levage intensif qui produit l&rsquo;essentiel des nitrates d\u00e9vers\u00e9s dans les cours d&rsquo;eau bretons reste, lui, hors de port\u00e9e des nouvelles r\u00e8gles.\n<\/div>\n<h2 id=\"reponse\" style=\"color:#1e3a5f;border-bottom:2px solid #e2e8f0;padding-bottom:8px\"><img decoding=\"async\" src=\"https:\/\/s.w.org\/images\/core\/emoji\/17.0.2\/72x72\/1f30a.png\" alt=\"\ud83c\udf0a\" class=\"wp-smiley\" style=\"height: 1em;max-height: 1em\" \/> Quelles mesures la pr\u00e9fecture a-t-elle annonc\u00e9es le 28 ao\u00fbt ?<\/h2>\n<p>Le <strong>28 ao\u00fbt 2026<\/strong>, la pr\u00e9fecture de la r\u00e9gion Bretagne a pr\u00e9sent\u00e9 un nouveau train de mesures contre la pollution aux nitrates responsable de la prolif\u00e9ration des algues vertes sur le littoral, sous la forme d&rsquo;un <strong>7e programme d&rsquo;actions r\u00e9gional nitrates<\/strong>, applicable \u00e0 partir du <strong>1er septembre 2026<\/strong>. Concr\u00e8tement, la pr\u00e9fecture \u00e9largit les bandes enherb\u00e9es le long de tous les cours d&rsquo;eau bretons \u00e0 <strong>10 m\u00e8tres<\/strong> de large (contre des largeurs souvent inf\u00e9rieures jusqu&rsquo;ici), renforce les r\u00e8gles limitant les sols nus en p\u00e9riode \u00e0 risque, et cr\u00e9e des <em>\u00ab zones \u00e0 enjeu \u00bb<\/em> couvrant <strong>20 %<\/strong> de la surface agricole r\u00e9gionale, concentr\u00e9es sur les huit bassins versants les plus touch\u00e9s par les \u00e9chouages d&rsquo;algues vertes. Cette annonce fait directement suite \u00e0 une d\u00e9cision de justice qui contraignait l&rsquo;\u00c9tat \u00e0 agir sous peine d&rsquo;engager sa responsabilit\u00e9.<\/p>\n<hr style=\"border:none;border-top:1px solid #e5e7eb;margin:28px 0\">\n<h2 id=\"justice\" style=\"color:#1e3a5f;border-bottom:2px solid #e2e8f0;padding-bottom:8px\"><img decoding=\"async\" src=\"https:\/\/s.w.org\/images\/core\/emoji\/17.0.2\/72x72\/2696.png\" alt=\"\u2696\" class=\"wp-smiley\" style=\"height: 1em;max-height: 1em\" \/> L&rsquo;injonction du tribunal administratif de Rennes<\/h2>\n<p>Cette r\u00e9ponse pr\u00e9fectorale n&rsquo;est pas spontan\u00e9e. Elle d\u00e9coule d&rsquo;un jugement du <strong>tribunal administratif de Rennes<\/strong> rendu le <strong>13 mars 2025<\/strong>, \u00e0 la suite d&rsquo;un recours d\u00e9pos\u00e9 par l&rsquo;association <strong>Eau et rivi\u00e8res de Bretagne<\/strong>, contestant le refus du pr\u00e9fet de renforcer les mesures contre la pollution agricole aux nitrates. Le tribunal a constat\u00e9 que les concentrations en nitrates dans plusieurs cours d&rsquo;eau bretons d\u00e9passaient le seuil de <strong>18 milligrammes par litre<\/strong> fix\u00e9 par arr\u00eat\u00e9 minist\u00e9riel \u2014 seuil au-del\u00e0 duquel les mar\u00e9es vertes prolif\u00e8rent de fa\u00e7on incontr\u00f4l\u00e9e. Les juges ont estim\u00e9 que ces carences \u00e9taient <em>\u00ab susceptibles d&rsquo;engager la responsabilit\u00e9 de l&rsquo;\u00c9tat \u00bb<\/em> et de constituer un <em>\u00ab pr\u00e9judice \u00e9cologique \u00bb<\/em> que l&rsquo;\u00c9tat devait r\u00e9parer. Ils ont \u00e9galement reconnu le pr\u00e9judice moral invoqu\u00e9 par l&rsquo;association, agr\u00e9\u00e9e pour la protection de l&rsquo;environnement.<\/p>\n<p>Le tribunal a enjoint au pr\u00e9fet de mettre fin \u00e0 ce manquement dans un d\u00e9lai de <strong>dix mois<\/strong>, notamment en se dotant d&rsquo;outils de contr\u00f4le permettant un pilotage effectif des programmes d&rsquo;action nitrates. Dix mois apr\u00e8s le jugement, soit vers janvier 2026, l&rsquo;\u00c9tat n&rsquo;avait pas produit de r\u00e9ponse formelle \u00e0 la hauteur de l&rsquo;injonction \u2014 d&rsquo;o\u00f9 la nouvelle saisine de l&rsquo;association, qui a fini par pr\u00e9cipiter l&rsquo;annonce du 28 ao\u00fbt, avec plusieurs mois de retard sur l&rsquo;\u00e9ch\u00e9ance fix\u00e9e par les juges.<\/p>\n<div style=\"background:#ecfdf5;border-left:4px solid #10b981;padding:16px 20px;border-radius:4px;margin:20px 0\">\n  <strong><img decoding=\"async\" src=\"https:\/\/s.w.org\/images\/core\/emoji\/17.0.2\/72x72\/1f552.png\" alt=\"\ud83d\udd52\" class=\"wp-smiley\" style=\"height: 1em;max-height: 1em\" \/> Chronologie des \u00e9v\u00e9nements cl\u00e9s<\/strong><\/p>\n<ul style=\"margin:10px 0 0 0;padding-left:20px\">\n<li><strong>13 mars 2025<\/strong> \u2014 le tribunal administratif de Rennes enjoint \u00e0 l&rsquo;\u00c9tat de renforcer la lutte contre les nitrates sous dix mois<\/li>\n<li><strong>janvier 2026<\/strong> \u2014 \u00e9ch\u00e9ance de l&rsquo;injonction d\u00e9pass\u00e9e sans r\u00e9ponse pr\u00e9fectorale suffisante, selon l&rsquo;association<\/li>\n<li><strong>06 ao\u00fbt 2026<\/strong> \u2014 Liberta Press documente le co\u00fbt du nettoyage des plages assum\u00e9 par l&rsquo;\u00c9tat malgr\u00e9 l&rsquo;origine agricole de la pollution<\/li>\n<li><strong>28 ao\u00fbt 2026<\/strong> \u2014 la pr\u00e9fecture de Bretagne annonce le 7e programme d&rsquo;actions r\u00e9gional nitrates, effectif au 1er septembre<\/li>\n<\/ul>\n<\/div>\n<hr style=\"border:none;border-top:1px solid #e5e7eb;margin:28px 0\">\n<h2 id=\"mesures-detail\" style=\"color:#1e3a5f;border-bottom:2px solid #e2e8f0;padding-bottom:8px\"><img decoding=\"async\" src=\"https:\/\/s.w.org\/images\/core\/emoji\/17.0.2\/72x72\/1f4d1.png\" alt=\"\ud83d\udcd1\" class=\"wp-smiley\" style=\"height: 1em;max-height: 1em\" \/> Le d\u00e9tail du 7e programme d&rsquo;actions r\u00e9gional nitrates<\/h2>\n<p>Le nouveau programme distingue deux niveaux de contrainte. D&rsquo;un c\u00f4t\u00e9, des r\u00e8gles applicables \u00e0 l&rsquo;ensemble du territoire breton : bandes enherb\u00e9es port\u00e9es \u00e0 <strong>10 m\u00e8tres<\/strong> le long de tous les cours d&rsquo;eau, obligations renforc\u00e9es pour \u00e9viter les sols nus en p\u00e9riode de risque de lessivage, et intensification des contr\u00f4les et analyses de sol \u00e0 partir d&rsquo;<strong>octobre 2026<\/strong>. De l&rsquo;autre, un r\u00e9gime sp\u00e9cifique pour les <em>\u00ab zones \u00e0 enjeu \u00bb<\/em>, qui regroupent les huit bassins versants et vasi\u00e8res les plus affect\u00e9s par les mar\u00e9es vertes ainsi que les captages d&rsquo;eau potable et cours d&rsquo;eau aux concentrations de nitrates les plus \u00e9lev\u00e9es. Dans ces zones, qui repr\u00e9sentent <strong>20 %<\/strong> de la surface agricole r\u00e9gionale, les exploitations devront se soumettre \u00e0 des analyses de sol plus fr\u00e9quentes, \u00e0 un plafonnement individuel des apports azot\u00e9s, et remettre en herbe leurs zones humides dans un d\u00e9lai de <strong>deux ans<\/strong>, moyennant des aides financi\u00e8res.<\/p>\n<p>Autre nouveaut\u00e9 : la pr\u00e9fecture pourra d\u00e9sormais prononcer des <strong>mises en demeure<\/strong> assorties de sanctions financi\u00e8res pouvant atteindre <strong>7 000 euros<\/strong>, renouvelables, \u00e0 l&rsquo;encontre des exploitations ne se conformant pas aux plafonds d&rsquo;azote apr\u00e8s des r\u00e9sultats insuffisants r\u00e9p\u00e9t\u00e9s. C&rsquo;est la premi\u00e8re fois qu&rsquo;un volet r\u00e9ellement coercitif, avec sanction p\u00e9cuniaire directe, est inscrit dans un programme d&rsquo;action nitrates breton \u2014 les six pr\u00e9c\u00e9dents programmes, d\u00e9ploy\u00e9s depuis <strong>2010<\/strong>, reposaient presque exclusivement sur l&rsquo;incitation et le volontariat.<\/p>\n<hr style=\"border:none;border-top:1px solid #e5e7eb;margin:28px 0\">\n<h2 id=\"critique\" style=\"color:#1e3a5f;border-bottom:2px solid #e2e8f0;padding-bottom:8px\"><img decoding=\"async\" src=\"https:\/\/s.w.org\/images\/core\/emoji\/17.0.2\/72x72\/1f5e3.png\" alt=\"\ud83d\udde3\" class=\"wp-smiley\" style=\"height: 1em;max-height: 1em\" \/> Pourquoi l&rsquo;association plaignante juge la r\u00e9ponse insuffisante<\/h2>\n<p>Malgr\u00e9 ces avanc\u00e9es, l&rsquo;association \u00e0 l&rsquo;origine du recours ne crie pas victoire. Son porte-parole, <strong>Arnaud Clugery<\/strong>, a estim\u00e9 que cette r\u00e9ponse r\u00e9glementaire restait insuffisante et risquait de se traduire par un simple <em>\u00ab empilement de mesures \u00bb<\/em>, alors que d&rsquo;autres leviers \u2014 <em>\u00ab notamment \u00e9conomiques \u00bb<\/em>, selon ses mots \u2014 pourraient \u00eatre mobilis\u00e9s pour s&rsquo;attaquer \u00e0 la racine du probl\u00e8me. Pour Eau et rivi\u00e8res de Bretagne, le nouveau programme ajuste les marges du syst\u00e8me agricole breton sans toucher \u00e0 sa structure : la densit\u00e9 d&rsquo;\u00e9levage qui produit l&rsquo;essentiel de l&rsquo;azote \u00e9pandu chaque ann\u00e9e sur les sols bretons.<\/p>\n<p>Cette critique rejoint un constat plus ancien, document\u00e9 depuis des ann\u00e9es par les acteurs du dossier : le c\u0153ur du probl\u00e8me n&rsquo;est pas tant l&rsquo;intensit\u00e9 des contr\u00f4les que le mod\u00e8le agricole lui-m\u00eame. Dans certains bassins versants comme la baie de Saint-Brieuc, la densit\u00e9 d&rsquo;\u00e9levage atteint en moyenne <strong>un bovin, 22 porcs et 268 volailles par hectare de surface agricole<\/strong> \u2014 un ratio animaux\/terres qui, m\u00e9caniquement, g\u00e9n\u00e8re des volumes d&rsquo;azote que les sols ne peuvent absorber int\u00e9gralement, quelle que soit la largeur des bandes enherb\u00e9es ou la fr\u00e9quence des contr\u00f4les. Tant que ce ratio n&rsquo;est pas questionn\u00e9, les mesures correctrices s&rsquo;apparentent, selon les associations environnementales, \u00e0 traiter le sympt\u00f4me sans s&rsquo;attaquer \u00e0 la cause.<\/p>\n<div style=\"background:#fff7ed;border-left:4px solid #fb923c;padding:16px 20px;border-radius:4px;margin:20px 0\">\n  <strong><img decoding=\"async\" src=\"https:\/\/s.w.org\/images\/core\/emoji\/17.0.2\/72x72\/1f4ac.png\" alt=\"\ud83d\udcac\" class=\"wp-smiley\" style=\"height: 1em;max-height: 1em\" \/> Ce que dit l&rsquo;association plaignante<\/strong><\/p>\n<p style=\"margin:8px 0 0 0\"><em>\u00ab [Cette r\u00e9ponse r\u00e9glementaire] peut conduire \u00e0 un empilement de mesures, quand d&rsquo;autres leviers, notamment \u00e9conomiques, peuvent \u00eatre mobilis\u00e9s \u00bb<\/em>, selon Arnaud Clugery, porte-parole d&rsquo;Eau et rivi\u00e8res de Bretagne, cit\u00e9 par plusieurs m\u00e9dias r\u00e9gionaux \u00e0 l&rsquo;occasion de l&rsquo;annonce pr\u00e9fectorale du 28 ao\u00fbt 2026.<\/p>\n<\/div>\n<hr style=\"border:none;border-top:1px solid #e5e7eb;margin:28px 0\">\n<h2 id=\"chiffres\" style=\"color:#1e3a5f;border-bottom:2px solid #e2e8f0;padding-bottom:8px\"><img decoding=\"async\" src=\"https:\/\/s.w.org\/images\/core\/emoji\/17.0.2\/72x72\/1f4ca.png\" alt=\"\ud83d\udcca\" class=\"wp-smiley\" style=\"height: 1em;max-height: 1em\" \/> L&rsquo;ampleur du probl\u00e8me en chiffres<\/h2>\n<p>La Bretagne compte environ <strong>110 millions<\/strong> d&rsquo;animaux d&rsquo;\u00e9levage (bovins, porcs, volailles confondus) pour une population humaine de <strong>3,4 millions<\/strong> d&rsquo;habitants, soit un rapport d&rsquo;environ <strong>32 animaux par habitant<\/strong>. Selon la Cour des comptes, plus de <strong>90 %<\/strong> des nitrates responsables de la prolif\u00e9ration des algues vertes sur le littoral breton proviennent des activit\u00e9s agricoles, tr\u00e8s majoritairement de l&rsquo;\u00e9levage intensif. Le seuil r\u00e9glementaire de <strong>18 milligrammes de nitrates par litre<\/strong> d&rsquo;eau, au-del\u00e0 duquel les mar\u00e9es vertes se d\u00e9veloppent de fa\u00e7on incontr\u00f4l\u00e9e, continue d&rsquo;\u00eatre d\u00e9pass\u00e9 dans plusieurs cours d&rsquo;eau du littoral, notamment dans les baies de Saint-Brieuc, de Douarnenez et de Lannion.<\/p>\n<p>Le co\u00fbt du nettoyage des plages envahies par les algues vertes \u2014 qui d\u00e9gagent en s\u00e9chant de l&rsquo;hydrog\u00e8ne sulfur\u00e9, un gaz toxique impliqu\u00e9 dans plusieurs incidents mortels ou graves depuis les ann\u00e9es 1980 \u2014 reste, lui, majoritairement support\u00e9 par les finances publiques locales et nationales plut\u00f4t que par les fili\u00e8res agricoles \u00e0 l&rsquo;origine de la pollution, comme le documentait d\u00e9j\u00e0 <a href=\"https:\/\/liberta.press\/2026\/08\/06\/algues-vertes-en-bretagne-lagriculture-intensive-pollue-letat-paie-pour-nettoyer\/\" style=\"color:#2563eb\">Liberta Press le 6 ao\u00fbt 2026<\/a>. Cette question du co\u00fbt de d\u00e9pollution support\u00e9 par la collectivit\u00e9 plut\u00f4t que par les pollueurs n&rsquo;est pas propre aux nitrates agricoles : elle se pose dans des termes proches pour d&rsquo;autres polluants de l&rsquo;eau, comme le <a href=\"https:\/\/liberta.press\/2026\/08\/04\/depolluer-leau-potable-des-pfas-et-pesticides-pourrait-couter-jusqua-57-milliards-deuros-par-an\/\" style=\"color:#2563eb\">co\u00fbt de d\u00e9pollution de l&rsquo;eau potable face aux PFAS<\/a>, chiffr\u00e9 jusqu&rsquo;\u00e0 5,7 milliards d&rsquo;euros par an \u00e0 l&rsquo;\u00e9chelle nationale.<\/p>\n<hr style=\"border:none;border-top:1px solid #e5e7eb;margin:28px 0\">\n<h2 id=\"historique\" style=\"color:#1e3a5f;border-bottom:2px solid #e2e8f0;padding-bottom:8px\"><img decoding=\"async\" src=\"https:\/\/s.w.org\/images\/core\/emoji\/17.0.2\/72x72\/1f4dc.png\" alt=\"\ud83d\udcdc\" class=\"wp-smiley\" style=\"height: 1em;max-height: 1em\" \/> Quinze ans de plans, un ph\u00e9nom\u00e8ne persistant<\/h2>\n<p>Le programme annonc\u00e9 le 28 ao\u00fbt 2026 est le <strong>septi\u00e8me<\/strong> du genre depuis <strong>2010<\/strong>. Les pr\u00e9c\u00e9dents plans de lutte contre les algues vertes, lanc\u00e9s sous des gouvernements de sensibilit\u00e9s politiques diff\u00e9rentes, ont mobilis\u00e9 des budgets cumul\u00e9s se chiffrant en centaines de millions d&rsquo;euros sur quinze ans, sans parvenir \u00e0 inverser durablement la tendance : les \u00e9chouages d&rsquo;algues vertes se sont maintenus, voire ont progress\u00e9 en surface et en dur\u00e9e sur certaines portions du littoral, selon les constats m\u00eames du tribunal administratif de Rennes dans son jugement de mars 2025. Cette persistance, malgr\u00e9 la succession de plans, est pr\u00e9cis\u00e9ment ce qui a justifi\u00e9 le recours contentieux de l&rsquo;association Eau et rivi\u00e8res de Bretagne : pour elle, l&rsquo;accumulation de dispositifs volontaires n&rsquo;a pas produit les r\u00e9sultats attendus, faute de s&rsquo;attaquer aux causes structurelles de la surfertilisation azot\u00e9e.<\/p>\n<p>La justice administrative a d\u00e9j\u00e0 tranch\u00e9 deux fois en faveur des associations environnementales sur ce dossier : une premi\u00e8re fois en <strong>2023<\/strong> devant le tribunal administratif de Rennes (recours conjoint d&rsquo;Eau et rivi\u00e8res de Bretagne et de l&rsquo;association Sauvegarde du Tr\u00e9gor-Go\u00eblo-Penthi\u00e8vre), puis une seconde fois en <strong>mars 2025<\/strong>. Ce doublement des condamnations juridictionnelles, en l&rsquo;espace de deux ans, illustre la difficult\u00e9 structurelle de l&rsquo;\u00c9tat \u00e0 concilier objectifs environnementaux et poids \u00e9conomique de la fili\u00e8re agroalimentaire bretonne, premier employeur r\u00e9gional dans ce secteur en France.<\/p>\n<hr style=\"border:none;border-top:1px solid #e5e7eb;margin:28px 0\">\n<h2 id=\"comparaison\" style=\"color:#1e3a5f;border-bottom:2px solid #e2e8f0;padding-bottom:8px\"><img decoding=\"async\" src=\"https:\/\/s.w.org\/images\/core\/emoji\/17.0.2\/72x72\/1f30d.png\" alt=\"\ud83c\udf0d\" class=\"wp-smiley\" style=\"height: 1em;max-height: 1em\" \/> Ce que d&rsquo;autres r\u00e9gions agricoles europ\u00e9ennes ont fait diff\u00e9remment<\/h2>\n<p>La situation bretonne n&rsquo;est pas isol\u00e9e en Europe, mais le traitement du probl\u00e8me y diff\u00e8re sensiblement. Aux Pays-Bas, confront\u00e9s \u00e0 une probl\u00e9matique structurellement proche (forte densit\u00e9 d&rsquo;\u00e9levage, exc\u00e9dents d&rsquo;azote), le gouvernement a engag\u00e9 depuis 2022 un programme de rachat et de fermeture volontaire d&rsquo;exploitations d&rsquo;\u00e9levage intensif situ\u00e9es dans les zones les plus pollu\u00e9es, dot\u00e9 de plusieurs milliards d&rsquo;euros \u2014 une politique de r\u00e9duction du cheptel directement assum\u00e9e comme telle, et qui a suscit\u00e9 une forte contestation agricole. En Bretagne, aucun des sept programmes d&rsquo;action nitrates successifs n&rsquo;a comport\u00e9 de volet \u00e9quivalent de r\u00e9duction structurelle du cheptel : l&rsquo;approche fran\u00e7aise reste centr\u00e9e sur l&rsquo;encadrement des pratiques d&rsquo;\u00e9pandage plut\u00f4t que sur le volume d&rsquo;\u00e9levage lui-m\u00eame, ce qui alimente la critique r\u00e9currente des associations environnementales sur le caract\u00e8re <em>\u00ab palliatif \u00bb<\/em> plut\u00f4t que curatif des plans successifs.<\/p>\n<hr style=\"border:none;border-top:1px solid #e5e7eb;margin:28px 0\">\n<h2 id=\"suite\" style=\"color:#1e3a5f;border-bottom:2px solid #e2e8f0;padding-bottom:8px\"><img decoding=\"async\" src=\"https:\/\/s.w.org\/images\/core\/emoji\/17.0.2\/72x72\/1f50e.png\" alt=\"\ud83d\udd0e\" class=\"wp-smiley\" style=\"height: 1em;max-height: 1em\" \/> Ce qu&rsquo;il faut surveiller maintenant<\/h2>\n<ul style=\"padding-left:20px\">\n<li>La mise en \u0153uvre effective des contr\u00f4les et analyses de sol annonc\u00e9s \u00e0 partir d&rsquo;<strong>octobre 2026<\/strong>, et le nombre de mises en demeure r\u00e9ellement prononc\u00e9es.<\/li>\n<li>Une \u00e9ventuelle nouvelle action contentieuse d&rsquo;Eau et rivi\u00e8res de Bretagne si le programme est jug\u00e9, \u00e0 l&rsquo;usage, insuffisant pour faire baisser les concentrations de nitrates sous le seuil de <strong>18 mg\/l<\/strong>.<\/li>\n<li>Le bilan des \u00e9chouages d&rsquo;algues vertes sur le littoral breton lors de la saison 2027, premier indicateur concret de l&rsquo;effet \u2014 ou de l&rsquo;absence d&rsquo;effet \u2014 du 7e programme.<\/li>\n<li>La r\u00e9action des organisations agricoles bretonnes, dont l&rsquo;opposition a par le pass\u00e9 frein\u00e9 ou \u00e9dulcor\u00e9 plusieurs dispositions des pr\u00e9c\u00e9dents plans.<\/li>\n<\/ul>\n<h2 style=\"color:#1e3a5f;border-bottom:2px solid #e2e8f0;padding-bottom:8px\"><img decoding=\"async\" src=\"https:\/\/s.w.org\/images\/core\/emoji\/17.0.2\/72x72\/2705.png\" alt=\"\u2705\" class=\"wp-smiley\" style=\"height: 1em;max-height: 1em\" \/> Conclusion<\/h2>\n<p>Dix-sept mois apr\u00e8s avoir \u00e9t\u00e9 somm\u00e9e par la justice de renforcer sa lutte contre les nitrates agricoles, l&rsquo;\u00c9tat a fini par produire une r\u00e9ponse structur\u00e9e : bandes enherb\u00e9es \u00e9largies, zones \u00e0 enjeu cibl\u00e9es, sanctions financi\u00e8res in\u00e9dites. Mais le d\u00e9saccord de fond, lui, demeure entier. Pour l&rsquo;association qui a obtenu gain de cause devant les tribunaux \u00e0 deux reprises en trois ans, la nouvelle r\u00e9glementation ajuste les curseurs d&rsquo;un syst\u00e8me agricole dont la densit\u00e9 d&rsquo;\u00e9levage \u2014 et non la seule gestion des \u00e9pandages \u2014 reste la cause structurelle de la pollution. <em>Un dossier qui illustre, une fois de plus, la difficult\u00e9 de faire co\u00efncider l&rsquo;\u00e9chelle du temps judiciaire avec celle, beaucoup plus lente, de la transformation d&rsquo;un mod\u00e8le \u00e9conomique r\u00e9gional entier.<\/em><\/p>\n<div style=\"background:#fef2f2;border-left:4px solid #ef4444;padding:16px 20px;border-radius:4px;margin:24px 0\">\n  <strong><img decoding=\"async\" src=\"https:\/\/s.w.org\/images\/core\/emoji\/17.0.2\/72x72\/26a0.png\" alt=\"\u26a0\" class=\"wp-smiley\" style=\"height: 1em;max-height: 1em\" \/> Rappel sur les limites de cet article<\/strong><\/p>\n<p style=\"margin:8px 0 0 0\">Le contenu int\u00e9gral et le calendrier d\u00e9taill\u00e9 du 7e programme d&rsquo;actions r\u00e9gional nitrates n&rsquo;ont pas fait l&rsquo;objet d&rsquo;une publication officielle exhaustive accessible au moment de la r\u00e9daction ; les chiffres cit\u00e9s (zones \u00e0 enjeu \u00e0 20 %, bandes enherb\u00e9es \u00e0 10 m\u00e8tres, sanctions jusqu&rsquo;\u00e0 7 000 euros) proviennent de comptes rendus de presse r\u00e9gionale recoup\u00e9s, non du texte r\u00e9glementaire lui-m\u00eame. La citation d&rsquo;Arnaud Clugery est reprise de comptes rendus journalistiques et n&rsquo;a pas pu \u00eatre v\u00e9rifi\u00e9e directement aupr\u00e8s de l&rsquo;association au moment de la publication. L&rsquo;article source de Reporterre n&rsquo;a pas pu \u00eatre consult\u00e9 directement (acc\u00e8s restreint) ; les informations qu&rsquo;il contient ont \u00e9t\u00e9 recoup\u00e9es via d&rsquo;autres m\u00e9dias r\u00e9gionaux et sp\u00e9cialis\u00e9s.<\/p>\n<\/div>\n<h2 id=\"faq\" style=\"color:#1e3a5f;border-bottom:2px solid #e2e8f0;padding-bottom:8px\"><img decoding=\"async\" src=\"https:\/\/s.w.org\/images\/core\/emoji\/17.0.2\/72x72\/2753.png\" alt=\"\u2753\" class=\"wp-smiley\" style=\"height: 1em;max-height: 1em\" \/> Questions fr\u00e9quentes<\/h2>\n<p><strong>Le nouveau programme de la pr\u00e9fecture remet-il en cause l&rsquo;\u00e9levage intensif en Bretagne ?<\/strong><br \/>Non. Les mesures annonc\u00e9es le 28 ao\u00fbt 2026 portent sur l&rsquo;encadrement des pratiques agricoles (bandes enherb\u00e9es, plafonds d&rsquo;azote, contr\u00f4les) mais ne comportent aucun dispositif de r\u00e9duction du cheptel, contrairement \u00e0 ce que r\u00e9clame l&rsquo;association Eau et rivi\u00e8res de Bretagne.<\/p>\n<p><strong>Quelles sanctions risquent les exploitations qui ne respectent pas les nouvelles r\u00e8gles ?<\/strong><br \/>La pr\u00e9fecture peut d\u00e9sormais prononcer des mises en demeure assorties d&rsquo;amendes pouvant atteindre <strong>7 000 euros<\/strong>, renouvelables en cas de r\u00e9sultats insuffisants r\u00e9p\u00e9t\u00e9s \u2014 une premi\u00e8re dans les programmes d&rsquo;action nitrates bretons.<\/p>\n<p><strong>Depuis quand la justice est-elle intervenue sur ce dossier ?<\/strong><br \/>Le tribunal administratif de Rennes a rendu deux d\u00e9cisions favorables aux associations environnementales : une en 2023, une seconde le <strong>13 mars 2025<\/strong>, cette derni\u00e8re ayant directement d\u00e9bouch\u00e9 sur l&rsquo;annonce du 28 ao\u00fbt 2026.<\/p>\n<p><strong>Qui doit payer le nettoyage des plages envahies par les algues vertes ?<\/strong><br \/>Actuellement, l&rsquo;essentiel du co\u00fbt du ramassage et du traitement des algues \u00e9chou\u00e9es est support\u00e9 par les collectivit\u00e9s locales et l&rsquo;\u00c9tat, alors que la pollution \u00e0 l&rsquo;origine du ph\u00e9nom\u00e8ne provient \u00e0 plus de 90 % de l&rsquo;agriculture, selon la Cour des comptes.<\/p>\n<h2 id=\"sources\" style=\"color:#1e3a5f;border-bottom:2px solid #e2e8f0;padding-bottom:8px\"><img decoding=\"async\" src=\"https:\/\/s.w.org\/images\/core\/emoji\/17.0.2\/72x72\/1f4da.png\" alt=\"\ud83d\udcda\" class=\"wp-smiley\" style=\"height: 1em;max-height: 1em\" \/> Sources<\/h2>\n<ol style=\"padding-left:20px\">\n<li><a href=\"https:\/\/www.linfodurable.fr\/environnement\/contraint-par-la-justice-letat-renforce-la-lutte-contre-les-algues-vertes-58732\" target=\"_blank\" rel=\"noopener noreferrer\" style=\"color:#2563eb\">L&rsquo;Info Durable \u2014 \u00ab Contraint par la justice, l&rsquo;\u00c9tat renforce la lutte contre les algues vertes \u00bb<\/a><\/li>\n<li><a href=\"https:\/\/www.ici.fr\/bretagne\/morbihan-56\/vannes\/algues-vertes-en-bretagne-la-prefecture-de-region-renforce-les-mesures-apres-l-injonction-de-la-justice-6520371\" target=\"_blank\" rel=\"noopener noreferrer\" style=\"color:#2563eb\">ICI Bretagne \u2014 \u00ab La pr\u00e9fecture de r\u00e9gion renforce les mesures, apr\u00e8s l&rsquo;injonction de la justice \u00bb<\/a><\/li>\n<li><a href=\"https:\/\/rennes.tribunal-administratif.fr\/decisions-de-justice\/dernieres-decisions\/insuffisance-des-mesures-mises-en-aeuvre-par-l-etat-pour-lutter-contre-les-pollutions-causees-par-les-nitrates-d-origine-agricole\" target=\"_blank\" rel=\"noopener noreferrer\" style=\"color:#2563eb\">Tribunal administratif de Rennes \u2014 d\u00e9cision du 13 mars 2025<\/a><\/li>\n<li><a href=\"https:\/\/www.eau-et-rivieres.org\/la-saga-des-marees-vertes\" target=\"_blank\" rel=\"noopener noreferrer\" style=\"color:#2563eb\">Eau et Rivi\u00e8res de Bretagne \u2014 \u00ab La saga des mar\u00e9es vertes \u00bb<\/a><\/li>\n<li><a href=\"https:\/\/liberta.press\/2026\/08\/06\/algues-vertes-en-bretagne-lagriculture-intensive-pollue-letat-paie-pour-nettoyer\/\" target=\"_blank\" rel=\"noopener noreferrer\" style=\"color:#2563eb\">Liberta Press \u2014 \u00ab Algues vertes en Bretagne : l&rsquo;agriculture intensive pollue, l&rsquo;\u00c9tat paie pour nettoyer \u00bb (06\/08\/2026)<\/a><\/li>\n<\/ol>\n<\/div>\n<p class=\"verinews-source\">Source : <a href=\"https:\/\/liberta.press\/2026\/08\/30\/algues-vertes-bretagne-mesures-2026\/\" target=\"_blank\" rel=\"nofollow noopener\">Lire l\u2019article original<\/a><\/p>\n","protected":false},"excerpt":{"rendered":"<p>Environnement 28 ao\u00fbt 2026 \u26a0\ufe0f En bref : la pr\u00e9fecture de Bretagne a annonc\u00e9 le 28 ao\u00fbt 2026 un nouveau programme de lutte contre les algues vertes, contrainte par une d\u00e9cision de justice obtenue par\u2026<\/p>\n","protected":false},"author":1,"featured_media":31591,"comment_status":"open","ping_status":"open","sticky":false,"template":"","format":"standard","meta":{"footnotes":""},"categories":[1],"tags":[],"class_list":["post-31590","post","type-post","status-publish","format-standard","has-post-thumbnail","hentry","category-non-classe"],"_links":{"self":[{"href":"https:\/\/monde25.info\/index.php\/wp-json\/wp\/v2\/posts\/31590","targetHints":{"allow":["GET"]}}],"collection":[{"href":"https:\/\/monde25.info\/index.php\/wp-json\/wp\/v2\/posts"}],"about":[{"href":"https:\/\/monde25.info\/index.php\/wp-json\/wp\/v2\/types\/post"}],"author":[{"embeddable":true,"href":"https:\/\/monde25.info\/index.php\/wp-json\/wp\/v2\/users\/1"}],"replies":[{"embeddable":true,"href":"https:\/\/monde25.info\/index.php\/wp-json\/wp\/v2\/comments?post=31590"}],"version-history":[{"count":0,"href":"https:\/\/monde25.info\/index.php\/wp-json\/wp\/v2\/posts\/31590\/revisions"}],"wp:featuredmedia":[{"embeddable":true,"href":"https:\/\/monde25.info\/index.php\/wp-json\/wp\/v2\/media\/31591"}],"wp:attachment":[{"href":"https:\/\/monde25.info\/index.php\/wp-json\/wp\/v2\/media?parent=31590"}],"wp:term":[{"taxonomy":"category","embeddable":true,"href":"https:\/\/monde25.info\/index.php\/wp-json\/wp\/v2\/categories?post=31590"},{"taxonomy":"post_tag","embeddable":true,"href":"https:\/\/monde25.info\/index.php\/wp-json\/wp\/v2\/tags?post=31590"}],"curies":[{"name":"wp","href":"https:\/\/api.w.org\/{rel}","templated":true}]}}