{"id":31592,"date":"2026-08-31T02:40:59","date_gmt":"2026-08-31T00:40:59","guid":{"rendered":"https:\/\/monde25.info\/index.php\/2026\/08\/31\/la-personne-la-plus-terrible-et-la-plus-tragique-du-xxeme-siecle-serbe\/"},"modified":"2026-08-31T02:40:59","modified_gmt":"2026-08-31T00:40:59","slug":"la-personne-la-plus-terrible-et-la-plus-tragique-du-xxeme-siecle-serbe","status":"publish","type":"post","link":"https:\/\/monde25.info\/index.php\/2026\/08\/31\/la-personne-la-plus-terrible-et-la-plus-tragique-du-xxeme-siecle-serbe\/","title":{"rendered":"La personne la plus terrible et la plus tragique du XX\u00e8me si\u00e8cle serbe"},"content":{"rendered":"<p>Il est plus facile \u2013 et pour les descendants de ses victimes, compr\u00e9hensible, presque impossible \u2013 d&rsquo;imaginer Ratko Mladi\u0107 comme s&rsquo;il \u00e9tait n\u00e9 tel que nous nous le rappelons de Srebrenica : ostentatoire, enivr\u00e9 par la victoire sur une ville qui ne s&rsquo;\u00e9tait m\u00eame pas d\u00e9fendue, devant les cam\u00e9ras qui enregistraient comment deux si\u00e8cles d&rsquo;histoire se comprimaient en une seule phrase sombre sur le fait que, apr\u00e8s la r\u00e9volte contre les dahias (NDLR : dahias, ou dahije en serbe, d\u00e9signent un groupe (\u2026)<\/p>\n<p>&#8211;<br \/>\n<a href=\"https:\/\/www.legrandsoir.info\/-articles-.html\" rel=\"directory\">ARTICLES <\/a><\/p>\n<p>\/<br \/>\n<a href=\"https:\/\/www.legrandsoir.info\/+-bosnie-herzegovine-+.html\" rel=\"tag\">Bosnie-Herzegovine<\/a>,<br \/>\n<a href=\"https:\/\/www.legrandsoir.info\/+-serbie-+.html\" rel=\"tag\">Serbie<\/a><\/p>\n<p class=\"verinews-source\">Source : <a href=\"https:\/\/www.legrandsoir.info\/la-personne-la-plus-terrible-et-la-plus-tragique-du-xxeme-siecle-serbe.html\" target=\"_blank\" rel=\"nofollow noopener\">Lire l\u2019article original<\/a><\/p>\n","protected":false},"excerpt":{"rendered":"<p>Il est plus facile \u2013 et pour les descendants de ses victimes, compr\u00e9hensible, presque impossible \u2013 d&rsquo;imaginer Ratko Mladi\u0107 comme s&rsquo;il \u00e9tait n\u00e9 tel que nous nous le rappelons de Srebrenica : ostentatoire, enivr\u00e9 par\u2026<\/p>\n","protected":false},"author":1,"featured_media":27996,"comment_status":"open","ping_status":"open","sticky":false,"template":"","format":"standard","meta":{"footnotes":""},"categories":[1],"tags":[],"class_list":["post-31592","post","type-post","status-publish","format-standard","has-post-thumbnail","hentry","category-non-classe"],"_links":{"self":[{"href":"https:\/\/monde25.info\/index.php\/wp-json\/wp\/v2\/posts\/31592","targetHints":{"allow":["GET"]}}],"collection":[{"href":"https:\/\/monde25.info\/index.php\/wp-json\/wp\/v2\/posts"}],"about":[{"href":"https:\/\/monde25.info\/index.php\/wp-json\/wp\/v2\/types\/post"}],"author":[{"embeddable":true,"href":"https:\/\/monde25.info\/index.php\/wp-json\/wp\/v2\/users\/1"}],"replies":[{"embeddable":true,"href":"https:\/\/monde25.info\/index.php\/wp-json\/wp\/v2\/comments?post=31592"}],"version-history":[{"count":0,"href":"https:\/\/monde25.info\/index.php\/wp-json\/wp\/v2\/posts\/31592\/revisions"}],"wp:featuredmedia":[{"embeddable":true,"href":"https:\/\/monde25.info\/index.php\/wp-json\/wp\/v2\/media\/27996"}],"wp:attachment":[{"href":"https:\/\/monde25.info\/index.php\/wp-json\/wp\/v2\/media?parent=31592"}],"wp:term":[{"taxonomy":"category","embeddable":true,"href":"https:\/\/monde25.info\/index.php\/wp-json\/wp\/v2\/categories?post=31592"},{"taxonomy":"post_tag","embeddable":true,"href":"https:\/\/monde25.info\/index.php\/wp-json\/wp\/v2\/tags?post=31592"}],"curies":[{"name":"wp","href":"https:\/\/api.w.org\/{rel}","templated":true}]}}