{"id":31593,"date":"2026-08-31T08:01:16","date_gmt":"2026-08-31T06:01:16","guid":{"rendered":"https:\/\/monde25.info\/index.php\/2026\/08\/31\/interpol-et-la-repression-politique\/"},"modified":"2026-08-31T08:01:16","modified_gmt":"2026-08-31T06:01:16","slug":"interpol-et-la-repression-politique","status":"publish","type":"post","link":"https:\/\/monde25.info\/index.php\/2026\/08\/31\/interpol-et-la-repression-politique\/","title":{"rendered":"Interpol et la r\u00e9pression politique"},"content":{"rendered":"<p>Tadjikistan, Turkm\u00e9nistan et Ouzb\u00e9kistan n&rsquo;h\u00e9sitent plus \u00e0 poursuivre \u00e0 l&rsquo;\u00e9tranger leurs ressortissants exil\u00e9s, y compris dans des pays europ\u00e9ens. Cette r\u00e9pression transnationale s&rsquo;appuie notamment sur l&rsquo;\u00e9mission d&rsquo;informations qui pr\u00e9sentent certains demandeurs d&rsquo;asile comme des terroristes ou (\u2026)<br \/>\n \/ <a href=\"https:\/\/www.monde-diplomatique.fr\/index\/pays\/turkmenistan\" rel=\"tag\">Turkm\u00e9nistan<\/a>, <a href=\"https:\/\/www.monde-diplomatique.fr\/index\/pays\/tadjikistan\" rel=\"tag\">Tadjikistan<\/a>, <a href=\"https:\/\/www.monde-diplomatique.fr\/index\/pays\/ouzbekistan\" rel=\"tag\">Ouzb\u00e9kistan<\/a>, <a href=\"https:\/\/www.monde-diplomatique.fr\/index\/pays\/asiecentrale\" rel=\"tag\">Asie centrale<\/a>, <a href=\"https:\/\/www.monde-diplomatique.fr\/index\/sujet\/repression\" rel=\"tag\">R\u00e9pression<\/a>, <a href=\"https:\/\/www.monde-diplomatique.fr\/index\/sujet\/droitshumains\" rel=\"tag\">Droits humains<\/a>, <a href=\"https:\/\/www.monde-diplomatique.fr\/index\/sujet\/terrorisme\" rel=\"tag\">Terrorisme<\/a><\/p>\n<p class=\"verinews-source\">Source : <a href=\"https:\/\/www.monde-diplomatique.fr\/2026\/09\/ROBERT\/69880\" target=\"_blank\" rel=\"nofollow noopener\">Lire l\u2019article original<\/a><\/p>\n","protected":false},"excerpt":{"rendered":"<p>Tadjikistan, Turkm\u00e9nistan et Ouzb\u00e9kistan n&rsquo;h\u00e9sitent plus \u00e0 poursuivre \u00e0 l&rsquo;\u00e9tranger leurs ressortissants exil\u00e9s, y compris dans des pays europ\u00e9ens. Cette r\u00e9pression transnationale s&rsquo;appuie notamment sur l&rsquo;\u00e9mission d&rsquo;informations qui pr\u00e9sentent certains demandeurs d&rsquo;asile comme des terroristes\u2026<\/p>\n","protected":false},"author":1,"featured_media":27996,"comment_status":"open","ping_status":"open","sticky":false,"template":"","format":"standard","meta":{"footnotes":""},"categories":[1],"tags":[],"class_list":["post-31593","post","type-post","status-publish","format-standard","has-post-thumbnail","hentry","category-non-classe"],"_links":{"self":[{"href":"https:\/\/monde25.info\/index.php\/wp-json\/wp\/v2\/posts\/31593","targetHints":{"allow":["GET"]}}],"collection":[{"href":"https:\/\/monde25.info\/index.php\/wp-json\/wp\/v2\/posts"}],"about":[{"href":"https:\/\/monde25.info\/index.php\/wp-json\/wp\/v2\/types\/post"}],"author":[{"embeddable":true,"href":"https:\/\/monde25.info\/index.php\/wp-json\/wp\/v2\/users\/1"}],"replies":[{"embeddable":true,"href":"https:\/\/monde25.info\/index.php\/wp-json\/wp\/v2\/comments?post=31593"}],"version-history":[{"count":0,"href":"https:\/\/monde25.info\/index.php\/wp-json\/wp\/v2\/posts\/31593\/revisions"}],"wp:featuredmedia":[{"embeddable":true,"href":"https:\/\/monde25.info\/index.php\/wp-json\/wp\/v2\/media\/27996"}],"wp:attachment":[{"href":"https:\/\/monde25.info\/index.php\/wp-json\/wp\/v2\/media?parent=31593"}],"wp:term":[{"taxonomy":"category","embeddable":true,"href":"https:\/\/monde25.info\/index.php\/wp-json\/wp\/v2\/categories?post=31593"},{"taxonomy":"post_tag","embeddable":true,"href":"https:\/\/monde25.info\/index.php\/wp-json\/wp\/v2\/tags?post=31593"}],"curies":[{"name":"wp","href":"https:\/\/api.w.org\/{rel}","templated":true}]}}