{"id":31596,"date":"2026-08-31T12:41:00","date_gmt":"2026-08-31T10:41:00","guid":{"rendered":"https:\/\/monde25.info\/index.php\/2026\/08\/31\/fonds-vert-2027-1-milliard-deuros-une-hausse-loin-des-besoins-selon-les-elus\/"},"modified":"2026-08-31T12:41:00","modified_gmt":"2026-08-31T10:41:00","slug":"fonds-vert-2027-1-milliard-deuros-une-hausse-loin-des-besoins-selon-les-elus","status":"publish","type":"post","link":"https:\/\/monde25.info\/index.php\/2026\/08\/31\/fonds-vert-2027-1-milliard-deuros-une-hausse-loin-des-besoins-selon-les-elus\/","title":{"rendered":"Fonds vert 2027 : 1 milliard d\u2019euros, une hausse loin des besoins selon les \u00e9lus"},"content":{"rendered":"<div style=\"max-width: 760px;margin: 0 auto;line-height: 1.8;font-family: system-ui, -apple-system, &apos;Segoe UI&apos;, sans-serif;color: #1a1a2e;font-size: 16px\">\n<div style=\"background: linear-gradient(135deg,#1e3a5f 0%,#2563eb 100%);color: #fff;padding: 20px 24px;border-radius: 10px;margin-bottom: 24px\">\n  <span style=\"padding: 4px 12px;border-radius: 20px;font-size: 13px;font-weight: 600\"><img decoding=\"async\" src=\"https:\/\/s.w.org\/images\/core\/emoji\/17.0.2\/72x72\/1f333.png\" alt=\"\ud83c\udf33\" class=\"wp-smiley\" style=\"height: 1em;max-height: 1em\" \/> Environnement<\/span><\/p>\n<div style=\"margin-top: 8px;font-size: 14px;opacity: 0.9\">28 ao\u00fbt 2026<\/div>\n<\/div>\n<div style=\"background: #fff7ed;border-left: 4px solid #fb923c;padding: 16px 20px;border-radius: 6px;margin-bottom: 24px\">\n  <strong><img decoding=\"async\" src=\"https:\/\/s.w.org\/images\/core\/emoji\/17.0.2\/72x72\/26a0.png\" alt=\"\u26a0\" class=\"wp-smiley\" style=\"height: 1em;max-height: 1em\" \/> Une hausse loin des besoins.<\/strong> Le gouvernement annonce porter le Fonds vert \u00e0 <strong>1 milliard d&rsquo;euros<\/strong> en 2027, contre environ <strong>840 millions<\/strong> en 2026 \u2014 mais ce montant ne repr\u00e9sente que <strong>40 %<\/strong> de son niveau de 2024 (2,5 milliards d&rsquo;euros). Les associations d&rsquo;\u00e9lus locaux jugent l&rsquo;effort insuffisant.\n<\/div>\n<div style=\"background: #f8fafc;border: 1px solid #e2e8f0;border-radius: 8px;padding: 20px 24px;margin-bottom: 28px\">\n  <strong><img decoding=\"async\" src=\"https:\/\/s.w.org\/images\/core\/emoji\/17.0.2\/72x72\/1f4cb.png\" alt=\"\ud83d\udccb\" class=\"wp-smiley\" style=\"height: 1em;max-height: 1em\" \/> Sommaire<\/strong><\/p>\n<ol style=\"margin: 10px 0 0;padding-left: 20px\">\n<li><a href=\"#resume\">Combien le Fonds vert va-t-il toucher en 2027 ?<\/a><\/li>\n<li><a href=\"#chute\">Une chute de 60 % depuis 2024, une remont\u00e9e partielle<\/a><\/li>\n<li><a href=\"#repartition\">\u00c0 quoi servira ce milliard d&rsquo;euros<\/a><\/li>\n<li><a href=\"#elus\">\u00ab Ce n&rsquo;est pas s\u00e9rieux \u00bb : la col\u00e8re des \u00e9lus locaux<\/a><\/li>\n<li><a href=\"#contexte\">Un nouvel \u00e9pisode de l&rsquo;\u00e9cart entre annonces et ex\u00e9cution budg\u00e9taire<\/a><\/li>\n<li><a href=\"#fctva\">Le FCTVA \u00ab verdi \u00bb : une piste encore floue<\/a><\/li>\n<li><a href=\"#faq\">Questions fr\u00e9quentes<\/a><\/li>\n<\/ol>\n<\/div>\n<div style=\"background: #fefce8;border-left: 4px solid #facc15;padding: 18px 22px;border-radius: 6px;margin-bottom: 28px;font-style: italic\">\n  Mathieu Lef\u00e8vre, ministre d\u00e9l\u00e9gu\u00e9 charg\u00e9 de la Transition \u00e9cologique, a annonc\u00e9 le <strong>23 ao\u00fbt 2026<\/strong> sur Franceinfo que le Fonds vert \u2014 l&rsquo;enveloppe budg\u00e9taire qui aide les collectivit\u00e9s locales \u00e0 financer leurs travaux d&rsquo;adaptation climatique \u2014 serait port\u00e9 \u00e0 <strong>1 milliard d&rsquo;euros<\/strong> dans le projet de budget 2027, contre environ 840 millions d&rsquo;euros en 2026. Une hausse r\u00e9elle de 160 millions d&rsquo;euros, mais qui laisse le fonds \u00e0 moins de la moiti\u00e9 de son niveau de cr\u00e9ation en 2024 (2,5 milliards d&rsquo;euros), suscitant l&rsquo;agacement des associations d&rsquo;\u00e9lus locaux.\n<\/div>\n<h2 id=\"resume\" style=\"color: #1e40af;border-bottom: 2px solid #e5e7eb;padding-bottom: 8px\"><img decoding=\"async\" src=\"https:\/\/s.w.org\/images\/core\/emoji\/17.0.2\/72x72\/1f50e.png\" alt=\"\ud83d\udd0e\" class=\"wp-smiley\" style=\"height: 1em;max-height: 1em\" \/> Combien le Fonds vert va-t-il toucher en 2027 ?<\/h2>\n<p>Le Fonds vert, dispositif budg\u00e9taire de l&rsquo;\u00c9tat destin\u00e9 \u00e0 aider les collectivit\u00e9s locales \u00e0 financer leur transition \u00e9cologique, sera dot\u00e9 de <strong>1 milliard d&rsquo;euros<\/strong> en 2027 selon l&rsquo;annonce du ministre d\u00e9l\u00e9gu\u00e9 \u00e0 la Transition \u00e9cologique Mathieu Lef\u00e8vre, le 23 ao\u00fbt 2026. Cette enveloppe repr\u00e9sente une hausse de <strong>160 millions d&rsquo;euros<\/strong> par rapport aux quelque 840 millions d&rsquo;euros de 2026, mais reste tr\u00e8s inf\u00e9rieure aux 2,5 milliards d&rsquo;euros allou\u00e9s lors de la cr\u00e9ation du fonds en 2024 \u2014 soit environ <strong>40 % seulement<\/strong> de ce niveau initial.<\/p>\n<hr style=\"border: none;border-top: 1px solid #e5e7eb;margin: 28px 0\">\n<h2 id=\"chute\" style=\"color: #1e40af;border-bottom: 2px solid #e5e7eb;padding-bottom: 8px\"><img decoding=\"async\" src=\"https:\/\/s.w.org\/images\/core\/emoji\/17.0.2\/72x72\/1f4c9.png\" alt=\"\ud83d\udcc9\" class=\"wp-smiley\" style=\"height: 1em;max-height: 1em\" \/> Une chute de 60 % depuis 2024, une remont\u00e9e partielle<\/h2>\n<p>Cr\u00e9\u00e9 en 2023 et dot\u00e9 de 2,5 milliards d&rsquo;euros d\u00e8s 2024, le Fonds vert a ensuite \u00e9t\u00e9 fortement r\u00e9duit dans les budgets successifs, jusqu&rsquo;\u00e0 ne plus repr\u00e9senter qu&rsquo;environ 840 millions d&rsquo;euros en 2026 \u2014 une baisse de plus de 66 % en deux ans. L&rsquo;annonce du 23 ao\u00fbt pour 2027 marque donc un premier rebond, mais un rebond partiel : \u00e0 1 milliard d&rsquo;euros, le fonds reste \u00ab largement d\u00e9garni \u00bb par rapport \u00e0 sa dotation d&rsquo;origine, pour reprendre l&rsquo;expression des observateurs du secteur, et ne couvre qu&rsquo;une fraction des besoins d&rsquo;investissement des collectivit\u00e9s en mati\u00e8re d&rsquo;adaptation climatique.<\/p>\n<hr style=\"border: none;border-top: 1px solid #e5e7eb;margin: 28px 0\">\n<h2 id=\"repartition\" style=\"color: #1e40af;border-bottom: 2px solid #e5e7eb;padding-bottom: 8px\"><img decoding=\"async\" src=\"https:\/\/s.w.org\/images\/core\/emoji\/17.0.2\/72x72\/1f332.png\" alt=\"\ud83c\udf32\" class=\"wp-smiley\" style=\"height: 1em;max-height: 1em\" \/> \u00c0 quoi servira ce milliard d&rsquo;euros<\/h2>\n<p>Selon les \u00e9l\u00e9ments communiqu\u00e9s par le gouvernement, plus de la moiti\u00e9 de l&rsquo;enveloppe 2027 sera consacr\u00e9e \u00e0 l&rsquo;<strong>adaptation au changement climatique<\/strong>, notamment la r\u00e9novation thermique des b\u00e2timents publics (isolation, r\u00e9duction de la consommation \u00e9nerg\u00e9tique). Une ligne sp\u00e9cifique de <strong>100 millions d&rsquo;euros<\/strong> sera par ailleurs d\u00e9di\u00e9e au <strong>renouvellement forestier<\/strong>, dans le sillage direct des incendies exceptionnels de l&rsquo;\u00e9t\u00e9 2026 : au niveau national, <strong>91 618 hectares<\/strong> de for\u00eats et espaces naturels ont br\u00fbl\u00e9 cette ann\u00e9e, soit une hausse de <strong>521 %<\/strong> par rapport \u00e0 la moyenne annuelle 2000-2025, dont plus de 47 000 hectares pour les seuls incendies de Gironde et des Landes. Le Fonds vert reste, historiquement, l&rsquo;un des principaux leviers par lesquels les communes et intercommunalit\u00e9s financent l&rsquo;isolation de leurs \u00e9coles, mairies ou gymnases, ainsi que le d\u00e9veloppement de pistes cyclables.<\/p>\n<hr style=\"border: none;border-top: 1px solid #e5e7eb;margin: 28px 0\">\n<h2 id=\"elus\" style=\"color: #1e40af;border-bottom: 2px solid #e5e7eb;padding-bottom: 8px\"><img decoding=\"async\" src=\"https:\/\/s.w.org\/images\/core\/emoji\/17.0.2\/72x72\/1f620.png\" alt=\"\ud83d\ude20\" class=\"wp-smiley\" style=\"height: 1em;max-height: 1em\" \/> \u00ab Ce n&rsquo;est pas s\u00e9rieux \u00bb : la col\u00e8re des \u00e9lus locaux<\/h2>\n<p>Jean-Fran\u00e7ois Vigier, maire UDI de Bures-sur-Yvette et vice-pr\u00e9sident de l&rsquo;Association des maires de France (AMF), a r\u00e9agi vivement \u00e0 l&rsquo;annonce, jugeant que \u00ab ce n&rsquo;est pas s\u00e9rieux \u00bb au regard des besoins d&rsquo;investissement r\u00e9els des collectivit\u00e9s. Pour lui, \u00ab un engagement raisonnable serait de porter [le Fonds vert] au niveau de 2024 \u00bb \u2014 soit 2,5 milliards d&rsquo;euros, plus du double du montant annonc\u00e9 pour 2027. Les associations d&rsquo;\u00e9lus locaux d\u00e9plorent plus largement une instabilit\u00e9 budg\u00e9taire chronique qui complique la planification de leurs investissements pluriannuels, et r\u00e9clament des engagements fermes sur plusieurs ann\u00e9es plut\u00f4t que des annonces r\u00e9vis\u00e9es chaque exercice budg\u00e9taire.<\/p>\n<div style=\"background: #fff7ed;border-left: 4px solid #fb923c;padding: 16px 20px;border-radius: 6px;margin: 20px 0\">\n  <strong><img decoding=\"async\" src=\"https:\/\/s.w.org\/images\/core\/emoji\/17.0.2\/72x72\/26a0.png\" alt=\"\u26a0\" class=\"wp-smiley\" style=\"height: 1em;max-height: 1em\" \/> \u00c0 noter<\/strong><\/p>\n<p style=\"margin: 8px 0 0\">Plusieurs parlementaires appellent par ailleurs l&rsquo;ex\u00e9cutif \u00e0 ne pas parall\u00e8lement \u00ab ponctionner les dotations et soutiens \u00e0 l&rsquo;investissement local \u00bb, rappelant que le Fonds vert n&rsquo;est qu&rsquo;une ligne budg\u00e9taire parmi d&rsquo;autres concernant les finances des collectivit\u00e9s, elles-m\u00eames sous tension dans le cadre plus large de la pr\u00e9paration du budget 2027.<\/p>\n<\/div>\n<hr style=\"border: none;border-top: 1px solid #e5e7eb;margin: 28px 0\">\n<h2 id=\"contexte\" style=\"color: #1e40af;border-bottom: 2px solid #e5e7eb;padding-bottom: 8px\"><img decoding=\"async\" src=\"https:\/\/s.w.org\/images\/core\/emoji\/17.0.2\/72x72\/1f501.png\" alt=\"\ud83d\udd01\" class=\"wp-smiley\" style=\"height: 1em;max-height: 1em\" \/> Un nouvel \u00e9pisode de l&rsquo;\u00e9cart entre annonces et ex\u00e9cution budg\u00e9taire<\/h2>\n<p>Le cas du Fonds vert s&rsquo;inscrit dans une s\u00e9rie d\u00e9j\u00e0 document\u00e9e d&rsquo;\u00e9carts entre les annonces gouvernementales sur l&rsquo;environnement et leur traduction budg\u00e9taire r\u00e9elle. Liberta Press avait ainsi montr\u00e9 que <a href=\"https:\/\/liberta.press\/2026\/08\/08\/milliard-arbres-macron-2026\/\">le \u00ab milliard d&rsquo;arbres \u00bb promis par Emmanuel Macron pour 2032 n&rsquo;avait atteint que 17 % de son objectif interm\u00e9diaire pour 2026<\/a>, avec un \u00e9cart de communication interne au gouvernement entre les montants annonc\u00e9s et les montants r\u00e9ellement inscrits au tableau de suivi. Plus r\u00e9cemment, le bilan des cinq ans de la Convention citoyenne pour le climat a montr\u00e9 que <a href=\"https:\/\/liberta.press\/2026\/08\/26\/convention-citoyenne-climat-bilan\/\">seules 24 des 149 propositions initiales ont \u00e9t\u00e9 r\u00e9ellement appliqu\u00e9es<\/a>. Le Fonds vert, dont le niveau 2027 reste inf\u00e9rieur de 60 % \u00e0 celui de 2024 malgr\u00e9 une ann\u00e9e 2026 marqu\u00e9e par des incendies historiques, compl\u00e8te ce tableau d&rsquo;un d\u00e9calage r\u00e9current entre ambition affich\u00e9e et moyens effectivement engag\u00e9s.<\/p>\n<hr style=\"border: none;border-top: 1px solid #e5e7eb;margin: 28px 0\">\n<h2 id=\"fctva\" style=\"color: #1e40af;border-bottom: 2px solid #e5e7eb;padding-bottom: 8px\"><img decoding=\"async\" src=\"https:\/\/s.w.org\/images\/core\/emoji\/17.0.2\/72x72\/1f3db.png\" alt=\"\ud83c\udfdb\" class=\"wp-smiley\" style=\"height: 1em;max-height: 1em\" \/> Le FCTVA \u00ab verdi \u00bb : une piste encore floue<\/h2>\n<p>Au-del\u00e0 du Fonds vert lui-m\u00eame, le gouvernement \u00e9voque \u00e9galement une r\u00e9forme du <strong>Fonds de compensation pour la TVA (FCTVA)<\/strong> \u2014 le m\u00e9canisme par lequel l&rsquo;\u00c9tat rembourse une partie de la TVA pay\u00e9e par les collectivit\u00e9s sur leurs investissements \u2014 pour le \u00ab verdir \u00bb, c&rsquo;est-\u00e0-dire favoriser davantage les d\u00e9penses li\u00e9es \u00e0 la transition \u00e9cologique. Aucune pr\u00e9cision n&rsquo;a toutefois \u00e9t\u00e9 apport\u00e9e sur le m\u00e9canisme technique envisag\u00e9 : s&rsquo;agira-t-il d&rsquo;un remboursement am\u00e9lior\u00e9 pour les d\u00e9penses vertes, ou au contraire d&rsquo;un remboursement d\u00e9grad\u00e9 pour les d\u00e9penses jug\u00e9es moins prioritaires ? Cette ambigu\u00eft\u00e9 laisse les collectivit\u00e9s locales dans l&rsquo;incertitude sur l&rsquo;ampleur r\u00e9elle de la r\u00e9forme \u00e0 ce stade.<\/p>\n<hr style=\"border: none;border-top: 1px solid #e5e7eb;margin: 28px 0\">\n<h2 style=\"color: #1e40af;border-bottom: 2px solid #e5e7eb;padding-bottom: 8px\"><img decoding=\"async\" src=\"https:\/\/s.w.org\/images\/core\/emoji\/17.0.2\/72x72\/2705.png\" alt=\"\u2705\" class=\"wp-smiley\" style=\"height: 1em;max-height: 1em\" \/> Conclusion<\/h2>\n<p>La hausse du Fonds vert \u00e0 1 milliard d&rsquo;euros pour 2027 illustre une contradiction d\u00e9sormais famili\u00e8re : une communication gouvernementale qui met en avant un effort \u00ab extr\u00eamement important \u00bb, face \u00e0 des associations d&rsquo;\u00e9lus locaux qui y voient une enveloppe encore tr\u00e8s inf\u00e9rieure aux besoins et \u00e0 son niveau de cr\u00e9ation. Avec une ann\u00e9e 2026 marqu\u00e9e par des incendies historiques et une s\u00e9cheresse comparable \u00e0 celle de 2022, l&rsquo;\u00e9cart entre l&rsquo;ampleur des risques climatiques et les moyens budg\u00e9taires effectivement engag\u00e9s reste, \u00e0 ce stade, entier.<\/p>\n<div style=\"background: #fef2f2;border-left: 4px solid #f87171;padding: 16px 20px;border-radius: 6px;margin: 20px 0\">\n  <strong><img decoding=\"async\" src=\"https:\/\/s.w.org\/images\/core\/emoji\/17.0.2\/72x72\/26a0.png\" alt=\"\u26a0\" class=\"wp-smiley\" style=\"height: 1em;max-height: 1em\" \/> Rappel sur les limites de cet article<\/strong><\/p>\n<p style=\"margin: 8px 0 0\">Les montants cit\u00e9s (1 Md\u20ac pour 2027, 840 M\u20ac pour 2026, 2,5 Md\u20ac pour 2024) sont ceux communiqu\u00e9s par le gouvernement et repris par plusieurs m\u00e9dias sp\u00e9cialis\u00e9s dans les finances locales ; ils sont susceptibles d&rsquo;\u00e9voluer d&rsquo;ici l&rsquo;adoption d\u00e9finitive du projet de loi de finances 2027, pr\u00e9vue en fin d&rsquo;ann\u00e9e apr\u00e8s d\u00e9bat parlementaire. Le m\u00e9canisme pr\u00e9cis de \u00ab verdissement \u00bb du FCTVA n&rsquo;a pas \u00e9t\u00e9 d\u00e9taill\u00e9 par le gouvernement \u00e0 la date de publication. La r\u00e9partition exacte du milliard d&rsquo;euros au-del\u00e0 des deux lignes cit\u00e9es (100 M\u20ac for\u00eat, majorit\u00e9 pour l&rsquo;adaptation climatique) n&rsquo;a pas \u00e9t\u00e9 communiqu\u00e9e dans le d\u00e9tail.<\/p>\n<\/div>\n<h2 id=\"faq\" style=\"color: #1e40af;border-bottom: 2px solid #e5e7eb;padding-bottom: 8px\"><img decoding=\"async\" src=\"https:\/\/s.w.org\/images\/core\/emoji\/17.0.2\/72x72\/2753.png\" alt=\"\u2753\" class=\"wp-smiley\" style=\"height: 1em;max-height: 1em\" \/> Questions fr\u00e9quentes<\/h2>\n<p><strong>Qu&rsquo;est-ce que le Fonds vert exactement ?<\/strong><br \/>C&rsquo;est une enveloppe budg\u00e9taire de l&rsquo;\u00c9tat cr\u00e9\u00e9e en 2023 pour aider les communes, intercommunalit\u00e9s et autres collectivit\u00e9s locales \u00e0 financer leurs projets de transition \u00e9cologique : isolation de b\u00e2timents publics, pistes cyclables, adaptation au changement climatique, renouvellement forestier.<\/p>\n<p><strong>Le Fonds vert augmente-t-il vraiment en 2027 ?<\/strong><br \/>Oui en valeur absolue par rapport \u00e0 2026 (+160 millions d&rsquo;euros, de 840 millions \u00e0 1 milliard), mais il reste tr\u00e8s inf\u00e9rieur \u00e0 son niveau de cr\u00e9ation en 2024 (2,5 milliards d&rsquo;euros), soit environ 40 % de ce montant initial.<\/p>\n<p><strong>Pourquoi les \u00e9lus locaux jugent-ils cette hausse insuffisante ?<\/strong><br \/>Parce qu&rsquo;ils la comparent aux besoins d&rsquo;investissement r\u00e9els des collectivit\u00e9s et au niveau de 2024, pas seulement \u00e0 l&rsquo;ann\u00e9e pr\u00e9c\u00e9dente. L&rsquo;AMF demande un retour au niveau de 2,5 milliards d&rsquo;euros et des engagements pluriannuels plut\u00f4t que des annonces r\u00e9vis\u00e9es chaque ann\u00e9e.<\/p>\n<p><strong>Le Fonds vert est-il li\u00e9 aux incendies de l&rsquo;\u00e9t\u00e9 2026 ?<\/strong><br \/>En partie : une ligne de 100 millions d&rsquo;euros est sp\u00e9cifiquement d\u00e9di\u00e9e au renouvellement forestier, dans un contexte o\u00f9 91 618 hectares de for\u00eats et espaces naturels ont br\u00fbl\u00e9 en France en 2026, soit 521 % de plus que la moyenne 2000-2025.<\/p>\n<h2 style=\"color: #1e40af;border-bottom: 2px solid #e5e7eb;padding-bottom: 8px\"><img decoding=\"async\" src=\"https:\/\/s.w.org\/images\/core\/emoji\/17.0.2\/72x72\/1f4da.png\" alt=\"\ud83d\udcda\" class=\"wp-smiley\" style=\"height: 1em;max-height: 1em\" \/> Sources<\/h2>\n<ol style=\"padding-left: 20px\">\n<li><a href=\"https:\/\/www.maire-info.com\/budget-etat\/budget-2027-apres-les-canicules-gouvernement-veut-remonter-fonds-vert-un-milliard-deuros-verdir-fctva-article-31008\" target=\"_blank\" rel=\"noopener noreferrer\">Maire-Info \u2014 Budget 2027 : apr\u00e8s les canicules, le gouvernement veut remonter le Fonds vert \u00e0 un milliard d&rsquo;euros et \u00ab verdir \u00bb le FCTVA<\/a><\/li>\n<li><a href=\"https:\/\/reporterre.net\/1-milliard-d-euros-pour-le-Fonds-vert-une-hausse-loin-des-besoins\" target=\"_blank\" rel=\"noopener noreferrer\">Reporterre \u2014 1 milliard d&rsquo;euros pour le Fonds vert : une hausse loin des besoins<\/a><\/li>\n<li><a href=\"https:\/\/www.aefinfo.fr\/depeche\/754470\" target=\"_blank\" rel=\"noopener noreferrer\">AEF Info \u2014 L&rsquo;enveloppe du fonds vert sera port\u00e9e \u00e0 1 Md\u20ac en 2027, selon Monique Barbut<\/a><\/li>\n<li><a href=\"https:\/\/www.franceinfo.fr\/environnement\/evenements-meteorologiques-extremes\/secheresse\/visualisez-la-secheresse-exceptionnelle-de-l-ete-2026-par-rapport-aux-annees-precedentes_8145884.html\" target=\"_blank\" rel=\"noopener noreferrer\">Franceinfo \u2014 Visualisez la s\u00e9cheresse exceptionnelle de l&rsquo;\u00e9t\u00e9 2026 par rapport aux ann\u00e9es pr\u00e9c\u00e9dentes<\/a><\/li>\n<\/ol>\n<\/div>\n<p class=\"verinews-source\">Source : <a href=\"https:\/\/liberta.press\/2026\/08\/31\/fonds-vert-budget-2027\/\" target=\"_blank\" rel=\"nofollow noopener\">Lire l\u2019article original<\/a><\/p>\n","protected":false},"excerpt":{"rendered":"<p>\ud83c\udf33 Environnement 28 ao\u00fbt 2026 \u26a0\ufe0f Une hausse loin des besoins. Le gouvernement annonce porter le Fonds vert \u00e0 1 milliard d&#8217;euros en 2027, contre environ 840 millions en 2026 \u2014 mais ce montant ne\u2026<\/p>\n","protected":false},"author":1,"featured_media":31597,"comment_status":"open","ping_status":"open","sticky":false,"template":"","format":"standard","meta":{"footnotes":""},"categories":[1],"tags":[],"class_list":["post-31596","post","type-post","status-publish","format-standard","has-post-thumbnail","hentry","category-non-classe"],"_links":{"self":[{"href":"https:\/\/monde25.info\/index.php\/wp-json\/wp\/v2\/posts\/31596","targetHints":{"allow":["GET"]}}],"collection":[{"href":"https:\/\/monde25.info\/index.php\/wp-json\/wp\/v2\/posts"}],"about":[{"href":"https:\/\/monde25.info\/index.php\/wp-json\/wp\/v2\/types\/post"}],"author":[{"embeddable":true,"href":"https:\/\/monde25.info\/index.php\/wp-json\/wp\/v2\/users\/1"}],"replies":[{"embeddable":true,"href":"https:\/\/monde25.info\/index.php\/wp-json\/wp\/v2\/comments?post=31596"}],"version-history":[{"count":0,"href":"https:\/\/monde25.info\/index.php\/wp-json\/wp\/v2\/posts\/31596\/revisions"}],"wp:featuredmedia":[{"embeddable":true,"href":"https:\/\/monde25.info\/index.php\/wp-json\/wp\/v2\/media\/31597"}],"wp:attachment":[{"href":"https:\/\/monde25.info\/index.php\/wp-json\/wp\/v2\/media?parent=31596"}],"wp:term":[{"taxonomy":"category","embeddable":true,"href":"https:\/\/monde25.info\/index.php\/wp-json\/wp\/v2\/categories?post=31596"},{"taxonomy":"post_tag","embeddable":true,"href":"https:\/\/monde25.info\/index.php\/wp-json\/wp\/v2\/tags?post=31596"}],"curies":[{"name":"wp","href":"https:\/\/api.w.org\/{rel}","templated":true}]}}