{"id":31598,"date":"2026-08-31T13:21:01","date_gmt":"2026-08-31T11:21:01","guid":{"rendered":"https:\/\/monde25.info\/index.php\/2026\/08\/31\/fitch-maintient-la-note-de-la-dette-francaise-a-a-mais-previent-sur-le-deficit\/"},"modified":"2026-08-31T13:21:01","modified_gmt":"2026-08-31T11:21:01","slug":"fitch-maintient-la-note-de-la-dette-francaise-a-a-mais-previent-sur-le-deficit","status":"publish","type":"post","link":"https:\/\/monde25.info\/index.php\/2026\/08\/31\/fitch-maintient-la-note-de-la-dette-francaise-a-a-mais-previent-sur-le-deficit\/","title":{"rendered":"Fitch maintient la note de la dette fran\u00e7aise \u00e0 A+, mais pr\u00e9vient sur le d\u00e9ficit"},"content":{"rendered":"<div style=\"max-width: 760px;margin: 0 auto;line-height: 1.8;font-family: system-ui, -apple-system, &apos;Segoe UI&apos;, sans-serif;color: #1a1a2e;font-size: 16px\">\n<div style=\"background: linear-gradient(135deg,#1e3a5f 0%,#2563eb 100%);color: #ffffff;padding: 16px 20px;border-radius: 8px;margin-bottom: 24px\">\n<span style=\"padding: 4px 12px;border-radius: 999px;font-size: 13px;font-weight: 600\">\u00c9conomie<\/span><br \/>\n<span style=\"margin-left: 12px;font-size: 13px;opacity: 0.9\">29 ao\u00fbt 2026<\/span>\n<\/div>\n<div style=\"background: #f8fafc;border: 1px solid #e2e8f0;border-radius: 8px;padding: 20px 24px;margin-bottom: 24px\">\n<p style=\"margin: 0 0 10px 0;font-weight: 600;color: #1e3a5f\"><img decoding=\"async\" src=\"https:\/\/s.w.org\/images\/core\/emoji\/17.0.2\/72x72\/1f4cb.png\" alt=\"\ud83d\udccb\" class=\"wp-smiley\" style=\"height: 1em;max-height: 1em\" \/> Sommaire<\/p>\n<ol style=\"margin: 0;padding-left: 20px;color: #334155\">\n<li><a href=\"#decision\" style=\"color:#2563eb\">La d\u00e9cision de Fitch du 28 ao\u00fbt 2026<\/a><\/li>\n<li><a href=\"#signification\" style=\"color:#2563eb\">Ce que signifie concr\u00e8tement une note A+<\/a><\/li>\n<li><a href=\"#historique\" style=\"color:#2563eb\">Retour sur le d\u00e9classement de septembre 2025<\/a><\/li>\n<li><a href=\"#chiffres\" style=\"color:#2563eb\">La dette fran\u00e7aise en chiffres, mise \u00e0 jour<\/a><\/li>\n<li><a href=\"#deficit\" style=\"color:#2563eb\">Le d\u00e9ficit, vraie ligne rouge de Fitch<\/a><\/li>\n<li><a href=\"#comparaison\" style=\"color:#2563eb\">La France face aux autres agences et \u00e0 ses voisins<\/a><\/li>\n<li><a href=\"#consequences\" style=\"color:#2563eb\">Ce que cela change concr\u00e8tement<\/a><\/li>\n<li><a href=\"#chronologie\" style=\"color:#2563eb\">Chronologie des \u00e9v\u00e9nements cl\u00e9s<\/a><\/li>\n<li><a href=\"#limites\" style=\"color:#2563eb\">Limites de cet article<\/a><\/li>\n<li><a href=\"#faq\" style=\"color:#2563eb\">Questions fr\u00e9quentes<\/a><\/li>\n<li><a href=\"#sources\" style=\"color:#2563eb\">Sources<\/a><\/li>\n<\/ol>\n<\/div>\n<div style=\"background: #fefce8;border-left: 4px solid #facc15;padding: 18px 22px;margin-bottom: 28px;border-radius: 4px\">\n<p style=\"margin: 0\">L&rsquo;agence de notation am\u00e9ricaine <strong>Fitch Ratings<\/strong> a annonc\u00e9 le <strong>28 ao\u00fbt 2026<\/strong> qu&rsquo;elle maintenait la note de la dette souveraine fran\u00e7aise \u00e0 <strong>A+<\/strong>, assortie d&rsquo;une perspective stable. Une d\u00e9cision sans surprise sur le papier, mais qui intervient dans un contexte que Fitch elle-m\u00eame juge pr\u00e9occupant : un d\u00e9ficit public proche de <strong>5 %<\/strong> du produit int\u00e9rieur brut (PIB) attendu fin 2026, une dette qui a franchi la barre des <strong>3 550 milliards d&rsquo;euros<\/strong>, et un climat politique instable \u00e0 quelques mois de la pr\u00e9sidentielle. Liberta Press fait le point sur ce que cette note signifie vraiment, et pourquoi le r\u00e9pit qu&rsquo;elle offre au gouvernement reste pr\u00e9caire.<\/p>\n<\/div>\n<h2 id=\"decision\" style=\"color:#1e3a5f\"><img decoding=\"async\" src=\"https:\/\/s.w.org\/images\/core\/emoji\/17.0.2\/72x72\/1f50e.png\" alt=\"\ud83d\udd0e\" class=\"wp-smiley\" style=\"height: 1em;max-height: 1em\" \/> La d\u00e9cision de Fitch du 28 ao\u00fbt 2026<\/h2>\n<p><strong>Fitch Ratings a confirm\u00e9, le 28 ao\u00fbt 2026 au soir, la note souveraine de la France \u00e0 A+ avec une perspective stable<\/strong>, \u00e9cartant \u00e0 court terme le sc\u00e9nario d&rsquo;un nouveau d\u00e9classement. L&rsquo;agence, l&rsquo;une des trois grandes agences de notation avec Standard &#038; Poor&rsquo;s (S&#038;P) et Moody&rsquo;s, publiait ce jour-l\u00e0 sa revue p\u00e9riodique programm\u00e9e de la dette fran\u00e7aise \u2014 un rendez-vous suivi de pr\u00e8s par les march\u00e9s obligataires, les minist\u00e8res \u00e9conomiques et, cette ann\u00e9e plus que d&rsquo;habitude, par les candidats \u00e0 l&rsquo;\u00e9lection pr\u00e9sidentielle. La d\u00e9cision tombe \u00e0 quelques semaines de la pr\u00e9sentation du dernier budget du gouvernement avant le scrutin, un calendrier qui n&rsquo;a rien d&rsquo;anodin : un d\u00e9classement aurait imm\u00e9diatement rench\u00e9ri le co\u00fbt de la dette fran\u00e7aise et aliment\u00e9 le d\u00e9bat de campagne sur les finances publiques.<\/p>\n<hr style=\"border: none;border-top: 1px solid #e5e7eb;margin: 28px 0\">\n<h2 id=\"signification\" style=\"color:#1e3a5f\"><img decoding=\"async\" src=\"https:\/\/s.w.org\/images\/core\/emoji\/17.0.2\/72x72\/1f4d6.png\" alt=\"\ud83d\udcd6\" class=\"wp-smiley\" style=\"height: 1em;max-height: 1em\" \/> Ce que signifie concr\u00e8tement une note A+<\/h2>\n<p>Une note souveraine mesure la capacit\u00e9 per\u00e7ue d&rsquo;un \u00c9tat \u00e0 rembourser sa dette. Chez Fitch, l&rsquo;\u00e9chelle va de <strong>AAA<\/strong> (qualit\u00e9 maximale) \u00e0 <strong>D<\/strong> (d\u00e9faut de paiement), avec des paliers interm\u00e9diaires not\u00e9s AA, A, BBB, etc., chacun subdivis\u00e9 en +\/-. La note <strong>A+<\/strong> correspond \u00e0 ce que l&rsquo;agence qualifie de dette de <em>\u00ab qualit\u00e9 moyenne sup\u00e9rieure \u00bb<\/em> \u2014 un cran en dessous de la cat\u00e9gorie AA (\u00ab haute qualit\u00e9 \u00bb), mais encore six \u00e9chelons au-dessus de la cat\u00e9gorie \u00ab sp\u00e9culative \u00bb (junk bond), le seuil \u00e0 partir duquel les investisseurs institutionnels les plus prudents, comme certains fonds de pension, sont contraints de se d\u00e9sengager.<\/p>\n<p>Concr\u00e8tement, la France se situe d\u00e9sormais au m\u00eame niveau que la <strong>Belgique<\/strong> ou la <strong>Slov\u00e9nie<\/strong> dans la grille Fitch \u2014 un rang in\u00e9dit pour la deuxi\u00e8me \u00e9conomie de la zone euro, qui affichait encore la note AAA (la meilleure possible) au d\u00e9but des ann\u00e9es 2010. La <strong>perspective stable<\/strong> qui accompagne la note signifie que Fitch juge peu probable, mais pas exclu, un nouveau mouvement de notation \u00e0 moyen terme (12 \u00e0 24 mois). Une perspective \u00ab n\u00e9gative \u00bb aurait signal\u00e9 une probabilit\u00e9 de d\u00e9gradation accrue ; une perspective \u00ab positive \u00bb, l&rsquo;inverse.<\/p>\n<div style=\"background: #fff7ed;border: 1px solid #fed7aa;border-radius: 8px;padding: 16px 20px;margin: 24px 0\">\n<p style=\"margin: 0\"><strong><img decoding=\"async\" src=\"https:\/\/s.w.org\/images\/core\/emoji\/17.0.2\/72x72\/26a0.png\" alt=\"\u26a0\" class=\"wp-smiley\" style=\"height: 1em;max-height: 1em\" \/> \u00c0 noter<\/strong> \u2014 Fitch a explicitement averti que la perspective pourrait basculer en n\u00e9gatif si la France ne montre <em>\u00ab aucun signe d&rsquo;am\u00e9lioration \u00bb<\/em> sur la trajectoire du d\u00e9ficit d&rsquo;ici sa prochaine revue. Le maintien de la note n&rsquo;est donc pas un satisfecit, mais un sursis conditionn\u00e9 aux arbitrages budg\u00e9taires de l&rsquo;automne.<\/p>\n<\/div>\n<hr style=\"border: none;border-top: 1px solid #e5e7eb;margin: 28px 0\">\n<h2 id=\"historique\" style=\"color:#1e3a5f\"><img decoding=\"async\" src=\"https:\/\/s.w.org\/images\/core\/emoji\/17.0.2\/72x72\/1f570.png\" alt=\"\ud83d\udd70\" class=\"wp-smiley\" style=\"height: 1em;max-height: 1em\" \/> Retour sur le d\u00e9classement de septembre 2025<\/h2>\n<p>Pour comprendre la port\u00e9e de la d\u00e9cision du 28 ao\u00fbt 2026, il faut revenir un an en arri\u00e8re. <strong>Le 12 septembre 2025<\/strong>, Fitch avait abaiss\u00e9 la note fran\u00e7aise de <strong>AA-<\/strong> \u00e0 <strong>A+<\/strong> \u2014 un geste alors qualifi\u00e9 d&rsquo;historique par plusieurs analystes financiers, puisque c&rsquo;\u00e9tait la premi\u00e8re fois qu&rsquo;une des trois grandes agences rel\u00e9guait la France dans la cat\u00e9gorie \u00ab simple A \u00bb, loin de son statut de valeur refuge des d\u00e9cennies pr\u00e9c\u00e9dentes. Fitch justifiait alors sa d\u00e9cision par un <em>\u00ab ratio d&rsquo;endettement \u00e9lev\u00e9 et croissant \u00bb<\/em> et par une <em>\u00ab fragmentation politique \u00bb<\/em> jug\u00e9e incompatible avec un assainissement budg\u00e9taire cr\u00e9dible, dans le contexte de la dissolution de l&rsquo;Assembl\u00e9e nationale et de l&rsquo;instabilit\u00e9 gouvernementale qui a suivi.<\/p>\n<p>Ce d\u00e9classement avait imm\u00e9diatement fait grimper le co\u00fbt d&#8217;emprunt de l&rsquo;\u00c9tat fran\u00e7ais sur les march\u00e9s obligataires. Le maintien de la note un an plus tard, plut\u00f4t qu&rsquo;un nouvel abaissement, constitue donc un point d&rsquo;\u00e9tape plut\u00f4t qu&rsquo;un satisfecit : la France reste dans la cat\u00e9gorie o\u00f9 elle avait chut\u00e9 en 2025, sans y \u00eatre redescendue davantage, mais sans non plus \u00eatre remont\u00e9e.<\/p>\n<hr style=\"border: none;border-top: 1px solid #e5e7eb;margin: 28px 0\">\n<h2 id=\"chiffres\" style=\"color:#1e3a5f\"><img decoding=\"async\" src=\"https:\/\/s.w.org\/images\/core\/emoji\/17.0.2\/72x72\/1f4b6.png\" alt=\"\ud83d\udcb6\" class=\"wp-smiley\" style=\"height: 1em;max-height: 1em\" \/> La dette fran\u00e7aise en chiffres, mise \u00e0 jour<\/h2>\n<p>Liberta Press suit depuis plusieurs semaines la trajectoire de la dette publique fran\u00e7aise (voir notre article du 18 ao\u00fbt sur le <a href=\"https:\/\/liberta.press\/2026\/08\/03\/budget-2025-40-milliards-deconomies-promises-22-milliards-livres-ce-que-dit-la-cour-des-comptes\/\" style=\"color:#2563eb\">budget 2025 et les \u00e9conomies promises par le gouvernement<\/a>). Rappel des donn\u00e9es d\u00e9j\u00e0 \u00e9tablies par nos soins : selon l&rsquo;Institut national de la statistique et des \u00e9tudes \u00e9conomiques (Insee), la dette publique fran\u00e7aise atteignait <strong>3 460,5 milliards d&rsquo;euros<\/strong> fin 2025, soit <strong>115,6 %<\/strong> du PIB. Notre estimation en temps r\u00e9el, fond\u00e9e sur le rythme d&rsquo;endettement observ\u00e9, la situait autour de <strong>3 556 milliards d&rsquo;euros<\/strong> mi-ao\u00fbt 2026, soit environ <strong>118,2 %<\/strong> du PIB \u2014 un chiffre qui n&rsquo;est pas une donn\u00e9e officielle Insee mais une projection \u00e0 mettre en perspective.<\/p>\n<p>Autre indicateur suivi par Fitch : la <strong>charge de la dette<\/strong>, c&rsquo;est-\u00e0-dire les int\u00e9r\u00eats que l&rsquo;\u00c9tat verse chaque ann\u00e9e \u00e0 ses cr\u00e9anciers. Elle est pass\u00e9e de <strong>29,2 milliards d&rsquo;euros<\/strong> cumul\u00e9s sur les six premiers mois de 2025 \u00e0 <strong>34,5 milliards d&rsquo;euros<\/strong> sur la m\u00eame p\u00e9riode de 2026, une hausse de plus de <strong>18 %<\/strong> en un an. Sur l&rsquo;ann\u00e9e pleine, la charge des int\u00e9r\u00eats est d\u00e9sormais estim\u00e9e \u00e0 environ <strong>67 milliards d&rsquo;euros<\/strong> pour 2026, contre <strong>53,2 milliards d&rsquo;euros<\/strong> en 2024 \u2014 un doublement en quelques ann\u00e9es qui absorbe une part croissante des recettes de l&rsquo;\u00c9tat, au d\u00e9triment d&rsquo;autres politiques publiques.<\/p>\n<hr style=\"border: none;border-top: 1px solid #e5e7eb;margin: 28px 0\">\n<h2 id=\"deficit\" style=\"color:#1e3a5f\"><img decoding=\"async\" src=\"https:\/\/s.w.org\/images\/core\/emoji\/17.0.2\/72x72\/1f4c9.png\" alt=\"\ud83d\udcc9\" class=\"wp-smiley\" style=\"height: 1em;max-height: 1em\" \/> Le d\u00e9ficit, vraie ligne rouge de Fitch<\/h2>\n<p>Si la dette accumul\u00e9e est un stock qui \u00e9volue lentement, c&rsquo;est bien le <strong>d\u00e9ficit annuel<\/strong> \u2014 le flux \u2014 que Fitch surveille en priorit\u00e9, car il d\u00e9termine la vitesse \u00e0 laquelle la dette continue de grossir. L&rsquo;agence table sur un d\u00e9ficit public proche de <strong>5 %<\/strong> du PIB \u00e0 la fin de l&rsquo;ann\u00e9e 2026, loin de l&rsquo;objectif gouvernemental de repasser sous la barre des <strong>3 %<\/strong> fix\u00e9e par la circulaire du Premier ministre du 5 ao\u00fbt 2026 pour le budget 2027 \u2014 objectif que notre article du 18 ao\u00fbt avait d\u00e9j\u00e0 qualifi\u00e9 d&rsquo;ambitieux au regard du calendrier politique.<\/p>\n<p>Fitch avait projet\u00e9, lors de son d\u00e9classement de 2025, que la dette fran\u00e7aise grimperait \u00e0 <strong>121 %<\/strong> du PIB en 2027, contre <strong>113,2 %<\/strong> en 2024, <em>\u00ab sans horizon clair de stabilisation dans les ann\u00e9es suivantes \u00bb<\/em>. Un an plus tard, cette trajectoire ne s&rsquo;est pas franchement infl\u00e9chie, ce qui explique pourquoi l&rsquo;agence assortit son maintien de note d&rsquo;un avertissement aussi explicite plut\u00f4t que d&rsquo;un satisfecit.<\/p>\n<hr style=\"border: none;border-top: 1px solid #e5e7eb;margin: 28px 0\">\n<h2 id=\"comparaison\" style=\"color:#1e3a5f\"><img decoding=\"async\" src=\"https:\/\/s.w.org\/images\/core\/emoji\/17.0.2\/72x72\/1f30d.png\" alt=\"\ud83c\udf0d\" class=\"wp-smiley\" style=\"height: 1em;max-height: 1em\" \/> La France face aux autres agences et \u00e0 ses voisins<\/h2>\n<p>La note de Fitch n&rsquo;est qu&rsquo;une pi\u00e8ce du puzzle. Les deux autres grandes agences positionnent la France diff\u00e9remment : <strong>Standard &#038; Poor&rsquo;s<\/strong> la maintient \u00e0 <strong>AA-<\/strong>, un cran au-dessus de Fitch, mais avec une perspective n\u00e9gative qui laisse craindre un rapprochement futur. <strong>Moody&rsquo;s<\/strong> la note <strong>Aa3<\/strong>, en bas de sa cat\u00e9gorie \u00ab haute qualit\u00e9 \u00bb, \u00e9galement sous surveillance. Cette divergence entre agences n&rsquo;est pas rare, mais elle illustre le flou qui entoure l&rsquo;appr\u00e9ciation exacte du risque souverain fran\u00e7ais en 2026 : ni franchement d\u00e9grad\u00e9e sur toute la ligne, ni rassur\u00e9e.<\/p>\n<p>\u00c0 l&rsquo;\u00e9chelle europ\u00e9enne, la comparaison est parlante : le d\u00e9ficit pr\u00e9visionnel fran\u00e7ais (environ <strong>5 %<\/strong> du PIB) reste tr\u00e8s sup\u00e9rieur \u00e0 la m\u00e9diane de la zone euro, que Fitch situait \u00e0 environ <strong>2,7 %<\/strong> lors de son analyse de 2025. En termes de notation pure, la France se retrouve d\u00e9sormais dans la m\u00eame tranche que la Belgique ou la Slov\u00e9nie \u2014 des \u00e9conomies nettement plus petites \u2014 alors qu&rsquo;elle affichait encore, il y a quinze ans, la note maximale AAA aux c\u00f4t\u00e9s de l&rsquo;Allemagne.<\/p>\n<table style=\"width:100%;border-collapse: collapse;margin: 20px 0;font-size: 15px\">\n<tr style=\"background:#e2e8f0\">\n<th style=\"padding:8px;text-align:left;border:1px solid #e5e7eb\">Agence<\/th>\n<th style=\"padding:8px;text-align:left;border:1px solid #e5e7eb\">Note France (ao\u00fbt 2026)<\/th>\n<th style=\"padding:8px;text-align:left;border:1px solid #e5e7eb\">Perspective<\/th>\n<\/tr>\n<tr>\n<td style=\"padding:8px;border:1px solid #e5e7eb\">Fitch<\/td>\n<td style=\"padding:8px;border:1px solid #e5e7eb\"><strong>A+<\/strong><\/td>\n<td style=\"padding:8px;border:1px solid #e5e7eb\">Stable<\/td>\n<\/tr>\n<tr style=\"background:#f8fafc\">\n<td style=\"padding:8px;border:1px solid #e5e7eb\">S&amp;P<\/td>\n<td style=\"padding:8px;border:1px solid #e5e7eb\"><strong>AA-<\/strong><\/td>\n<td style=\"padding:8px;border:1px solid #e5e7eb\">N\u00e9gative<\/td>\n<\/tr>\n<tr>\n<td style=\"padding:8px;border:1px solid #e5e7eb\">Moody&rsquo;s<\/td>\n<td style=\"padding:8px;border:1px solid #e5e7eb\"><strong>Aa3<\/strong><\/td>\n<td style=\"padding:8px;border:1px solid #e5e7eb\">Sous surveillance<\/td>\n<\/tr>\n<\/table>\n<hr style=\"border: none;border-top: 1px solid #e5e7eb;margin: 28px 0\">\n<h2 id=\"consequences\" style=\"color:#1e3a5f\"><img decoding=\"async\" src=\"https:\/\/s.w.org\/images\/core\/emoji\/17.0.2\/72x72\/1f4b8.png\" alt=\"\ud83d\udcb8\" class=\"wp-smiley\" style=\"height: 1em;max-height: 1em\" \/> Ce que cela change concr\u00e8tement<\/h2>\n<p>Le maintien de la note, plut\u00f4t qu&rsquo;un nouveau d\u00e9classement, \u00e9vite un choc imm\u00e9diat sur les taux d&#8217;emprunt de l&rsquo;\u00c9tat fran\u00e7ais. Un abaissement suppl\u00e9mentaire aurait probablement rench\u00e9ri le co\u00fbt auquel la France emprunte sur les march\u00e9s, dans un contexte o\u00f9 la charge de la dette p\u00e8se d\u00e9j\u00e0 pour <strong>67 milliards d&rsquo;euros<\/strong> attendus en 2026 \u2014 un montant qui d\u00e9passe d\u00e9sormais plusieurs budgets minist\u00e9riels r\u00e9unis. \u00c0 l&rsquo;inverse, l&rsquo;avertissement explicite de Fitch sur une possible bascule en perspective n\u00e9gative maintient une pression sur le gouvernement \u00e0 l&rsquo;approche des arbitrages du budget 2027, qui doivent en principe traduire l&rsquo;objectif de d\u00e9ficit sous les <strong>3 %<\/strong> du PIB \u00e9voqu\u00e9 dans la circulaire du 5 ao\u00fbt.<\/p>\n<p>Cette s\u00e9quence s&rsquo;inscrit dans un fil que Liberta Press documente depuis d\u00e9but ao\u00fbt : apr\u00e8s le constat d&rsquo;un \u00e9cart entre les <strong>40 milliards d&rsquo;euros<\/strong> d&rsquo;\u00e9conomies promises pour le budget 2025 et les <strong>2,2 milliards d&rsquo;euros<\/strong> r\u00e9ellement livr\u00e9s selon la Cour des comptes, puis l&rsquo;annonce d&rsquo;un <a href=\"https:\/\/liberta.press\/2026\/08\/26\/convention-citoyenne-climat-bilan\/\" style=\"color:#2563eb\">bilan mitig\u00e9 des engagements climatiques post-Convention citoyenne<\/a> et d&rsquo;un <a href=\"https:\/\/liberta.press\/2026\/08\/08\/milliard-arbres-macron-2026\/\" style=\"color:#2563eb\">rythme de plantation d&rsquo;arbres tr\u00e8s inf\u00e9rieur \u00e0 l&rsquo;objectif pr\u00e9sidentiel<\/a>, la note Fitch s&rsquo;ajoute \u00e0 un ensemble d&rsquo;indicateurs qui interrogent la capacit\u00e9 de l&rsquo;ex\u00e9cutif \u00e0 tenir ses trajectoires budg\u00e9taires annonc\u00e9es.<\/p>\n<hr style=\"border: none;border-top: 1px solid #e5e7eb;margin: 28px 0\">\n<h2 id=\"chronologie\" style=\"color:#1e3a5f\"><img decoding=\"async\" src=\"https:\/\/s.w.org\/images\/core\/emoji\/17.0.2\/72x72\/1f4c5.png\" alt=\"\ud83d\udcc5\" class=\"wp-smiley\" style=\"height: 1em;max-height: 1em\" \/> Chronologie des \u00e9v\u00e9nements cl\u00e9s<\/h2>\n<div style=\"background: #f0fdf4;border: 1px solid #bbf7d0;border-radius: 8px;padding: 18px 22px\">\n<ul style=\"margin:0;padding-left: 20px\">\n<li><strong>12 septembre 2025<\/strong> \u2014 Fitch abaisse la note fran\u00e7aise de AA- \u00e0 A+, une premi\u00e8re historique dans la cat\u00e9gorie simple A.<\/li>\n<li><strong>5 ao\u00fbt 2026<\/strong> \u2014 Circulaire du Premier ministre fixant au 31 ao\u00fbt la date limite de retour des minist\u00e8res pour le budget 2027, objectif d&rsquo;un d\u00e9ficit sous 3 % du PIB.<\/li>\n<li><strong>Fin 2025<\/strong> \u2014 Dette publique fran\u00e7aise \u00e0 3 460,5 milliards d&rsquo;euros (115,6 % du PIB) selon l&rsquo;Insee.<\/li>\n<li><strong>Mi-ao\u00fbt 2026<\/strong> \u2014 Estimation Liberta Press de la dette en temps r\u00e9el : environ 3 556 milliards d&rsquo;euros (118,2 % du PIB).<\/li>\n<li><strong>28 ao\u00fbt 2026<\/strong> \u2014 Fitch maintient la note fran\u00e7aise \u00e0 A+, perspective stable, avec avertissement sur le d\u00e9ficit.<\/li>\n<\/ul>\n<\/div>\n<hr style=\"border: none;border-top: 1px solid #e5e7eb;margin: 28px 0\">\n<h2 style=\"color:#1e3a5f\"><img decoding=\"async\" src=\"https:\/\/s.w.org\/images\/core\/emoji\/17.0.2\/72x72\/2705.png\" alt=\"\u2705\" class=\"wp-smiley\" style=\"height: 1em;max-height: 1em\" \/> Conclusion<\/h2>\n<p>Le maintien de la note A+ par Fitch offre \u00e0 la France un r\u00e9pit technique plut\u00f4t qu&rsquo;un satisfecit budg\u00e9taire. L&rsquo;agence confirme ce que ses concurrentes S&#038;P et Moody&rsquo;s laissent \u00e9galement entendre : la trajectoire de la dette et du d\u00e9ficit fran\u00e7ais reste sous surveillance \u00e9troite, \u00e0 quelques semaines d&rsquo;un budget 2027 d\u00e9j\u00e0 pr\u00e9sent\u00e9 comme un exercice d&rsquo;\u00e9quilibriste avant l&rsquo;\u00e9lection pr\u00e9sidentielle. Le prochain rendez-vous \u00e0 surveiller sera la revue suivante de Fitch, mais aussi et surtout les arbitrages concrets que le gouvernement rendra publics \u00e0 la rentr\u00e9e sur les \u00e9conomies promises \u2014 un terrain sur lequel, Liberta Press l&rsquo;a document\u00e9 \u00e0 plusieurs reprises cet \u00e9t\u00e9, l&rsquo;\u00e9cart entre l&rsquo;annonce et l&rsquo;ex\u00e9cution reste la norme plut\u00f4t que l&rsquo;exception.<\/p>\n<div style=\"background: #fef2f2;border: 1px solid #fecaca;border-radius: 8px;padding: 18px 22px;margin: 24px 0\">\n<p style=\"margin:0\"><strong><img decoding=\"async\" src=\"https:\/\/s.w.org\/images\/core\/emoji\/17.0.2\/72x72\/26a0.png\" alt=\"\u26a0\" class=\"wp-smiley\" style=\"height: 1em;max-height: 1em\" \/> Rappel sur les limites de cet article<\/strong> \u2014 L&rsquo;estimation de la dette publique \u00e0 ~3 556 milliards d&rsquo;euros mi-ao\u00fbt 2026 est une projection de Liberta Press fond\u00e9e sur le rythme d&rsquo;endettement observ\u00e9, non un chiffre officiel Insee (le dernier chiffre certifi\u00e9 reste 3 460,5 milliards d&rsquo;euros fin 2025). Les chiffres de d\u00e9ficit pr\u00e9visionnel pour fin 2026 (~5 % du PIB) sont des projections d&rsquo;agences de notation et non un r\u00e9sultat ex\u00e9cut\u00e9. Le communiqu\u00e9 int\u00e9gral de Fitch Ratings n&rsquo;\u00e9tant pas librement accessible sans abonnement professionnel, cet article s&rsquo;appuie sur les reprises de presse (Bloomberg, Euronews, France24, Journal du Net) et sur les donn\u00e9es Insee d\u00e9j\u00e0 \u00e9tablies par le site, recoup\u00e9es entre elles.<\/p>\n<\/div>\n<h2 id=\"faq\" style=\"color:#1e3a5f\"><img decoding=\"async\" src=\"https:\/\/s.w.org\/images\/core\/emoji\/17.0.2\/72x72\/2753.png\" alt=\"\u2753\" class=\"wp-smiley\" style=\"height: 1em;max-height: 1em\" \/> Questions fr\u00e9quentes<\/h2>\n<p><strong>Une note A+ signifie-t-elle que la France risque de faire faillite ?<\/strong><br \/>Non. A+ reste une note de <em>\u00ab qualit\u00e9 moyenne sup\u00e9rieure \u00bb<\/em>, six \u00e9chelons au-dessus de la cat\u00e9gorie sp\u00e9culative o\u00f9 se situe un risque de d\u00e9faut significatif. Elle traduit une d\u00e9gradation de la confiance des march\u00e9s, pas un risque de cessation de paiement \u00e0 court terme.<\/p>\n<p><strong>Pourquoi Fitch n&rsquo;a-t-il pas d\u00e9grad\u00e9 la France davantage le 28 ao\u00fbt 2026 ?<\/strong><br \/>Selon les analyses reprises par la presse \u00e9conomique, l&rsquo;agence a jug\u00e9 que le sc\u00e9nario du statu quo \u00e9tait le plus probable en l&rsquo;absence de nouvelle d\u00e9gradation marqu\u00e9e de la trajectoire budg\u00e9taire depuis sa derni\u00e8re revue, tout en conditionnant le maintien futur de cette note \u00e0 des signes concrets d&rsquo;am\u00e9lioration du d\u00e9ficit.<\/p>\n<p><strong>Quelle est la diff\u00e9rence entre la note de Fitch et celles de S&#038;P et Moody&rsquo;s ?<\/strong><br \/>Les trois agences \u00e9valuent le m\u00eame risque avec des m\u00e9thodologies proches mais des \u00e9chelles et des calendriers de r\u00e9vision diff\u00e9rents. D\u00e9but 2026, elles divergent l\u00e9g\u00e8rement : A+ chez Fitch, AA- chez S&#038;P (perspective n\u00e9gative), Aa3 chez Moody&rsquo;s \u2014 signe d&rsquo;une appr\u00e9ciation qui reste d\u00e9battue entre agences plut\u00f4t que d&rsquo;un consensus clair sur la d\u00e9gradation du risque fran\u00e7ais.<\/p>\n<h2 id=\"sources\" style=\"color:#1e3a5f\"><img decoding=\"async\" src=\"https:\/\/s.w.org\/images\/core\/emoji\/17.0.2\/72x72\/1f4da.png\" alt=\"\ud83d\udcda\" class=\"wp-smiley\" style=\"height: 1em;max-height: 1em\" \/> Sources<\/h2>\n<ol style=\"padding-left: 20px\">\n<li><a href=\"https:\/\/www.bloomberg.com\/news\/articles\/2026-08-28\/france-dodges-rating-rebuke-as-fitch-sticks-with-stable-outlook\" target=\"_blank\" rel=\"noopener noreferrer\" style=\"color:#2563eb\">Bloomberg \u2014 Fitch Keeps France&rsquo;s A+ Credit Rating Stable Despite Fiscal, Political Risks (28\/08\/2026)<\/a><\/li>\n<li><a href=\"https:\/\/www.france24.com\/fr\/info-en-continu\/20260828-dette-publique-de-la-france-la-note-de-fitch-attendue-vendredi-soir\" target=\"_blank\" rel=\"noopener noreferrer\" style=\"color:#2563eb\">France 24 \u2014 Dette publique de la France : la note de Fitch attendue vendredi soir (28\/08\/2026)<\/a><\/li>\n<li><a href=\"https:\/\/www.euronews.com\/business\/2026\/08\/28\/fitch-to-unveil-france-rating-status-quo-seems-the-most-likely-scenario\" target=\"_blank\" rel=\"noopener noreferrer\" style=\"color:#2563eb\">Euronews \u2014 Fitch to unveil France rating: \u00ab\u00a0Status quo seems the most likely scenario\u00a0\u00bb (28\/08\/2026)<\/a><\/li>\n<li><a href=\"https:\/\/www.journaldunet.com\/business\/action-publique\/1554111-l-agence-fitch-maintient-la-note-a-de-la-dette-souveraine-francaise-alors-que-la-charge-d-interets-continue-de-grimper\/\" target=\"_blank\" rel=\"noopener noreferrer\" style=\"color:#2563eb\">Journal du Net \u2014 Dette fran\u00e7aise : Fitch rend son verdict sur la note A+ (28\/08\/2026)<\/a><\/li>\n<li><a href=\"https:\/\/www.lemonde.fr\/economie\/article\/2026\/08\/28\/l-agence-fitch-maintient-la-note-de-la-dette-de-la-france-a-a-assortie-d-une-perspective-stable_6759168_3234.html\" target=\"_blank\" rel=\"noopener noreferrer\" style=\"color:#2563eb\">Le Monde \u2014 L&rsquo;agence Fitch maintient la note de la dette de la France \u00e0 A+, assortie d&rsquo;une perspective stable (28\/08\/2026)<\/a><\/li>\n<li><a href=\"https:\/\/fr.wikipedia.org\/wiki\/Notation_financi%C3%A8re_de_la_France\" target=\"_blank\" rel=\"noopener noreferrer\" style=\"color:#2563eb\">Wikip\u00e9dia \u2014 Notation financi\u00e8re de la France<\/a><\/li>\n<\/ol>\n<p style=\"margin-top: 28px\"><em>Une note qui tient, un avertissement qui ne faiblit pas : la France gagne du temps, pas de la marge.<\/em><\/p>\n<\/div>\n<p class=\"verinews-source\">Source : <a href=\"https:\/\/liberta.press\/2026\/08\/31\/fitch-note-dette-france\/\" target=\"_blank\" rel=\"nofollow noopener\">Lire l\u2019article original<\/a><\/p>\n","protected":false},"excerpt":{"rendered":"<p>\u00c9conomie 29 ao\u00fbt 2026 \ud83d\udccb Sommaire La d\u00e9cision de Fitch du 28 ao\u00fbt 2026 Ce que signifie concr\u00e8tement une note A+ Retour sur le d\u00e9classement de septembre 2025 La dette fran\u00e7aise en chiffres, mise \u00e0\u2026<\/p>\n","protected":false},"author":1,"featured_media":31599,"comment_status":"open","ping_status":"open","sticky":false,"template":"","format":"standard","meta":{"footnotes":""},"categories":[1],"tags":[],"class_list":["post-31598","post","type-post","status-publish","format-standard","has-post-thumbnail","hentry","category-non-classe"],"_links":{"self":[{"href":"https:\/\/monde25.info\/index.php\/wp-json\/wp\/v2\/posts\/31598","targetHints":{"allow":["GET"]}}],"collection":[{"href":"https:\/\/monde25.info\/index.php\/wp-json\/wp\/v2\/posts"}],"about":[{"href":"https:\/\/monde25.info\/index.php\/wp-json\/wp\/v2\/types\/post"}],"author":[{"embeddable":true,"href":"https:\/\/monde25.info\/index.php\/wp-json\/wp\/v2\/users\/1"}],"replies":[{"embeddable":true,"href":"https:\/\/monde25.info\/index.php\/wp-json\/wp\/v2\/comments?post=31598"}],"version-history":[{"count":0,"href":"https:\/\/monde25.info\/index.php\/wp-json\/wp\/v2\/posts\/31598\/revisions"}],"wp:featuredmedia":[{"embeddable":true,"href":"https:\/\/monde25.info\/index.php\/wp-json\/wp\/v2\/media\/31599"}],"wp:attachment":[{"href":"https:\/\/monde25.info\/index.php\/wp-json\/wp\/v2\/media?parent=31598"}],"wp:term":[{"taxonomy":"category","embeddable":true,"href":"https:\/\/monde25.info\/index.php\/wp-json\/wp\/v2\/categories?post=31598"},{"taxonomy":"post_tag","embeddable":true,"href":"https:\/\/monde25.info\/index.php\/wp-json\/wp\/v2\/tags?post=31598"}],"curies":[{"name":"wp","href":"https:\/\/api.w.org\/{rel}","templated":true}]}}