{"id":31602,"date":"2026-08-31T16:41:01","date_gmt":"2026-08-31T14:41:01","guid":{"rendered":"https:\/\/monde25.info\/index.php\/2026\/08\/31\/le-cout-des-incendies-en-france-evalue-a-pres-de-500-millions-deuros\/"},"modified":"2026-08-31T16:41:01","modified_gmt":"2026-08-31T14:41:01","slug":"le-cout-des-incendies-en-france-evalue-a-pres-de-500-millions-deuros","status":"publish","type":"post","link":"https:\/\/monde25.info\/index.php\/2026\/08\/31\/le-cout-des-incendies-en-france-evalue-a-pres-de-500-millions-deuros\/","title":{"rendered":"Le co\u00fbt des incendies en France \u00e9valu\u00e9 \u00e0 pr\u00e8s de 500 millions d&#039;euros"},"content":{"rendered":"<p><img loading=\"lazy\" decoding=\"async\" src=\"https:\/\/reporterre.net\/local\/cache-vignettes\/L700xH467\/afp__20260731__c3p73nq__v5__highres__franceenvironmentweatherclimatewildfire_1_-5c57e.jpg?1788181262\" class=\"spip_logo\" width=\"700\" height=\"467\" alt=\"\" \/><\/p>\n<p>Les incendies qui ont ravag\u00e9 la Gironde, les Landes et le Var depuis le 21\u00a0juillet ont provoqu\u00e9 environ 25 000 sinistres, pour un co\u00fbt proche de 500 millions d&rsquo;euros, selon un premier bilan de France Assureurs. Une comparaison donne la mesure de cet \u00e9t\u00e9 hors norme\u00a0: en 2022, pourtant marqu\u00e9 par les gigantesques feux de Landiras et de La Teste-de-Buch, les assureurs avaient enregistr\u00e9 2\u00a0000 dossiers et d\u00e9bours\u00e9 \u00ab<small class=\"fine d-inline\">\u00a0<\/small>seulement<small class=\"fine d-inline\">\u00a0<\/small>\u00bb 80 millions d&rsquo;euros. <br class=\"autobr\" \/><br \/>\nLes particuliers concentrent environ 21 000\u00a0(\u2026)<\/p>\n<p>                    <a href=\"https:\/\/reporterre.net\/Le-cout-des-incendies-en-France-evalue-a-pres-de-500-millions-d-euros?utm_source=RSS&amp;utm_medium=RSS\">Lire la suite<\/a><\/p>\n<p>                    &#8211;<br \/>\n                        <a href=\"https:\/\/reporterre.net\/Breves-20\" rel=\"directory\">En bref<\/a><\/p>\n<p>                    \/<br \/>\n                        <a href=\"https:\/\/reporterre.net\/Megafeux\" rel=\"tag\">Incendies<\/a><\/p>\n<p class=\"verinews-source\">Source : <a href=\"https:\/\/reporterre.net\/Le-cout-des-incendies-en-France-evalue-a-pres-de-500-millions-d-euros\" target=\"_blank\" rel=\"nofollow noopener\">Lire l\u2019article original<\/a><\/p>\n","protected":false},"excerpt":{"rendered":"<p>Les incendies qui ont ravag\u00e9 la Gironde, les Landes et le Var depuis le 21\u00a0juillet ont provoqu\u00e9 environ 25 000 sinistres, pour un co\u00fbt proche de 500 millions d&rsquo;euros, selon un premier bilan de France\u2026<\/p>\n","protected":false},"author":1,"featured_media":27996,"comment_status":"open","ping_status":"open","sticky":false,"template":"","format":"standard","meta":{"footnotes":""},"categories":[1],"tags":[],"class_list":["post-31602","post","type-post","status-publish","format-standard","has-post-thumbnail","hentry","category-non-classe"],"_links":{"self":[{"href":"https:\/\/monde25.info\/index.php\/wp-json\/wp\/v2\/posts\/31602","targetHints":{"allow":["GET"]}}],"collection":[{"href":"https:\/\/monde25.info\/index.php\/wp-json\/wp\/v2\/posts"}],"about":[{"href":"https:\/\/monde25.info\/index.php\/wp-json\/wp\/v2\/types\/post"}],"author":[{"embeddable":true,"href":"https:\/\/monde25.info\/index.php\/wp-json\/wp\/v2\/users\/1"}],"replies":[{"embeddable":true,"href":"https:\/\/monde25.info\/index.php\/wp-json\/wp\/v2\/comments?post=31602"}],"version-history":[{"count":0,"href":"https:\/\/monde25.info\/index.php\/wp-json\/wp\/v2\/posts\/31602\/revisions"}],"wp:featuredmedia":[{"embeddable":true,"href":"https:\/\/monde25.info\/index.php\/wp-json\/wp\/v2\/media\/27996"}],"wp:attachment":[{"href":"https:\/\/monde25.info\/index.php\/wp-json\/wp\/v2\/media?parent=31602"}],"wp:term":[{"taxonomy":"category","embeddable":true,"href":"https:\/\/monde25.info\/index.php\/wp-json\/wp\/v2\/categories?post=31602"},{"taxonomy":"post_tag","embeddable":true,"href":"https:\/\/monde25.info\/index.php\/wp-json\/wp\/v2\/tags?post=31602"}],"curies":[{"name":"wp","href":"https:\/\/api.w.org\/{rel}","templated":true}]}}