{"id":31604,"date":"2026-08-31T18:01:10","date_gmt":"2026-08-31T16:01:10","guid":{"rendered":"https:\/\/monde25.info\/index.php\/2026\/08\/31\/la-tourterelle-des-bois-classee-vulnerable-peut-a-nouveau-etre-chassee-en-france\/"},"modified":"2026-08-31T18:01:10","modified_gmt":"2026-08-31T16:01:10","slug":"la-tourterelle-des-bois-classee-vulnerable-peut-a-nouveau-etre-chassee-en-france","status":"publish","type":"post","link":"https:\/\/monde25.info\/index.php\/2026\/08\/31\/la-tourterelle-des-bois-classee-vulnerable-peut-a-nouveau-etre-chassee-en-france\/","title":{"rendered":"La tourterelle des bois, class\u00e9e \u00ab\u00a0vuln\u00e9rable\u00a0\u00bb, peut \u00e0 nouveau \u00eatre chass\u00e9e en France"},"content":{"rendered":"<p><img loading=\"lazy\" decoding=\"async\" src=\"https:\/\/reporterre.net\/local\/cache-vignettes\/L700xH466\/1200px-streptopelia-turtur-england-adult-8jpg-a23e5.webp?1788172848\" class=\"spip_logo\" width=\"700\" height=\"466\" alt=\"\" \/><\/p>\n<p>La chasse \u00e0 la tourterelle des bois a \u00e9t\u00e9 officiellement r\u00e9autoris\u00e9e par le gouvernement pour la saison 2026-2027. Un arr\u00eat\u00e9 minist\u00e9riel paru samedi 29\u00a0ao\u00fbt autorise les chasseurs \u00e0 tuer 12 000 tourterelles \u00e0 partir du 30\u00a0ao\u00fbt en France, sur l&rsquo;ensemble du territoire hexagonal. <br class=\"autobr\" \/><br \/>\nUn quota de chasse revu \u00e0 la hausse et qui fait bondir la Ligue pour la protection des oiseaux, inqui\u00e8te d&rsquo;une mesure qui ne prend pas en compte la r\u00e9alit\u00e9 scientifique des observations. \u00ab<small class=\"fine d-inline\">\u00a0<\/small>Cette d\u00e9cision repose sur\u00a0(\u2026)<\/p>\n<p>                    <a href=\"https:\/\/reporterre.net\/La-tourterelle-des-bois-classee-vulnerable-peut-a-nouveau-etre-chassee-en-France?utm_source=RSS&amp;utm_medium=RSS\">Lire la suite<\/a><\/p>\n<p>                    &#8211;<br \/>\n                        <a href=\"https:\/\/reporterre.net\/Breves-20\" rel=\"directory\">En bref<\/a><\/p>\n<p>                    \/<br \/>\n                        <a href=\"https:\/\/reporterre.net\/Animaux\" rel=\"tag\">Animaux<\/a><br \/>\n                    ,<br \/>\n                        <a href=\"https:\/\/reporterre.net\/Nature\" rel=\"tag\">Nature<\/a><br \/>\n                    ,<br \/>\n                        <a href=\"https:\/\/reporterre.net\/Chasse\" rel=\"tag\">Chasse<\/a><\/p>\n<p class=\"verinews-source\">Source : <a href=\"https:\/\/reporterre.net\/La-tourterelle-des-bois-classee-vulnerable-peut-a-nouveau-etre-chassee-en-France\" target=\"_blank\" rel=\"nofollow noopener\">Lire l\u2019article original<\/a><\/p>\n","protected":false},"excerpt":{"rendered":"<p>La chasse \u00e0 la tourterelle des bois a \u00e9t\u00e9 officiellement r\u00e9autoris\u00e9e par le gouvernement pour la saison 2026-2027. Un arr\u00eat\u00e9 minist\u00e9riel paru samedi 29\u00a0ao\u00fbt autorise les chasseurs \u00e0 tuer 12 000 tourterelles \u00e0 partir du\u2026<\/p>\n","protected":false},"author":1,"featured_media":27996,"comment_status":"open","ping_status":"open","sticky":false,"template":"","format":"standard","meta":{"footnotes":""},"categories":[1],"tags":[],"class_list":["post-31604","post","type-post","status-publish","format-standard","has-post-thumbnail","hentry","category-non-classe"],"_links":{"self":[{"href":"https:\/\/monde25.info\/index.php\/wp-json\/wp\/v2\/posts\/31604","targetHints":{"allow":["GET"]}}],"collection":[{"href":"https:\/\/monde25.info\/index.php\/wp-json\/wp\/v2\/posts"}],"about":[{"href":"https:\/\/monde25.info\/index.php\/wp-json\/wp\/v2\/types\/post"}],"author":[{"embeddable":true,"href":"https:\/\/monde25.info\/index.php\/wp-json\/wp\/v2\/users\/1"}],"replies":[{"embeddable":true,"href":"https:\/\/monde25.info\/index.php\/wp-json\/wp\/v2\/comments?post=31604"}],"version-history":[{"count":0,"href":"https:\/\/monde25.info\/index.php\/wp-json\/wp\/v2\/posts\/31604\/revisions"}],"wp:featuredmedia":[{"embeddable":true,"href":"https:\/\/monde25.info\/index.php\/wp-json\/wp\/v2\/media\/27996"}],"wp:attachment":[{"href":"https:\/\/monde25.info\/index.php\/wp-json\/wp\/v2\/media?parent=31604"}],"wp:term":[{"taxonomy":"category","embeddable":true,"href":"https:\/\/monde25.info\/index.php\/wp-json\/wp\/v2\/categories?post=31604"},{"taxonomy":"post_tag","embeddable":true,"href":"https:\/\/monde25.info\/index.php\/wp-json\/wp\/v2\/tags?post=31604"}],"curies":[{"name":"wp","href":"https:\/\/api.w.org\/{rel}","templated":true}]}}