{"id":31605,"date":"2026-08-31T18:40:58","date_gmt":"2026-08-31T16:40:58","guid":{"rendered":"https:\/\/monde25.info\/index.php\/2026\/08\/31\/la-1ere-reunion-du-pacte-de-defense-de-la-mecque-lundi-a-istanbul\/"},"modified":"2026-08-31T18:40:58","modified_gmt":"2026-08-31T16:40:58","slug":"la-1ere-reunion-du-pacte-de-defense-de-la-mecque-lundi-a-istanbul","status":"publish","type":"post","link":"https:\/\/monde25.info\/index.php\/2026\/08\/31\/la-1ere-reunion-du-pacte-de-defense-de-la-mecque-lundi-a-istanbul\/","title":{"rendered":"La 1\u00e8re r\u00e9union du pacte de d\u00e9fense de la Mecque lundi \u00e0 Istanbul"},"content":{"rendered":"<p>TRT Fran\u00e7ais. De hauts responsables des trois pays doivent discuter de la s\u00e9curit\u00e9 internationale, du renforcement des capacit\u00e9s de d\u00e9fense, de l\u2019interop\u00e9rabilit\u00e9 des forces arm\u00e9es, de la coop\u00e9ration dans l\u2019industrie de d\u00e9fense et de la lutte contre le terrorisme.<\/p>\n<p>The post <a href=\"https:\/\/reseauinternational.net\/la-1ere-reunion-du-pacte-de-defense-de-la-mecque-lundi-a-istanbul\/\">La 1\u00e8re r\u00e9union du pacte de d\u00e9fense de la Mecque lundi \u00e0 Istanbul<\/a> first appeared on <a href=\"https:\/\/reseauinternational.net\">R\u00e9seau International<\/a>.<\/p>\n<p class=\"verinews-source\">Source : <a href=\"https:\/\/reseauinternational.net\/la-1ere-reunion-du-pacte-de-defense-de-la-mecque-lundi-a-istanbul\/\" target=\"_blank\" rel=\"nofollow noopener\">Lire l\u2019article original<\/a><\/p>\n","protected":false},"excerpt":{"rendered":"<p>TRT Fran\u00e7ais. De hauts responsables des trois pays doivent discuter de la s\u00e9curit\u00e9 internationale, du renforcement des capacit\u00e9s de d\u00e9fense, de l\u2019interop\u00e9rabilit\u00e9 des forces arm\u00e9es, de la coop\u00e9ration dans l\u2019industrie de d\u00e9fense et de la\u2026<\/p>\n","protected":false},"author":1,"featured_media":27996,"comment_status":"open","ping_status":"open","sticky":false,"template":"","format":"standard","meta":{"footnotes":""},"categories":[1],"tags":[],"class_list":["post-31605","post","type-post","status-publish","format-standard","has-post-thumbnail","hentry","category-non-classe"],"_links":{"self":[{"href":"https:\/\/monde25.info\/index.php\/wp-json\/wp\/v2\/posts\/31605","targetHints":{"allow":["GET"]}}],"collection":[{"href":"https:\/\/monde25.info\/index.php\/wp-json\/wp\/v2\/posts"}],"about":[{"href":"https:\/\/monde25.info\/index.php\/wp-json\/wp\/v2\/types\/post"}],"author":[{"embeddable":true,"href":"https:\/\/monde25.info\/index.php\/wp-json\/wp\/v2\/users\/1"}],"replies":[{"embeddable":true,"href":"https:\/\/monde25.info\/index.php\/wp-json\/wp\/v2\/comments?post=31605"}],"version-history":[{"count":0,"href":"https:\/\/monde25.info\/index.php\/wp-json\/wp\/v2\/posts\/31605\/revisions"}],"wp:featuredmedia":[{"embeddable":true,"href":"https:\/\/monde25.info\/index.php\/wp-json\/wp\/v2\/media\/27996"}],"wp:attachment":[{"href":"https:\/\/monde25.info\/index.php\/wp-json\/wp\/v2\/media?parent=31605"}],"wp:term":[{"taxonomy":"category","embeddable":true,"href":"https:\/\/monde25.info\/index.php\/wp-json\/wp\/v2\/categories?post=31605"},{"taxonomy":"post_tag","embeddable":true,"href":"https:\/\/monde25.info\/index.php\/wp-json\/wp\/v2\/tags?post=31605"}],"curies":[{"name":"wp","href":"https:\/\/api.w.org\/{rel}","templated":true}]}}