{"id":31610,"date":"2026-08-31T22:00:57","date_gmt":"2026-08-31T20:00:57","guid":{"rendered":"https:\/\/monde25.info\/index.php\/2026\/08\/31\/un-des-fils-de-netanyahou-aurait-ete-exfiltre-des-etats-unis-en-raison-dune-menace-dattentat\/"},"modified":"2026-08-31T22:00:57","modified_gmt":"2026-08-31T20:00:57","slug":"un-des-fils-de-netanyahou-aurait-ete-exfiltre-des-etats-unis-en-raison-dune-menace-dattentat","status":"publish","type":"post","link":"https:\/\/monde25.info\/index.php\/2026\/08\/31\/un-des-fils-de-netanyahou-aurait-ete-exfiltre-des-etats-unis-en-raison-dune-menace-dattentat\/","title":{"rendered":"Un des fils de Netanyahou aurait \u00e9t\u00e9 exfiltr\u00e9 des \u00c9tats-Unis en raison d&#039;une menace d&#039;attentat"},"content":{"rendered":"<\/p>\n<p>Ya&iuml;r Netanyahou, le fils a&icirc;n&eacute; du Premier ministre isra&eacute;lien, aurait &eacute;t&eacute; <a href=\"https:\/\/www.mako.co.il\/news-world\/2026_q3\/Article-8f884f4f3ac30a1027.htm?Partner=searchResults\">exfiltr&eacute; d&rsquo;urgence<\/a> de sa r&eacute;sidence pr&egrave;s de Miami, aux &Eacute;tats-Unis, selon des informations&nbsp;de la cha&icirc;ne de t&eacute;l&eacute;vision isra&eacute;lienne Canal 12. &laquo;&nbsp;La menace &eacute;tait si s&eacute;rieuse qu&rsquo;il a &eacute;t&eacute; contraint d&rsquo;abandonner tous ses effets personnels&nbsp;&raquo;, a notamment pr&eacute;cis&eacute; la cha&icirc;ne.<\/p>\n<p>&laquo;&nbsp;Il y avait une menace importante pesant sur Ya&iuml;r Netanyahou, et &agrave; la lumi&egrave;re de cela et apr&egrave;s une &eacute;valuation, une d&eacute;cision a &eacute;t&eacute; prise avec l&rsquo;&eacute;quipe de s&eacute;curit&eacute; de le secourir d&rsquo;urgence et de le ramener en Isra&euml;l&nbsp;&raquo;, a d&eacute;clar&eacute; aupr&egrave;s de la m&ecirc;me source le Shin Bet, les services secrets isra&eacute;liens, selon des <a href=\"https:\/\/www.newsmax.com\/newsfront\/israel-netanyahu-son\/2026\/08\/29\/id\/1267733\/\">propos rapport&eacute;s<\/a> par le m&eacute;dia am&eacute;ricain Newsmax. Ce dernier a stipul&eacute; que le service isra&eacute;lien n&rsquo;avait alors pas pr&eacute;cis&eacute; la source de cette menace pesant sur le fils de Benjamin Netanyahou.<\/p>\n<h3>&laquo;&nbsp;L&rsquo;Iran a pris pour cible l&rsquo;un de mes fils&nbsp;&raquo;<\/h3>\n<p>Le 24 ao&ucirc;t, d&eacute;j&agrave; aupr&egrave;s de la cha&icirc;ne isra&eacute;lienne Canal 12, le chef du gouvernement isra&eacute;lien avait affirm&eacute; que l&rsquo;un de ses fils aurait &eacute;t&eacute; vis&eacute; par T&eacute;h&eacute;ran. &laquo;&nbsp;Il y a l&agrave; quelque chose d&rsquo;assez incroyable, oui. L&rsquo;Iran a pris pour cible l&rsquo;un de mes fils. L&rsquo;Iran a tent&eacute; de tuer l&rsquo;un de mes fils&nbsp;&raquo;, <a href=\"https:\/\/www.mako.co.il\/news-politics\/2026_q3\/Article-6462a8375a430a1027.htm\">avait affirm&eacute;<\/a>&nbsp;Benjamin Netanyahou, sans donner de d&eacute;tails. &laquo;&nbsp;Ses affirmations concernant les menaces d&rsquo;assassinat &eacute;taient impossibles &agrave; v&eacute;rifier de mani&egrave;re ind&eacute;pendante&nbsp;&raquo;, <a href=\"https:\/\/www.telegraph.co.uk\/world-news\/2026\/08\/25\/netanyahu-iran-tried-to-assassinate-my-son\/\" target=\"_blank\" rel=\"noopener noreferrer\">a&nbsp;pour sa part soulign&eacute;<\/a> le quotidien britannique <em>Telegraph<\/em>.<\/p>\n<p>Selon une source proche du dossier, cit&eacute;e dans Newsmax dans un article&nbsp;<a href=\"https:\/\/www.newsmax.com\/newsfront\/benjamin-netanyahu-son-target\/2026\/08\/25\/id\/1267264\/\">publi&eacute; le lendemain<\/a> de ces accusations de Netanyahou, le Shin Bet aurait appris l&rsquo;existence de ce&nbsp;&laquo;&nbsp;complot iranien&nbsp;&raquo; au mois de d&eacute;cembre dernier. Un projet d&rsquo;assassinat qui, &agrave; en croire ces sources isra&eacute;lienne et am&eacute;ricaine, serait ant&eacute;rieur &agrave; l&rsquo;agression am&eacute;ricano-isra&eacute;lienne lanc&eacute;e fin f&eacute;vrier contre l&rsquo;Iran et dans laquelle&nbsp;&ndash; notamment&nbsp;&ndash; le <a href=\"https:\/\/francais.rt.com\/international\/130919-israel-annonce-frappe-preventive-iran\">guide supr&ecirc;me<\/a> de la r&eacute;volution islamique, l&rsquo;ayatollah Ali Khamenei, avait &eacute;t&eacute; tu&eacute;.<\/p>\n<p class=\"verinews-source\">Source : <a href=\"https:\/\/francais.rt.com\/international\/137573-rapatriement-fils-netanyahou-menace-attentat\" target=\"_blank\" rel=\"nofollow noopener\">Lire l\u2019article original<\/a><\/p>\n","protected":false},"excerpt":{"rendered":"<p>Habitant \u00e0 Miami, Ya\u00efr Netanyahou, \u00e2g\u00e9 de 35 ans, aurait \u00e9t\u00e9 rapatri\u00e9 en Isra\u00ebl sur l\u2019initiative du Shin Bet, qui craignait pour sa s\u00e9curit\u00e9, a rapport\u00e9 un m\u00e9dia isra\u00e9lien. Le Premier ministre isra\u00e9lien avait affirm\u00e9\u2026<\/p>\n","protected":false},"author":1,"featured_media":31611,"comment_status":"open","ping_status":"open","sticky":false,"template":"","format":"standard","meta":{"footnotes":""},"categories":[1],"tags":[],"class_list":["post-31610","post","type-post","status-publish","format-standard","has-post-thumbnail","hentry","category-non-classe"],"_links":{"self":[{"href":"https:\/\/monde25.info\/index.php\/wp-json\/wp\/v2\/posts\/31610","targetHints":{"allow":["GET"]}}],"collection":[{"href":"https:\/\/monde25.info\/index.php\/wp-json\/wp\/v2\/posts"}],"about":[{"href":"https:\/\/monde25.info\/index.php\/wp-json\/wp\/v2\/types\/post"}],"author":[{"embeddable":true,"href":"https:\/\/monde25.info\/index.php\/wp-json\/wp\/v2\/users\/1"}],"replies":[{"embeddable":true,"href":"https:\/\/monde25.info\/index.php\/wp-json\/wp\/v2\/comments?post=31610"}],"version-history":[{"count":0,"href":"https:\/\/monde25.info\/index.php\/wp-json\/wp\/v2\/posts\/31610\/revisions"}],"wp:featuredmedia":[{"embeddable":true,"href":"https:\/\/monde25.info\/index.php\/wp-json\/wp\/v2\/media\/31611"}],"wp:attachment":[{"href":"https:\/\/monde25.info\/index.php\/wp-json\/wp\/v2\/media?parent=31610"}],"wp:term":[{"taxonomy":"category","embeddable":true,"href":"https:\/\/monde25.info\/index.php\/wp-json\/wp\/v2\/categories?post=31610"},{"taxonomy":"post_tag","embeddable":true,"href":"https:\/\/monde25.info\/index.php\/wp-json\/wp\/v2\/tags?post=31610"}],"curies":[{"name":"wp","href":"https:\/\/api.w.org\/{rel}","templated":true}]}}