{"id":31612,"date":"2026-08-31T22:41:02","date_gmt":"2026-08-31T20:41:02","guid":{"rendered":"https:\/\/monde25.info\/index.php\/2026\/08\/31\/nous-avons-gagne-grace-a-eux-de-villepin-veut-pantheoniser-un-tirailleur-senegalais\/"},"modified":"2026-08-31T22:41:02","modified_gmt":"2026-08-31T20:41:02","slug":"nous-avons-gagne-grace-a-eux-de-villepin-veut-pantheoniser-un-tirailleur-senegalais","status":"publish","type":"post","link":"https:\/\/monde25.info\/index.php\/2026\/08\/31\/nous-avons-gagne-grace-a-eux-de-villepin-veut-pantheoniser-un-tirailleur-senegalais\/","title":{"rendered":"\u00abNous avons gagn\u00e9 gr\u00e2ce \u00e0 eux\u00bb : de Villepin veut panth\u00e9oniser un tirailleur s\u00e9n\u00e9galais"},"content":{"rendered":"<p>&laquo;&nbsp;Un tirailleur s&eacute;n&eacute;galais&nbsp;&raquo;. Telle est la r&eacute;ponse de l&rsquo;ancien Premier ministre fran&ccedil;ais (2005&nbsp;&ndash; 2007) Dominique de Villepin lors d&rsquo;une interview sur la cha&icirc;ne BFMTV le 30 ao&ucirc;t. Celui-ci &eacute;tait interrog&eacute; sur la premi&egrave;re personne qu&rsquo;il ferait entrer au Panth&eacute;on s&rsquo;il &eacute;tait &eacute;lu pr&eacute;sident de la R&eacute;publique en 2027.<\/p>\n<p>&laquo;&nbsp;Parce que j&rsquo;aime bien que la France reconnaisse ses dettes&nbsp;&raquo;, a-t-il ajout&eacute; et d&rsquo;estimer que l&rsquo;histoire de France est &laquo;&nbsp;faite de beaucoup d&rsquo;ingratitude&nbsp;&raquo;, tout en &eacute;voquant les &laquo;&nbsp;gestes&nbsp;&raquo; effectu&eacute;s par les diff&eacute;rents pr&eacute;sidents fran&ccedil;ais depuis Jacques Chirac (1995 &#8211; 2007).<\/p>\n<div class=\"rtcode\">\n<blockquote class=\"twitter-tweet\">\n<p lang=\"fr\" dir=\"ltr\">Si Dominique de Villepin est \u00e9lu pr\u00e9sident, la premi\u00e8re personne qu&#039;il fera rentrer au Panth\u00e9on sera &quot;un tirailleur s\u00e9n\u00e9galais&quot; <a href=\"https:\/\/t.co\/XS825Aa6Tu\">pic.twitter.com\/XS825Aa6Tu<\/a><\/p>\n<p>&mdash; BFM (@BFMTV) <a href=\"https:\/\/x.com\/BFMTV\/status\/2094017964815044819?ref_src=twsrc%5Etfw\">August 30, 2026<\/a><\/p><\/blockquote>\n<\/div>\n<p>&laquo;&nbsp;La fa&ccedil;on dont nous les avons trait&eacute;s,&nbsp;le massacre de Thiaroye, je n&rsquo;oublie pas cela&nbsp;&raquo;, a ajout&eacute;&nbsp;cet ex-chef de la diplomatie fran&ccedil;aise (2002&nbsp;&ndash; 2004), apr&egrave;s avoir fait r&eacute;f&eacute;rence &agrave; la contribution faite par les&nbsp;contingents coloniaux&nbsp;lors des conflits mondiaux, et de renvoyer &agrave; un &eacute;pisode douloureux de la colonisation fran&ccedil;aise en Afrique de l&rsquo;Ouest.<\/p>\n<h3>L&rsquo;&Eacute;tat fran&ccedil;ais condamn&eacute;<\/h3>\n<p>En d&eacute;cembre 1944, dans le camp de&nbsp;Thiaroye, pr&egrave;s de Dakar, l&rsquo;arm&eacute;e fran&ccedil;aise avait abattu&nbsp;&ndash; &agrave; minima&nbsp;&ndash; plusieurs&nbsp;dizaines de tirailleurs originaires de pays ouest-africains rentrant de d&eacute;tention et qui r&eacute;clamaient leur solde. Un &laquo;&nbsp;massacre&nbsp;&raquo;, qu&rsquo;avait reconnu, en novembre 2024, &agrave; l&rsquo;approche du 80e anniversaire de ces &eacute;v&eacute;nements, le pr&eacute;sident fran&ccedil;ais Emmanuel Macron.<\/p>\n<p>Des&nbsp;&eacute;v&egrave;nements, autour desquels de nombreuses zones d&rsquo;ombre persistent, dont le traumatisme reste vif au S&eacute;n&eacute;gal ainsi que dans les pays d&rsquo;origine de ces soldats, tels que le Mali,&nbsp;la&nbsp;C&ocirc;te d&rsquo;Ivoire,&nbsp;la Guin&eacute;e ainsi que le Burkina Faso.<\/p>\n<p>Fin mars, le tribunal administratif de Paris avait condamn&eacute; l&rsquo;&Eacute;tat fran&ccedil;ais, estimant que les autorit&eacute;s fran&ccedil;aises avaient &laquo;&nbsp;d&eacute;livr&eacute; plusieurs informations erron&eacute;es&nbsp;&raquo; &agrave; la famille de l&rsquo;un des soldats abattus ce jour-l&agrave;, et n&rsquo;avaient &laquo;&nbsp;pas mis en &oelig;uvre tous les moyens [&#8230;] &agrave; leur disposition pour faire la lumi&egrave;re sur les circonstances pr&eacute;cises de sa mort&nbsp;&raquo;.<\/p>\n<\/p>\n<p class=\"verinews-source\">Source : <a href=\"https:\/\/francais.rt.com\/france\/137576-villepin-reconnaissance-contribution-africains-conflits\" target=\"_blank\" rel=\"nofollow noopener\">Lire l\u2019article original<\/a><\/p>\n","protected":false},"excerpt":{"rendered":"<p>L\u2019ancien Premier ministre de Jacques Chirac a assur\u00e9 le 30 ao\u00fbt que sa premi\u00e8re panth\u00e9onisation serait celle d\u2019un ancien combattant africain. Il est notamment revenu sur le massacre de Thiaroye, perp\u00e9tr\u00e9 par les troupes fran\u00e7aises,\u2026<\/p>\n","protected":false},"author":1,"featured_media":31613,"comment_status":"open","ping_status":"open","sticky":false,"template":"","format":"standard","meta":{"footnotes":""},"categories":[1],"tags":[],"class_list":["post-31612","post","type-post","status-publish","format-standard","has-post-thumbnail","hentry","category-non-classe"],"_links":{"self":[{"href":"https:\/\/monde25.info\/index.php\/wp-json\/wp\/v2\/posts\/31612","targetHints":{"allow":["GET"]}}],"collection":[{"href":"https:\/\/monde25.info\/index.php\/wp-json\/wp\/v2\/posts"}],"about":[{"href":"https:\/\/monde25.info\/index.php\/wp-json\/wp\/v2\/types\/post"}],"author":[{"embeddable":true,"href":"https:\/\/monde25.info\/index.php\/wp-json\/wp\/v2\/users\/1"}],"replies":[{"embeddable":true,"href":"https:\/\/monde25.info\/index.php\/wp-json\/wp\/v2\/comments?post=31612"}],"version-history":[{"count":0,"href":"https:\/\/monde25.info\/index.php\/wp-json\/wp\/v2\/posts\/31612\/revisions"}],"wp:featuredmedia":[{"embeddable":true,"href":"https:\/\/monde25.info\/index.php\/wp-json\/wp\/v2\/media\/31613"}],"wp:attachment":[{"href":"https:\/\/monde25.info\/index.php\/wp-json\/wp\/v2\/media?parent=31612"}],"wp:term":[{"taxonomy":"category","embeddable":true,"href":"https:\/\/monde25.info\/index.php\/wp-json\/wp\/v2\/categories?post=31612"},{"taxonomy":"post_tag","embeddable":true,"href":"https:\/\/monde25.info\/index.php\/wp-json\/wp\/v2\/tags?post=31612"}],"curies":[{"name":"wp","href":"https:\/\/api.w.org\/{rel}","templated":true}]}}