{"id":31618,"date":"2026-09-01T00:40:59","date_gmt":"2026-08-31T22:40:59","guid":{"rendered":"https:\/\/monde25.info\/index.php\/2026\/09\/01\/contre-les-musulmans-pour-les-autres-le-lapsus-qui-demontre-lislamophobie-du-rn\/"},"modified":"2026-09-01T00:40:59","modified_gmt":"2026-08-31T22:40:59","slug":"contre-les-musulmans-pour-les-autres-le-lapsus-qui-demontre-lislamophobie-du-rn","status":"publish","type":"post","link":"https:\/\/monde25.info\/index.php\/2026\/09\/01\/contre-les-musulmans-pour-les-autres-le-lapsus-qui-demontre-lislamophobie-du-rn\/","title":{"rendered":"\u00ab Contre les musulmans, pour les autres \u00bb : le lapsus qui d\u00e9montre l\u2019islamophobie du RN"},"content":{"rendered":"<p><img loading=\"lazy\" decoding=\"async\" width=\"768\" height=\"432\" src=\"https:\/\/i0.wp.com\/www.lelibrepenseur.org\/wp-content\/uploads\/2026\/08\/content-54.jpg?fit=768%2C432&amp;ssl=1\" class=\"webfeedsFeaturedVisual wp-post-image\" alt=\"\u00ab Contre les musulmans, pour les autres \u00bb : le lapsus qui d\u00e9montre l&apos;islamophobie du RN\" style=\"display: block;margin-bottom: 5px;clear:both;max-width: 100%\" data-attachment-id=\"6068771\" data-permalink=\"https:\/\/www.lelibrepenseur.org\/islamophobie-voile-rn\/content-54\/\" data-orig-file=\"https:\/\/i0.wp.com\/www.lelibrepenseur.org\/wp-content\/uploads\/2026\/08\/content-54.jpg?fit=1672%2C941&amp;ssl=1\" data-orig-size=\"1672,941\" data-comments-opened=\"1\" data-image-meta=\"{&quot;aperture&quot;:&quot;0&quot;,&quot;credit&quot;:&quot;&quot;,&quot;camera&quot;:&quot;&quot;,&quot;caption&quot;:&quot;&quot;,&quot;created_timestamp&quot;:&quot;0&quot;,&quot;copyright&quot;:&quot;&quot;,&quot;focal_length&quot;:&quot;0&quot;,&quot;iso&quot;:&quot;0&quot;,&quot;shutter_speed&quot;:&quot;0&quot;,&quot;title&quot;:&quot;&quot;,&quot;orientation&quot;:&quot;0&quot;,&quot;alt&quot;:&quot;&quot;}\" data-image-title=\"\u00ab Contre les musulmans, pour les autres \u00bb : le lapsus qui d\u00e9montre l&amp;rsquo;islamophobie du RN\" data-image-description=\"&lt;p&gt;\u00ab Contre les musulmans, pour les autres \u00bb : le lapsus qui d\u00e9montre l&amp;rsquo;islamophobie du RN&lt;\/p&gt;\n\" data-image-caption=\"&lt;p&gt;\u00ab Contre les musulmans, pour les autres \u00bb : le lapsus qui d\u00e9montre l&amp;rsquo;islamophobie du RN&lt;\/p&gt;\n\" data-medium-file=\"https:\/\/i0.wp.com\/www.lelibrepenseur.org\/wp-content\/uploads\/2026\/08\/content-54.jpg?fit=300%2C169&amp;ssl=1\" data-large-file=\"https:\/\/i0.wp.com\/www.lelibrepenseur.org\/wp-content\/uploads\/2026\/08\/content-54.jpg?fit=1024%2C576&amp;ssl=1\" \/><\/p>\n<div class=\"intro-text\">\n<p><span class=\"css-1jxf684 r-bcqeeo r-1ttztb7 r-qvutc0 r-poiln3 r-1adg3ll r-1x3r274 r-p1pxzi\"><span class=\"css-1jxf684 r-bcqeeo r-1ttztb7 r-qvutc0 r-poiln3\"><span class=\"css-1jxf684 r-bcqeeo r-1ttztb7 r-qvutc0 r-poiln3 r-1x3r274\"><span class=\"dropcap \" style=\"background-color: #ffffff;color: #000000;border-color: #ffffff\"><strong>C\u2019<\/strong><\/span>est un lapsus, et il est lourd, tr\u00e8s lourd. De l&rsquo;islamophobie chimiquement pure ! <\/span><\/span><\/span><span class=\"css-1jxf684 r-bcqeeo r-1ttztb7 r-qvutc0 r-poiln3 r-1x3r274\">La phrase telle qu\u2019elle est sortie sur le plateau de <a href=\"https:\/\/x.com\/AlertesInfos\/status\/2094389486889074948\">BFM<\/a> est la suivante : \u00ab<strong><em> On respecte la libert\u00e9 religieuse, que ce soit <\/em><\/strong><\/span><strong><em><span class=\"css-1jxf684 r-bcqeeo r-1ttztb7 r-qvutc0 r-poiln3 r-b88u0q r-1x3r274\"><span class=\"css-1jxf684 r-bcqeeo r-1ttztb7 r-qvutc0 r-poiln3 r-1-1x3r274\">contre<\/span><\/span><\/em><\/strong><span class=\"css-1jxf684 r-bcqeeo r-1ttztb7 r-qvutc0 r-poiln3 r-1x3r274\"><strong><em> les musulmans, pour les juifs ou pour les chr\u00e9tiens<\/em><\/strong> \u00bb ! Elle est grammaticalement et politiquement incoh\u00e9rente. On ne \u00ab respecte \u00bb pas une libert\u00e9 \u00ab\u00a0<\/span><span class=\"css-1jxf684 r-bcqeeo r-1ttztb7 r-qvutc0 r-poiln3 r-1x3r274 r-36ujnk\"><span class=\"css-1jxf684 r-bcqeeo r-1ttztb7 r-qvutc0 r-poiln3 r-1x3r274\"><strong>contre<\/strong>\u00ab\u00a0<\/span><\/span><span class=\"css-1jxf684 r-bcqeeo r-1ttztb7 r-qvutc0 r-poiln3 r-1x3r274\"> un groupe. Le mot attendu \u00e9tait clairement \u00ab pour \u00bb. Le \u00ab contre \u00bb qui a gliss\u00e9 r\u00e9v\u00e8le, au minimum, une formulation malheureuse au moment o\u00f9 le RN d\u00e9fend des mesures ciblant sp\u00e9cifiquement le voile dans l\u2019espace public !\u00a0 Cette situation soul\u00e8ve des questions d\u2019islamophobie !<\/span><\/p>\n<p><span class=\"css-1jxf684 r-bcqeeo r-1ttztb7 r-qvutc0 r-poiln3\">Effectivement, le RN a affirm\u00e9 que le port du voile sera \u00ab\u00a0<strong>sanctionn\u00e9<\/strong>\u00a0\u00bb par une amende, au m\u00eame titre que \u00ab\u00a0<em>les gens qui ne mettent pas de ceinture de s\u00e9curit\u00e9<\/em>\u00ab\u00a0, si la voleuse condamn\u00e9e Marine Le Pen gagne la pr\u00e9sidentielle, dixit le guignol de J<\/span><span class=\"css-1jxf684 r-bcqeeo r-1ttztb7 r-qvutc0 r-poiln3 r-b88u0q\">ean-Philippe Tanguy,<\/span><span class=\"css-1jxf684 r-bcqeeo r-1ttztb7 r-qvutc0 r-poiln3\"> sur cette m\u00eame cha\u00eene poubelle de BFMTV !<\/span><\/p>\n<p><span class=\"css-1jxf684 r-bcqeeo r-1ttztb7 r-qvutc0 r-poiln3 r-1adg3ll r-1g7jtus r-1x3r274\"><span class=\"css-1jxf684 r-bcqeeo r-1ttztb7 r-qvutc0 r-poiln3\"><span class=\"css-1jxf684 r-bcqeeo r-1ttztb7 r-qvutc0 r-poiln3 r-1x3r274\">C\u2019est une phrase clairement hostile dans sa formulation : elle place les musulmans dans une cat\u00e9gorie \u00e0 part, comme un objet d\u2019opposition plut\u00f4t que comme des citoyens titulaires de la m\u00eame libert\u00e9 religieuse que les autres. C\u2019est pr\u00e9cis\u00e9ment ce que beaucoup retiennent comme aveu involontaire : une la\u00efcit\u00e9 \u00e0 g\u00e9om\u00e9trie variable.<\/span><\/span><\/span><\/p>\n<h3><strong>L\u2019islamophobie dans les d\u00e9clarations politiques devient de plus en plus assum\u00e9e<\/strong><\/h3>\n<p><span class=\"css-1jxf684 r-bcqeeo r-1ttztb7 r-qvutc0 r-poiln3 r-1adg3ll r-1x3r274 r-p1pxzi\"><span class=\"css-1jxf684 r-bcqeeo r-1ttztb7 r-qvutc0 r-poiln3\"><span class=\"css-1jxf684 r-bcqeeo r-1ttztb7 r-qvutc0 r-poiln3 r-1x3r274\">Kotarac et le RN distinguent habituellement \u00ab musulmans \u00bb et \u00ab islamisme \u00bb. Ici, le lapsus a brouill\u00e9 cette distinction en direct. D\u2019o\u00f9 la viralit\u00e9 de la vid\u00e9o : ce n\u2019est pas seulement une maladresse de langage, c\u2019est une maladresse qui confirme, pour ses d\u00e9tracteurs, une hostilit\u00e9 plus large. Pour ses d\u00e9fenseurs, ce n\u2019est qu\u2019un bafouillage sous pression.\u00a0<\/span><\/span><\/span><\/p>\n<p>C&rsquo;est d&rsquo;autant plus ridicule que la soci\u00e9t\u00e9 fran\u00e7aise fait face \u00e0 des p\u00e9rils bien plus graves et dangereux qui rendent la vie des Fran\u00e7ais de plus en plus compliqu\u00e9e. Mais pour le RN, seuls le voile et les musulmans repr\u00e9sentent une priorit\u00e9 politique ! Tout pour diviser encore plus la nation et la jeter dans la guerre civile ! C&rsquo;est tout de m\u00eame comique de voir les membres d&rsquo;un parti, condamn\u00e9s pour avoir vol\u00e9 des millions d&rsquo;euros, nous faire des le\u00e7ons de morale !<\/p>\n<p>On imagine qu&rsquo;ils ne feront pas la m\u00eame chose avec les porteurs de kippa ou de <em><strong>frumka<\/strong> <\/em>? Qu&rsquo;en est-il des s\u0153urs chr\u00e9tiennes voil\u00e9es ? Que dire du principe de la\u00efcit\u00e9 dont on est bassin\u00e9s \u00e0 longueur de journ\u00e9e ?<\/p>\n<p>La situation est d&rsquo;autant plus pr\u00e9occupante pour les musulmans car les autres partis politiques dits non extr\u00eames font exactement la m\u00eame chose depuis plusieurs ann\u00e9es en commen\u00e7ant par la <a href=\"https:\/\/www.lelibrepenseur.org\/islamophobie-sophie-primas-porte-parole-du-gouvernement-explique-comment-elle-a-vote-une-loi-qui-ne-sert-a-rien\/\">macronie<\/a>.<\/p>\n<hr \/>\n<div style=\"width: 1024px\" class=\"wp-video\"><video class=\"wp-video-shortcode\" id=\"video-6068760-1\" width=\"1024\" height=\"576\" preload=\"metadata\" controls=\"controls\"><a href=\"https:\/\/www.lelibrepenseur.org\/wp-content\/uploads\/2026\/08\/Bcp2xUHgR-XsdlVT.mp4\">https:\/\/www.lelibrepenseur.org\/wp-content\/uploads\/2026\/08\/Bcp2xUHgR-XsdlVT.mp4<\/a><\/video><\/div>\n<\/div>\n<p>L\u2019article <a rel=\"nofollow\" href=\"https:\/\/www.lelibrepenseur.org\/islamophobie-voile-rn\/\">\u00ab Contre les musulmans, pour les autres \u00bb : le lapsus qui d\u00e9montre l&rsquo;islamophobie du RN<\/a> est apparu en premier sur <a rel=\"nofollow\" href=\"https:\/\/www.lelibrepenseur.org\">Le Libre Penseur<\/a>.<\/p>\n<p class=\"verinews-source\">Source : <a href=\"https:\/\/www.lelibrepenseur.org\/islamophobie-voile-rn\/\" target=\"_blank\" rel=\"nofollow noopener\">Lire l\u2019article original<\/a><\/p>\n","protected":false},"excerpt":{"rendered":"<p>C\u2019est un lapsus, et il est lourd, tr\u00e8s lourd. De l&#8217;islamophobie chimiquement pure ! La phrase telle qu\u2019elle est sortie sur le plateau de BFM est la suivante : \u00ab On respecte la libert\u00e9 religieuse,\u2026<\/p>\n","protected":false},"author":1,"featured_media":31619,"comment_status":"open","ping_status":"open","sticky":false,"template":"","format":"standard","meta":{"footnotes":""},"categories":[1],"tags":[],"class_list":["post-31618","post","type-post","status-publish","format-standard","has-post-thumbnail","hentry","category-non-classe"],"_links":{"self":[{"href":"https:\/\/monde25.info\/index.php\/wp-json\/wp\/v2\/posts\/31618","targetHints":{"allow":["GET"]}}],"collection":[{"href":"https:\/\/monde25.info\/index.php\/wp-json\/wp\/v2\/posts"}],"about":[{"href":"https:\/\/monde25.info\/index.php\/wp-json\/wp\/v2\/types\/post"}],"author":[{"embeddable":true,"href":"https:\/\/monde25.info\/index.php\/wp-json\/wp\/v2\/users\/1"}],"replies":[{"embeddable":true,"href":"https:\/\/monde25.info\/index.php\/wp-json\/wp\/v2\/comments?post=31618"}],"version-history":[{"count":0,"href":"https:\/\/monde25.info\/index.php\/wp-json\/wp\/v2\/posts\/31618\/revisions"}],"wp:featuredmedia":[{"embeddable":true,"href":"https:\/\/monde25.info\/index.php\/wp-json\/wp\/v2\/media\/31619"}],"wp:attachment":[{"href":"https:\/\/monde25.info\/index.php\/wp-json\/wp\/v2\/media?parent=31618"}],"wp:term":[{"taxonomy":"category","embeddable":true,"href":"https:\/\/monde25.info\/index.php\/wp-json\/wp\/v2\/categories?post=31618"},{"taxonomy":"post_tag","embeddable":true,"href":"https:\/\/monde25.info\/index.php\/wp-json\/wp\/v2\/tags?post=31618"}],"curies":[{"name":"wp","href":"https:\/\/api.w.org\/{rel}","templated":true}]}}