{"id":31621,"date":"2026-09-01T04:41:05","date_gmt":"2026-09-01T02:41:05","guid":{"rendered":"https:\/\/monde25.info\/index.php\/2026\/09\/01\/on-veut-de-la-vegetation-on-veut-de-la-consideration-dans-les-quartiers-populaires-lfi-mobilise-pour-2027\/"},"modified":"2026-09-01T04:41:05","modified_gmt":"2026-09-01T02:41:05","slug":"on-veut-de-la-vegetation-on-veut-de-la-consideration-dans-les-quartiers-populaires-lfi-mobilise-pour-2027","status":"publish","type":"post","link":"https:\/\/monde25.info\/index.php\/2026\/09\/01\/on-veut-de-la-vegetation-on-veut-de-la-consideration-dans-les-quartiers-populaires-lfi-mobilise-pour-2027\/","title":{"rendered":"\u00ab\u00a0On veut de la v\u00e9g\u00e9tation, on veut de la consid\u00e9ration\u00a0\u00bb\u00a0: dans les quartiers populaires, LFI mobilise pour 2027"},"content":{"rendered":"<p><img loading=\"lazy\" decoding=\"async\" src=\"https:\/\/reporterre.net\/local\/cache-vignettes\/L700xH467\/20260828_reporterre_alliance_des_numeros_10_016-542b2.jpg?1788185083\" class=\"spip_logo\" width=\"700\" height=\"467\" alt=\"\" \/><\/p>\n<p>Le maire de Saint-Denis, Bally Bagayoko, a pr\u00e9sent\u00e9 l&rsquo;\u00ab<small class=\"fine d-inline\">\u00a0<\/small>Alliance des num\u00e9ros 10<small class=\"fine d-inline\">\u00a0<\/small>\u00bb en vue de la pr\u00e9sidentielle de 2027. Cette initiative s&rsquo;adresse aux quartiers populaires pour mobiliser contre l&rsquo;abstention et l&rsquo;extr\u00eame droite. <br class=\"autobr\" \/><br \/>\nSaint-Denis (Seine-Saint-Denis), reportage <br class=\"autobr\" \/><br \/>\nDans la foule, une bonne dizaine de maillots de football bleu \u00e9lectrique, floqu\u00e9s \u00ab<small class=\"fine d-inline\">\u00a0<\/small>M\u00e9lenchon\u00a027<small class=\"fine d-inline\">\u00a0<\/small>\u00bb. \u00c0 la sono, des morceaux du rappeur Jul s&rsquo;encha\u00eenent avec des classiques du hip hop des Fugees. Le nom de l&rsquo;\u00e9v\u00e9nement,\u00a0(\u2026)<\/p>\n<p>                    <a href=\"https:\/\/reporterre.net\/Pour-mobiliser-les-quartiers-populaires-La-France-insoumise-presente-l-Alliance-des-numeros-10?utm_source=RSS&amp;utm_medium=RSS\">Lire la suite<\/a><\/p>\n<p>                    &#8211;<br \/>\n                        <a href=\"https:\/\/reporterre.net\/Reportage\" rel=\"directory\">Reportage<\/a><\/p>\n<p>                    \/<br \/>\n                        <a href=\"https:\/\/reporterre.net\/Politique\" rel=\"tag\">Politique<\/a><br \/>\n                    ,<br \/>\n                        <a href=\"https:\/\/reporterre.net\/Presidentielle\" rel=\"tag\">Pr\u00e9sidentielle<\/a><\/p>\n<p class=\"verinews-source\">Source : <a href=\"https:\/\/reporterre.net\/Pour-mobiliser-les-quartiers-populaires-La-France-insoumise-presente-l-Alliance-des-numeros-10\" target=\"_blank\" rel=\"nofollow noopener\">Lire l\u2019article original<\/a><\/p>\n","protected":false},"excerpt":{"rendered":"<p>Le maire de Saint-Denis, Bally Bagayoko, a pr\u00e9sent\u00e9 l&rsquo;\u00ab\u00a0Alliance des num\u00e9ros 10\u00a0\u00bb en vue de la pr\u00e9sidentielle de 2027. Cette initiative s&rsquo;adresse aux quartiers populaires pour mobiliser contre l&rsquo;abstention et l&rsquo;extr\u00eame droite. Saint-Denis (Seine-Saint-Denis), reportage\u2026<\/p>\n","protected":false},"author":1,"featured_media":27996,"comment_status":"open","ping_status":"open","sticky":false,"template":"","format":"standard","meta":{"footnotes":""},"categories":[1],"tags":[],"class_list":["post-31621","post","type-post","status-publish","format-standard","has-post-thumbnail","hentry","category-non-classe"],"_links":{"self":[{"href":"https:\/\/monde25.info\/index.php\/wp-json\/wp\/v2\/posts\/31621","targetHints":{"allow":["GET"]}}],"collection":[{"href":"https:\/\/monde25.info\/index.php\/wp-json\/wp\/v2\/posts"}],"about":[{"href":"https:\/\/monde25.info\/index.php\/wp-json\/wp\/v2\/types\/post"}],"author":[{"embeddable":true,"href":"https:\/\/monde25.info\/index.php\/wp-json\/wp\/v2\/users\/1"}],"replies":[{"embeddable":true,"href":"https:\/\/monde25.info\/index.php\/wp-json\/wp\/v2\/comments?post=31621"}],"version-history":[{"count":0,"href":"https:\/\/monde25.info\/index.php\/wp-json\/wp\/v2\/posts\/31621\/revisions"}],"wp:featuredmedia":[{"embeddable":true,"href":"https:\/\/monde25.info\/index.php\/wp-json\/wp\/v2\/media\/27996"}],"wp:attachment":[{"href":"https:\/\/monde25.info\/index.php\/wp-json\/wp\/v2\/media?parent=31621"}],"wp:term":[{"taxonomy":"category","embeddable":true,"href":"https:\/\/monde25.info\/index.php\/wp-json\/wp\/v2\/categories?post=31621"},{"taxonomy":"post_tag","embeddable":true,"href":"https:\/\/monde25.info\/index.php\/wp-json\/wp\/v2\/tags?post=31621"}],"curies":[{"name":"wp","href":"https:\/\/api.w.org\/{rel}","templated":true}]}}